{"id":74716,"date":"2021-05-19T20:58:58","date_gmt":"2021-05-19T20:58:58","guid":{"rendered":"http:\/\/folhadosudeste.com\/site\/?p=74716"},"modified":"2021-05-19T20:58:58","modified_gmt":"2021-05-19T20:58:58","slug":"faminas-e-tjmg-abrem-inscricoes-para-mutirao-do-casamento-civil","status":"publish","type":"post","link":"https:\/\/folhadosudeste.com\/site\/?p=74716","title":{"rendered":"FAMINAS e TJMG abrem inscri\u00e7\u00f5es para Mutir\u00e3o do Casamento Civil"},"content":{"rendered":"<p><a href=\"http:\/\/folhadosudeste.com\/site\/wp-content\/uploads\/2021\/05\/Mutir\u00e3o-do-Casamento-Civil.jpg\"><img loading=\"lazy\" decoding=\"async\" class=\"alignnone size-full wp-image-74717\" src=\"http:\/\/folhadosudeste.com\/site\/wp-content\/uploads\/2021\/05\/Mutir\u00e3o-do-Casamento-Civil.jpg\" alt=\"\" width=\"1081\" height=\"1081\" srcset=\"https:\/\/folhadosudeste.com\/site\/wp-content\/uploads\/2021\/05\/Mutir\u00e3o-do-Casamento-Civil.jpg 1081w, https:\/\/folhadosudeste.com\/site\/wp-content\/uploads\/2021\/05\/Mutir\u00e3o-do-Casamento-Civil-150x150.jpg 150w, https:\/\/folhadosudeste.com\/site\/wp-content\/uploads\/2021\/05\/Mutir\u00e3o-do-Casamento-Civil-300x300.jpg 300w, https:\/\/folhadosudeste.com\/site\/wp-content\/uploads\/2021\/05\/Mutir\u00e3o-do-Casamento-Civil-768x768.jpg 768w, https:\/\/folhadosudeste.com\/site\/wp-content\/uploads\/2021\/05\/Mutir\u00e3o-do-Casamento-Civil-1024x1024.jpg 1024w\" sizes=\"auto, (max-width: 1081px) 100vw, 1081px\" \/><\/a><\/p>\n<div>Est\u00e3o abertas as inscri\u00e7\u00f5es para o Mutir\u00e3o do Casamento Civil, uma a\u00e7\u00e3o desenvolvida pelo Centro Universit\u00e1rio FAMINAS, atrav\u00e9s do N\u00facleo de Pr\u00e1ticas Jur\u00eddicas (NPJ) do curso de Direito, e o Tribunal de Justi\u00e7a de Minas Gerais (TJMG). O objetivo \u00e9 a regulariza\u00e7\u00e3o do estado civil de casais que vivem juntos h\u00e1 mais de um ano, como se j\u00e1 fossem casados, de forma gratuita.<\/div>\n<div>&nbsp;<\/div>\n<div>A iniciativa, que vai converter a uni\u00e3o est\u00e1vel em casamento civil, tem como parceiros o Cart\u00f3rio de Registro Civil de Pessoas Naturais de Muria\u00e9, o Centro Judici\u00e1rio de Solu\u00e7\u00e3o de Conflitos e Cidadania (Cejusc) e a Ordem dos Advogados do Brasil (OAB) \u2013 36\u00aa Subse\u00e7\u00e3o Muria\u00e9.<\/div>\n<div>&nbsp;<\/div>\n<p><!--more--><\/p>\n<div>&nbsp;<\/div>\n<div>Os interessados podem se inscrever at\u00e9 o dia 11\/6, na sede do NPJ, sempre de segunda a sexta-feira, das 13h \u00e0s 17h. \u00c9 necess\u00e1rio estar em posse dos seguintes documentos:<\/div>\n<div>&nbsp;<\/div>\n<div>&#8211; C\u00f3pia dos documentos de identidade e CPF do casal (os documentos originais devem ser apresentados para confer\u00eancia);<\/div>\n<div>&#8211; C\u00f3pia do comprovante de resid\u00eancia atualizado;<\/div>\n<div>&#8211; Comprovante de renda;<\/div>\n<div>&#8211; C\u00f3pia da certid\u00e3o de nascimento dos filhos em comum, caso haja;<\/div>\n<div>&#8211; C\u00f3pia do documento de identidade, CPF e comprovante de resid\u00eancia de duas testemunhas, que n\u00e3o poder\u00e3o ser parentes do casal;<\/div>\n<div>&#8211; Para quem possui estado civil solteiro, \u00e9 preciso apresentar certid\u00e3o de nascimento original, expedida h\u00e1 menos de 90 dias;<\/div>\n<div>&#8211; J\u00e1 aqueles que s\u00e3o divorciados devem estar com a certid\u00e3o de casamento original, com div\u00f3rcio averbado, expedida h\u00e1 menos de 90 dias;<\/div>\n<div>&#8211; Por fim, vi\u00favos devem apresentar a certid\u00e3o atualizada do casamento anterior e certid\u00e3o de \u00f3bito original do c\u00f4njuge falecido, ambas expedidas h\u00e1 menos de 90 dias.<\/div>\n<div>&nbsp;<\/div>\n<div>Al\u00e9m disso, \u00e9 importante que o casal atenda aos seguintes pr\u00e9-requisitos: ser maior de 18 anos, morar na regi\u00e3o de Muria\u00e9, ter renda familiar inferior a dois sal\u00e1rios m\u00ednimos e estar convivendo em uni\u00e3o est\u00e1vel, de fato, h\u00e1 mais de um ano.<\/div>\n<div>&nbsp;<\/div>\n<div>Informa\u00e7\u00f5es sobre a cerim\u00f4nia ser\u00e3o divulgadas em breve, inclusive considerando os protocolos sanit\u00e1rios dentro da situa\u00e7\u00e3o epidemiol\u00f3gica vigente.<\/div>\n<div>&nbsp;<\/div>\n<div>\u201cO Mutir\u00e3o do Casamento Civil \u00e9 um marco para a inclus\u00e3o social, trazendo benef\u00edcios para casais em situa\u00e7\u00e3o de hipossufici\u00eancia econ\u00f4mica, que n\u00e3o t\u00eam a uni\u00e3o oficializada, resgatando, entre outros, a autoestima. Assim, queremos tornar poss\u00edvel ao cidad\u00e3o o pleno exerc\u00edcio da cidadania, al\u00e9m de fortalecer o v\u00ednculo familiar desses casais que ser\u00e3o contemplados\u201d afirma Margarida Esp\u00f3sito, coordenadora do curso de Direito da FAMINAS.<\/div>\n<div>&nbsp;<\/div>\n<div>O NPJ fica localizado \u00e0 Rua Cel. Domiciano, 12, 2\u00ba andar, no Centro. Mais informa\u00e7\u00f5es podem ser obtidas atrav\u00e9s do telefone (32) 3729-7549.<\/div>\n<div>&nbsp;<\/div>\n<div><b>Parceria entre FAMINAS e TJMG&nbsp;<\/b>\u2013 Com a inaugura\u00e7\u00e3o da nova sede de seu N\u00facleo de Pr\u00e1ticas Jur\u00eddicas, agora no Centro da cidade, o Centro Universit\u00e1rio FAMINAS tamb\u00e9m fortaleceu uma parceria com o Tribunal de Justi\u00e7a de Minas Gerais.<\/div>\n<div>&nbsp;<\/div>\n<p>Um Posto de Atendimento Pr\u00e9-processual (Papre), unidade do TJMG, foi instalado nas depend\u00eancias do NPJ no final de abril e, desde ent\u00e3o, vem conciliar demandas que ainda n\u00e3o se tornaram judiciais, incentivando a resolu\u00e7\u00e3o de conflitos por meio do di\u00e1logo e da negocia\u00e7\u00e3o, e, assim, contribuindo para desafogamento da Judici\u00e1rio.<\/p>\n<p><a href=\"http:\/\/folhadosudeste.com\/site\/wp-content\/uploads\/2021\/05\/N\u00facleo-de-Pr\u00e1ticas-Jur\u00eddicas-NPJ-do-Centro-Universit\u00e1rio-FAMINAS.jpg\"><img loading=\"lazy\" decoding=\"async\" class=\"alignnone size-full wp-image-74718\" src=\"http:\/\/folhadosudeste.com\/site\/wp-content\/uploads\/2021\/05\/N\u00facleo-de-Pr\u00e1ticas-Jur\u00eddicas-NPJ-do-Centro-Universit\u00e1rio-FAMINAS.jpg\" alt=\"\" width=\"2048\" height=\"1532\" srcset=\"https:\/\/folhadosudeste.com\/site\/wp-content\/uploads\/2021\/05\/N\u00facleo-de-Pr\u00e1ticas-Jur\u00eddicas-NPJ-do-Centro-Universit\u00e1rio-FAMINAS.jpg 2048w, https:\/\/folhadosudeste.com\/site\/wp-content\/uploads\/2021\/05\/N\u00facleo-de-Pr\u00e1ticas-Jur\u00eddicas-NPJ-do-Centro-Universit\u00e1rio-FAMINAS-300x224.jpg 300w, https:\/\/folhadosudeste.com\/site\/wp-content\/uploads\/2021\/05\/N\u00facleo-de-Pr\u00e1ticas-Jur\u00eddicas-NPJ-do-Centro-Universit\u00e1rio-FAMINAS-768x574.jpg 768w, https:\/\/folhadosudeste.com\/site\/wp-content\/uploads\/2021\/05\/N\u00facleo-de-Pr\u00e1ticas-Jur\u00eddicas-NPJ-do-Centro-Universit\u00e1rio-FAMINAS-1024x766.jpg 1024w\" sizes=\"auto, (max-width: 2048px) 100vw, 2048px\" \/><\/a> <a href=\"http:\/\/folhadosudeste.com\/site\/wp-content\/uploads\/2021\/05\/N\u00facleo-de-Pr\u00e1ticas-Jur\u00eddicas-NPJ-do-Centro-Universit\u00e1rio-FAMINAS-2.jpg\"><img loading=\"lazy\" decoding=\"async\" class=\"alignnone size-full wp-image-74719\" src=\"http:\/\/folhadosudeste.com\/site\/wp-content\/uploads\/2021\/05\/N\u00facleo-de-Pr\u00e1ticas-Jur\u00eddicas-NPJ-do-Centro-Universit\u00e1rio-FAMINAS-2.jpg\" alt=\"\" width=\"2048\" height=\"1532\" srcset=\"https:\/\/folhadosudeste.com\/site\/wp-content\/uploads\/2021\/05\/N\u00facleo-de-Pr\u00e1ticas-Jur\u00eddicas-NPJ-do-Centro-Universit\u00e1rio-FAMINAS-2.jpg 2048w, https:\/\/folhadosudeste.com\/site\/wp-content\/uploads\/2021\/05\/N\u00facleo-de-Pr\u00e1ticas-Jur\u00eddicas-NPJ-do-Centro-Universit\u00e1rio-FAMINAS-2-300x224.jpg 300w, https:\/\/folhadosudeste.com\/site\/wp-content\/uploads\/2021\/05\/N\u00facleo-de-Pr\u00e1ticas-Jur\u00eddicas-NPJ-do-Centro-Universit\u00e1rio-FAMINAS-2-768x574.jpg 768w, https:\/\/folhadosudeste.com\/site\/wp-content\/uploads\/2021\/05\/N\u00facleo-de-Pr\u00e1ticas-Jur\u00eddicas-NPJ-do-Centro-Universit\u00e1rio-FAMINAS-2-1024x766.jpg 1024w\" sizes=\"auto, (max-width: 2048px) 100vw, 2048px\" \/><\/a><\/p>\n<p>Fonte: Assessoria de Comunica\u00e7\u00e3o Faminas&nbsp;&nbsp;<\/p>\n","protected":false},"excerpt":{"rendered":"<p>Est\u00e3o abertas as inscri\u00e7\u00f5es para o Mutir\u00e3o do Casamento Civil, uma a\u00e7\u00e3o desenvolvida pelo Centro Universit\u00e1rio FAMINAS, atrav\u00e9s do N\u00facleo de Pr\u00e1ticas Jur\u00eddicas (NPJ) do curso de Direito, e o Tribunal de Justi\u00e7a de Minas Gerais (TJMG). O objetivo \u00e9 a regulariza\u00e7\u00e3o do estado civil de casais que vivem juntos h\u00e1 mais de um ano, [&hellip;]<\/p>\n","protected":false},"author":6,"featured_media":0,"comment_status":"open","ping_status":"closed","sticky":false,"template":"","format":"standard","meta":{"_joinchat":[],"footnotes":""},"categories":[1],"tags":[],"class_list":["post-74716","post","type-post","status-publish","format-standard","hentry","category-sem-categoria"],"_links":{"self":[{"href":"https:\/\/folhadosudeste.com\/site\/index.php?rest_route=\/wp\/v2\/posts\/74716","targetHints":{"allow":["GET"]}}],"collection":[{"href":"https:\/\/folhadosudeste.com\/site\/index.php?rest_route=\/wp\/v2\/posts"}],"about":[{"href":"https:\/\/folhadosudeste.com\/site\/index.php?rest_route=\/wp\/v2\/types\/post"}],"author":[{"embeddable":true,"href":"https:\/\/folhadosudeste.com\/site\/index.php?rest_route=\/wp\/v2\/users\/6"}],"replies":[{"embeddable":true,"href":"https:\/\/folhadosudeste.com\/site\/index.php?rest_route=%2Fwp%2Fv2%2Fcomments&post=74716"}],"version-history":[{"count":1,"href":"https:\/\/folhadosudeste.com\/site\/index.php?rest_route=\/wp\/v2\/posts\/74716\/revisions"}],"predecessor-version":[{"id":74720,"href":"https:\/\/folhadosudeste.com\/site\/index.php?rest_route=\/wp\/v2\/posts\/74716\/revisions\/74720"}],"wp:attachment":[{"href":"https:\/\/folhadosudeste.com\/site\/index.php?rest_route=%2Fwp%2Fv2%2Fmedia&parent=74716"}],"wp:term":[{"taxonomy":"category","embeddable":true,"href":"https:\/\/folhadosudeste.com\/site\/index.php?rest_route=%2Fwp%2Fv2%2Fcategories&post=74716"},{"taxonomy":"post_tag","embeddable":true,"href":"https:\/\/folhadosudeste.com\/site\/index.php?rest_route=%2Fwp%2Fv2%2Ftags&post=74716"}],"curies":[{"name":"wp","href":"https:\/\/api.w.org\/{rel}","templated":true}]}}