{"id":74723,"date":"2021-05-20T15:22:24","date_gmt":"2021-05-20T15:22:24","guid":{"rendered":"http:\/\/folhadosudeste.com\/site\/?p=74723"},"modified":"2021-05-20T15:22:40","modified_gmt":"2021-05-20T15:22:40","slug":"camara-recebe-visita-de-prefeito-de-orizania","status":"publish","type":"post","link":"https:\/\/folhadosudeste.com\/site\/?p=74723","title":{"rendered":"C\u00e2mara recebe visita de prefeito de Oriz\u00e2nia"},"content":{"rendered":"<p><a href=\"http:\/\/folhadosudeste.com\/site\/wp-content\/uploads\/2021\/05\/DSC_2430.jpg\"><img loading=\"lazy\" decoding=\"async\" class=\"alignnone size-full wp-image-74724\" src=\"http:\/\/folhadosudeste.com\/site\/wp-content\/uploads\/2021\/05\/DSC_2430.jpg\" alt=\"\" width=\"1500\" height=\"842\" srcset=\"https:\/\/folhadosudeste.com\/site\/wp-content\/uploads\/2021\/05\/DSC_2430.jpg 1500w, https:\/\/folhadosudeste.com\/site\/wp-content\/uploads\/2021\/05\/DSC_2430-300x168.jpg 300w, https:\/\/folhadosudeste.com\/site\/wp-content\/uploads\/2021\/05\/DSC_2430-768x431.jpg 768w, https:\/\/folhadosudeste.com\/site\/wp-content\/uploads\/2021\/05\/DSC_2430-1024x575.jpg 1024w\" sizes=\"auto, (max-width: 1500px) 100vw, 1500px\" \/><\/a><\/p>\n<p>A C\u00e2mara de Muria\u00e9 recebeu na manh\u00e3 de quinta-feira, 20, a visita do prefeito de Oriz\u00e2nia, Jonia Leite Filho (PDT). O objetivo da vista foi conhecer a Casa Legislativa, seus projetos e trocar experi\u00eancias sobre gest\u00e3o p\u00fablica.<\/p>\n<p>Jonia foi recepcionado pelo presidente da C\u00e2mara, Afonso da Sa\u00fade (PTB), e pelos vereadores Carlos Delfim (PDT), Evandro Cheroso (Cidadania), Forim (Solidariedade) e Miriam Facchini (PP). Tamb\u00e9m acompanhou o chefe do Executivo de Oriz\u00e2nia durante a visita o agr\u00f4nomo Francisco Guilherme de Albergaria Neto.<\/p>\n<p><!--more--><\/p>\n<p>Fonte: CMM<\/p>\n<div>&nbsp;<\/div>\n<p>&nbsp;<\/p>\n","protected":false},"excerpt":{"rendered":"<p>A C\u00e2mara de Muria\u00e9 recebeu na manh\u00e3 de quinta-feira, 20, a visita do prefeito de Oriz\u00e2nia, Jonia Leite Filho (PDT). O objetivo da vista foi conhecer a Casa Legislativa, seus projetos e trocar experi\u00eancias sobre gest\u00e3o p\u00fablica. Jonia foi recepcionado pelo presidente da C\u00e2mara, Afonso da Sa\u00fade (PTB), e pelos vereadores Carlos Delfim (PDT), Evandro [&hellip;]<\/p>\n","protected":false},"author":6,"featured_media":0,"comment_status":"open","ping_status":"closed","sticky":false,"template":"","format":"standard","meta":{"_joinchat":[],"footnotes":""},"categories":[1],"tags":[],"class_list":["post-74723","post","type-post","status-publish","format-standard","hentry","category-sem-categoria"],"_links":{"self":[{"href":"https:\/\/folhadosudeste.com\/site\/index.php?rest_route=\/wp\/v2\/posts\/74723","targetHints":{"allow":["GET"]}}],"collection":[{"href":"https:\/\/folhadosudeste.com\/site\/index.php?rest_route=\/wp\/v2\/posts"}],"about":[{"href":"https:\/\/folhadosudeste.com\/site\/index.php?rest_route=\/wp\/v2\/types\/post"}],"author":[{"embeddable":true,"href":"https:\/\/folhadosudeste.com\/site\/index.php?rest_route=\/wp\/v2\/users\/6"}],"replies":[{"embeddable":true,"href":"https:\/\/folhadosudeste.com\/site\/index.php?rest_route=%2Fwp%2Fv2%2Fcomments&post=74723"}],"version-history":[{"count":2,"href":"https:\/\/folhadosudeste.com\/site\/index.php?rest_route=\/wp\/v2\/posts\/74723\/revisions"}],"predecessor-version":[{"id":74726,"href":"https:\/\/folhadosudeste.com\/site\/index.php?rest_route=\/wp\/v2\/posts\/74723\/revisions\/74726"}],"wp:attachment":[{"href":"https:\/\/folhadosudeste.com\/site\/index.php?rest_route=%2Fwp%2Fv2%2Fmedia&parent=74723"}],"wp:term":[{"taxonomy":"category","embeddable":true,"href":"https:\/\/folhadosudeste.com\/site\/index.php?rest_route=%2Fwp%2Fv2%2Fcategories&post=74723"},{"taxonomy":"post_tag","embeddable":true,"href":"https:\/\/folhadosudeste.com\/site\/index.php?rest_route=%2Fwp%2Fv2%2Ftags&post=74723"}],"curies":[{"name":"wp","href":"https:\/\/api.w.org\/{rel}","templated":true}]}}