{"id":74727,"date":"2021-05-20T15:25:34","date_gmt":"2021-05-20T15:25:34","guid":{"rendered":"http:\/\/folhadosudeste.com\/site\/?p=74727"},"modified":"2021-05-20T15:25:34","modified_gmt":"2021-05-20T15:25:34","slug":"prefeitura-da-posse-para-novos-concursados","status":"publish","type":"post","link":"https:\/\/folhadosudeste.com\/site\/?p=74727","title":{"rendered":"Prefeitura d\u00e1 posse para novos concursados"},"content":{"rendered":"<p><a href=\"http:\/\/folhadosudeste.com\/site\/wp-content\/uploads\/2021\/05\/IMG_3852.jpg\"><img loading=\"lazy\" decoding=\"async\" class=\"alignnone size-full wp-image-74728\" src=\"http:\/\/folhadosudeste.com\/site\/wp-content\/uploads\/2021\/05\/IMG_3852.jpg\" alt=\"\" width=\"2048\" height=\"1536\" srcset=\"https:\/\/folhadosudeste.com\/site\/wp-content\/uploads\/2021\/05\/IMG_3852.jpg 2048w, https:\/\/folhadosudeste.com\/site\/wp-content\/uploads\/2021\/05\/IMG_3852-300x225.jpg 300w, https:\/\/folhadosudeste.com\/site\/wp-content\/uploads\/2021\/05\/IMG_3852-768x576.jpg 768w, https:\/\/folhadosudeste.com\/site\/wp-content\/uploads\/2021\/05\/IMG_3852-1024x768.jpg 1024w\" sizes=\"auto, (max-width: 2048px) 100vw, 2048px\" \/><\/a><\/p>\n<p align=\"justify\">Mais de 34 pessoas foram convocadas para preencherem as vagas para as quais foram aprovadas no \u00faltimo concurso p\u00fablico da Prefeitura de Muria\u00e9. Nesta semana, seis pessoas tomaram posse nas fun\u00e7\u00f5es da Secretaria de Educa\u00e7\u00e3o.<\/p>\n<p align=\"justify\">A Secretaria Municipal de Administra\u00e7\u00e3o, respons\u00e1vel pelas contrata\u00e7\u00f5es de candidatos, informou que as vagas necess\u00e1rias para o bom funcionamento da m\u00e1quina administrativa s\u00e3o imprescind\u00edveis ao poder p\u00fablico.. \u201cVisando atender \u00e0 demanda de cargos, a Prefeitura de Muria\u00e9 empossou alguns servidores que foram rec\u00e9m aprovados em concurso de anos anteriores. N\u00f3s temos seguido rigorosamente a listagem de aprova\u00e7\u00e3o, cumprindo as determina\u00e7\u00f5es legais da lei e aproveitando para preencher vagas que ficaram abertas por servidores que se aposentaram\u201d, informou o secret\u00e1rio Edmar Rodrigues.<\/p>\n<p align=\"justify\"><!--more--><\/p>\n<p align=\"justify\">O prefeito Jos\u00e9 Braz ressaltou a necessidade de contrata\u00e7\u00e3o imediata para organizar o quadro de atendimento multidisciplinar na Educa\u00e7\u00e3o do munic\u00edpio. \u201cEstamos implementando novos projetos na Educa\u00e7\u00e3o em nossa cidade e, em breve, voltaremos com as aulas regulares. Estamos trazendo psic\u00f3logos e novos profissionais para otimizar ainda mais o ensino em nossa rede municipal. Vamos fazer a diferen\u00e7a\u201d, lembrou o chefe do Executivo.<\/p>\n<p align=\"justify\">No in\u00edcio deste ano, um grande n\u00famero de vagas foi preenchido por cargos de motoristas para os diversos setores da Prefeitura. Uma foi para a especializa\u00e7\u00e3o de m\u00e9dica oftalmologista. \u201cTodos os convocados passar\u00e3o por treinamentos e qualifica\u00e7\u00f5es, objetivando o melhor atendimento \u00e0 popula\u00e7\u00e3o muriaeense\u201d, destacou Edmar Rodrigues.<\/p>\n<p align=\"justify\">Passaram a pertencer ao quadro de funcion\u00e1rios efetivos da Prefeitura de Muria\u00e9 os seguintes aprovados no concurso:<\/p>\n<p align=\"justify\">Juliana Barros Santos Januzi \u2013 professor \u2013 Educa\u00e7\u00e3o Infantil<\/p>\n<p align=\"justify\">Rosemere Silva Garcia Ara\u00fajo \u2013 professor \u2013 Educa\u00e7\u00e3o Infantil<\/p>\n<p align=\"justify\">Cintia de Carvalho Freitas &#8211; professor \u2013 Educa\u00e7\u00e3o Infantil<\/p>\n<p align=\"justify\">Jo\u00e3o Marcos de Assis Machado \u2013 secret\u00e1rio escolar<\/p>\n<p align=\"justify\">Vanessa da Cunha Claudino Marini \u2013 Assistente Social<\/p>\n<p align=\"justify\">Monique de Souza Vidal &#8211; Psic\u00f3loga<\/p>\n<p align=\"justify\"><a href=\"http:\/\/folhadosudeste.com\/site\/wp-content\/uploads\/2021\/05\/IMG_3902.jpg\"><img loading=\"lazy\" decoding=\"async\" class=\"alignnone size-full wp-image-74729\" src=\"http:\/\/folhadosudeste.com\/site\/wp-content\/uploads\/2021\/05\/IMG_3902.jpg\" alt=\"\" width=\"2048\" height=\"1536\" srcset=\"https:\/\/folhadosudeste.com\/site\/wp-content\/uploads\/2021\/05\/IMG_3902.jpg 2048w, https:\/\/folhadosudeste.com\/site\/wp-content\/uploads\/2021\/05\/IMG_3902-300x225.jpg 300w, https:\/\/folhadosudeste.com\/site\/wp-content\/uploads\/2021\/05\/IMG_3902-768x576.jpg 768w, https:\/\/folhadosudeste.com\/site\/wp-content\/uploads\/2021\/05\/IMG_3902-1024x768.jpg 1024w\" sizes=\"auto, (max-width: 2048px) 100vw, 2048px\" \/><\/a><\/p>\n<p align=\"justify\">Fonte: PMM<\/p>\n","protected":false},"excerpt":{"rendered":"<p>Mais de 34 pessoas foram convocadas para preencherem as vagas para as quais foram aprovadas no \u00faltimo concurso p\u00fablico da Prefeitura de Muria\u00e9. Nesta semana, seis pessoas tomaram posse nas fun\u00e7\u00f5es da Secretaria de Educa\u00e7\u00e3o. A Secretaria Municipal de Administra\u00e7\u00e3o, respons\u00e1vel pelas contrata\u00e7\u00f5es de candidatos, informou que as vagas necess\u00e1rias para o bom funcionamento da [&hellip;]<\/p>\n","protected":false},"author":6,"featured_media":0,"comment_status":"open","ping_status":"closed","sticky":false,"template":"","format":"standard","meta":{"_joinchat":[],"footnotes":""},"categories":[1],"tags":[],"class_list":["post-74727","post","type-post","status-publish","format-standard","hentry","category-sem-categoria"],"_links":{"self":[{"href":"https:\/\/folhadosudeste.com\/site\/index.php?rest_route=\/wp\/v2\/posts\/74727","targetHints":{"allow":["GET"]}}],"collection":[{"href":"https:\/\/folhadosudeste.com\/site\/index.php?rest_route=\/wp\/v2\/posts"}],"about":[{"href":"https:\/\/folhadosudeste.com\/site\/index.php?rest_route=\/wp\/v2\/types\/post"}],"author":[{"embeddable":true,"href":"https:\/\/folhadosudeste.com\/site\/index.php?rest_route=\/wp\/v2\/users\/6"}],"replies":[{"embeddable":true,"href":"https:\/\/folhadosudeste.com\/site\/index.php?rest_route=%2Fwp%2Fv2%2Fcomments&post=74727"}],"version-history":[{"count":1,"href":"https:\/\/folhadosudeste.com\/site\/index.php?rest_route=\/wp\/v2\/posts\/74727\/revisions"}],"predecessor-version":[{"id":74730,"href":"https:\/\/folhadosudeste.com\/site\/index.php?rest_route=\/wp\/v2\/posts\/74727\/revisions\/74730"}],"wp:attachment":[{"href":"https:\/\/folhadosudeste.com\/site\/index.php?rest_route=%2Fwp%2Fv2%2Fmedia&parent=74727"}],"wp:term":[{"taxonomy":"category","embeddable":true,"href":"https:\/\/folhadosudeste.com\/site\/index.php?rest_route=%2Fwp%2Fv2%2Fcategories&post=74727"},{"taxonomy":"post_tag","embeddable":true,"href":"https:\/\/folhadosudeste.com\/site\/index.php?rest_route=%2Fwp%2Fv2%2Ftags&post=74727"}],"curies":[{"name":"wp","href":"https:\/\/api.w.org\/{rel}","templated":true}]}}