{"id":74742,"date":"2021-05-20T22:11:49","date_gmt":"2021-05-20T22:11:49","guid":{"rendered":"http:\/\/folhadosudeste.com\/site\/?p=74742"},"modified":"2021-05-20T22:11:49","modified_gmt":"2021-05-20T22:11:49","slug":"muriaeenses-com-segunda-dose-da-coronavac-em-atraso-poderao-se-vacinar-neste-sabado","status":"publish","type":"post","link":"https:\/\/folhadosudeste.com\/site\/?p=74742","title":{"rendered":"Muriaeenses com segunda dose da Coronavac em atraso poder\u00e3o se vacinar neste s\u00e1bado"},"content":{"rendered":"<p><a href=\"http:\/\/folhadosudeste.com\/site\/wp-content\/uploads\/2021\/05\/fup20210427348.jpg\"><img loading=\"lazy\" decoding=\"async\" class=\"alignnone size-full wp-image-74743\" src=\"http:\/\/folhadosudeste.com\/site\/wp-content\/uploads\/2021\/05\/fup20210427348.jpg\" alt=\"\" width=\"984\" height=\"656\" srcset=\"https:\/\/folhadosudeste.com\/site\/wp-content\/uploads\/2021\/05\/fup20210427348.jpg 984w, https:\/\/folhadosudeste.com\/site\/wp-content\/uploads\/2021\/05\/fup20210427348-300x200.jpg 300w, https:\/\/folhadosudeste.com\/site\/wp-content\/uploads\/2021\/05\/fup20210427348-768x512.jpg 768w, https:\/\/folhadosudeste.com\/site\/wp-content\/uploads\/2021\/05\/fup20210427348-120x80.jpg 120w, https:\/\/folhadosudeste.com\/site\/wp-content\/uploads\/2021\/05\/fup20210427348-345x230.jpg 345w\" sizes=\"auto, (max-width: 984px) 100vw, 984px\" \/><\/a><\/p>\n<p>Quem ainda n\u00e3o conseguiu tomar a segunda dose da Coronavac ter\u00e1 nova oportunidade neste fim de semana.<\/p>\n<p>A vacina\u00e7\u00e3o ser\u00e1 no s\u00e1bado, dia 22 de maio, na unidade b\u00e1sica de sa\u00fade do bairro S\u00e3o Francisco. O hor\u00e1rio de atendimento ser\u00e1 das 8h \u00e0s 12h, com disponibiliza\u00e7\u00e3o de 600 senhas.<\/p>\n<p>Vale ressaltar: esta aplica\u00e7\u00e3o ser\u00e1 exclusiva para as pessoas que est\u00e3o com a segunda dose da Coronavac atrasada.<\/p>\n<p><!--more--><\/p>\n<p>&nbsp;<\/p>\n<p>Fonte: PMM<\/p>\n","protected":false},"excerpt":{"rendered":"<p>Quem ainda n\u00e3o conseguiu tomar a segunda dose da Coronavac ter\u00e1 nova oportunidade neste fim de semana. A vacina\u00e7\u00e3o ser\u00e1 no s\u00e1bado, dia 22 de maio, na unidade b\u00e1sica de sa\u00fade do bairro S\u00e3o Francisco. O hor\u00e1rio de atendimento ser\u00e1 das 8h \u00e0s 12h, com disponibiliza\u00e7\u00e3o de 600 senhas. Vale ressaltar: esta aplica\u00e7\u00e3o ser\u00e1 exclusiva [&hellip;]<\/p>\n","protected":false},"author":6,"featured_media":0,"comment_status":"open","ping_status":"closed","sticky":false,"template":"","format":"standard","meta":{"_joinchat":[],"footnotes":""},"categories":[1],"tags":[],"class_list":["post-74742","post","type-post","status-publish","format-standard","hentry","category-sem-categoria"],"_links":{"self":[{"href":"https:\/\/folhadosudeste.com\/site\/index.php?rest_route=\/wp\/v2\/posts\/74742","targetHints":{"allow":["GET"]}}],"collection":[{"href":"https:\/\/folhadosudeste.com\/site\/index.php?rest_route=\/wp\/v2\/posts"}],"about":[{"href":"https:\/\/folhadosudeste.com\/site\/index.php?rest_route=\/wp\/v2\/types\/post"}],"author":[{"embeddable":true,"href":"https:\/\/folhadosudeste.com\/site\/index.php?rest_route=\/wp\/v2\/users\/6"}],"replies":[{"embeddable":true,"href":"https:\/\/folhadosudeste.com\/site\/index.php?rest_route=%2Fwp%2Fv2%2Fcomments&post=74742"}],"version-history":[{"count":1,"href":"https:\/\/folhadosudeste.com\/site\/index.php?rest_route=\/wp\/v2\/posts\/74742\/revisions"}],"predecessor-version":[{"id":74744,"href":"https:\/\/folhadosudeste.com\/site\/index.php?rest_route=\/wp\/v2\/posts\/74742\/revisions\/74744"}],"wp:attachment":[{"href":"https:\/\/folhadosudeste.com\/site\/index.php?rest_route=%2Fwp%2Fv2%2Fmedia&parent=74742"}],"wp:term":[{"taxonomy":"category","embeddable":true,"href":"https:\/\/folhadosudeste.com\/site\/index.php?rest_route=%2Fwp%2Fv2%2Fcategories&post=74742"},{"taxonomy":"post_tag","embeddable":true,"href":"https:\/\/folhadosudeste.com\/site\/index.php?rest_route=%2Fwp%2Fv2%2Ftags&post=74742"}],"curies":[{"name":"wp","href":"https:\/\/api.w.org\/{rel}","templated":true}]}}