{"id":74749,"date":"2021-05-20T22:18:11","date_gmt":"2021-05-20T22:18:11","guid":{"rendered":"http:\/\/folhadosudeste.com\/site\/?p=74749"},"modified":"2021-05-20T22:18:11","modified_gmt":"2021-05-20T22:18:11","slug":"prefeitura-normatiza-transporte-escolar-distrital-noturno","status":"publish","type":"post","link":"https:\/\/folhadosudeste.com\/site\/?p=74749","title":{"rendered":"Prefeitura normatiza Transporte Escolar Distrital Noturno"},"content":{"rendered":"<p><a href=\"http:\/\/folhadosudeste.com\/site\/wp-content\/uploads\/2021\/05\/Via-Educacao-etapa-1.jpeg\"><img loading=\"lazy\" decoding=\"async\" class=\"alignnone size-full wp-image-74746\" src=\"http:\/\/folhadosudeste.com\/site\/wp-content\/uploads\/2021\/05\/Via-Educacao-etapa-1.jpeg\" alt=\"\" width=\"1280\" height=\"1024\" srcset=\"https:\/\/folhadosudeste.com\/site\/wp-content\/uploads\/2021\/05\/Via-Educacao-etapa-1.jpeg 1280w, https:\/\/folhadosudeste.com\/site\/wp-content\/uploads\/2021\/05\/Via-Educacao-etapa-1-300x240.jpeg 300w, https:\/\/folhadosudeste.com\/site\/wp-content\/uploads\/2021\/05\/Via-Educacao-etapa-1-768x614.jpeg 768w, https:\/\/folhadosudeste.com\/site\/wp-content\/uploads\/2021\/05\/Via-Educacao-etapa-1-1024x819.jpeg 1024w\" sizes=\"auto, (max-width: 1280px) 100vw, 1280px\" \/><\/a><\/p>\n<p>A partir de agora o \u201cTransporte Escolar Distrital Noturno\u201d est\u00e1 direcionado exclusivamente aos estudantes que residem nos distritos de Muria\u00e9, devidamente matriculados em cursos t\u00e9cnicos ou de gradua\u00e7\u00e3o oferecidos no per\u00edodo noturno.<\/p>\n<p>A prefeitura garante a vaga para os alunos respeitando a capacidade de lota\u00e7\u00e3o do ve\u00edculo disponibilizado para o transporte. Tamb\u00e9m \u00e9 levada em considera\u00e7\u00e3o a ordem cronol\u00f3gica das inscri\u00e7\u00f5es dos candidatos para o cadastramento, respeitando a prioridade de candidatos que estejam matriculados em cursos presenciais e que necessitam utilizar este meio em todos os dias \u00fateis semanais, de acordo com a Instru\u00e7\u00e3o Normativa 003\/2021 baixada em abril pela Secretaria Municipal de Educa\u00e7\u00e3o.<\/p>\n<p><!--more--><\/p>\n<p>Est\u00e3o resguardados o direito de usar o transporte para as aulas os alunos matriculados e residentes em Belis\u00e1rio, Itamuri, Boa Fam\u00edlia, Macuco, Pirapanema, Vermelho e Bom Jesus da Cachoeira. O aluno que residir na \u00e1rea urbana n\u00e3o poder\u00e1 utilizar o transporte escolar distrital noturno.<\/p>\n<p>A utiliza\u00e7\u00e3o do transporte est\u00e1 condicionada \u00e0 pr\u00e9via aprova\u00e7\u00e3o do cadastro do aluno, que ser\u00e1 realizado na Secretaria Municipal de Educa\u00e7\u00e3o com o candidato apresentando na sede da secretaria Xerox e Originais da Carteira de Identidade; CPF, foto 3X4; comprovante de resid\u00eancia e declara\u00e7\u00e3o de matr\u00edcula atualizada de cursos de Gradua\u00e7\u00e3o ou T\u00e9cnicos.<\/p>\n<p>A prioridade ser\u00e1 concedida observada a ordem cronol\u00f3gica de inscri\u00e7\u00e3o dos estudantes, bem como a capacidade de lota\u00e7\u00e3o dos ve\u00edculos disponibilizados para cada regi\u00e3o, com prioridade de atendimento aos estudantes matriculados em cursos presenciais de utiliza\u00e7\u00e3o em todos os dias \u00fateis semanais.<\/p>\n<p>O per\u00edodo de cadastramento ser\u00e1 dividido em duas etapas, sendo a primeira direcionada aos candidatos que estejam matriculados em cursos presenciais que necessitam da utiliza\u00e7\u00e3o do transporte em todos os dias \u00fateis semanais e a segunda direcionada aos candidatos que estejam matriculados em cursos presenciais ou semipresenciais que necessitam da utiliza\u00e7\u00e3o do transporte em dias \u00fateis semanais alternados.<\/p>\n<p>O estudante que tiver o cadastro aprovado e a solicita\u00e7\u00e3o deferida receber\u00e1 a CARTEIRINHA DE TRANSPORTE ESCOLAR NOTURNO, que ter\u00e1 seis meses de validade, documento de porte obrigat\u00f3rio para o embarque no ve\u00edculo de transporte escolar.<\/p>\n<p>O estudante que n\u00e3o portar a carteirinha no momento do embarque no ve\u00edculo ser\u00e1 impedido de utilizar o Transporte Escolar, salvo por motivo de for\u00e7a maior, devidamente comprovado.<\/p>\n<p>O Transporte Escolar Distrital Noturno ter\u00e1 como pontos de embarque e desembarque a Pra\u00e7a principal de cada um dos Distritos indicados no \u00a73\u00ba do art. 1\u00ba desta instru\u00e7\u00e3o normativa, assim como a Pra\u00e7a Coronel Pacheco de Medeiros e o Centro Universit\u00e1rio Unifaminas, estes situados no munic\u00edpio de Muria\u00e9.<\/p>\n<p>O Setor de Transporte Escolar da Secretaria Municipal de Educa\u00e7\u00e3o ficar\u00e1 respons\u00e1vel por informar aos alunos regularmente cadastrados quanto aos hor\u00e1rios e locais de embarque e desembarque do Transporte Escolar Noturno. O cadastramento ser\u00e1 feito em duas etapas, conforme as seguintes datas:<\/p>\n<p>CADASTRAMENTO<br \/>\n1\u00aa Etapa<br \/>\nDe: 24 de maio de 2021 at\u00e9 o dia 27 de maio de 2021<br \/>\nHora: das 08h \u00e0s 11h30 e das 13h \u00e0s 17h<br \/>\nLocal: Secretaria Municipal de Educa\u00e7\u00e3o<\/p>\n<p>2\u00aa Etapa<br \/>\nDe: 31 de maio de 2021 at\u00e9 o dia 2 de junho de 2021<br \/>\nHora: das 08h \u00e0s 11h30 e das 13h \u00e0s 17h<br \/>\nLocal: Secretaria Municipal de Educa\u00e7\u00e3o<\/p>\n<p><a href=\"http:\/\/folhadosudeste.com\/site\/wp-content\/uploads\/2021\/05\/Via-Educacao-etapa-2.jpeg\"><img loading=\"lazy\" decoding=\"async\" class=\"alignnone size-full wp-image-74747\" src=\"http:\/\/folhadosudeste.com\/site\/wp-content\/uploads\/2021\/05\/Via-Educacao-etapa-2.jpeg\" alt=\"\" width=\"1280\" height=\"1024\" srcset=\"https:\/\/folhadosudeste.com\/site\/wp-content\/uploads\/2021\/05\/Via-Educacao-etapa-2.jpeg 1280w, https:\/\/folhadosudeste.com\/site\/wp-content\/uploads\/2021\/05\/Via-Educacao-etapa-2-300x240.jpeg 300w, https:\/\/folhadosudeste.com\/site\/wp-content\/uploads\/2021\/05\/Via-Educacao-etapa-2-768x614.jpeg 768w, https:\/\/folhadosudeste.com\/site\/wp-content\/uploads\/2021\/05\/Via-Educacao-etapa-2-1024x819.jpeg 1024w\" sizes=\"auto, (max-width: 1280px) 100vw, 1280px\" \/><\/a><\/p>\n<p>Fonte: PMM<\/p>\n<p>&nbsp;<\/p>\n","protected":false},"excerpt":{"rendered":"<p>A partir de agora o \u201cTransporte Escolar Distrital Noturno\u201d est\u00e1 direcionado exclusivamente aos estudantes que residem nos distritos de Muria\u00e9, devidamente matriculados em cursos t\u00e9cnicos ou de gradua\u00e7\u00e3o oferecidos no per\u00edodo noturno. A prefeitura garante a vaga para os alunos respeitando a capacidade de lota\u00e7\u00e3o do ve\u00edculo disponibilizado para o transporte. Tamb\u00e9m \u00e9 levada em [&hellip;]<\/p>\n","protected":false},"author":6,"featured_media":0,"comment_status":"open","ping_status":"closed","sticky":false,"template":"","format":"standard","meta":{"_joinchat":[],"footnotes":""},"categories":[1],"tags":[],"class_list":["post-74749","post","type-post","status-publish","format-standard","hentry","category-sem-categoria"],"_links":{"self":[{"href":"https:\/\/folhadosudeste.com\/site\/index.php?rest_route=\/wp\/v2\/posts\/74749","targetHints":{"allow":["GET"]}}],"collection":[{"href":"https:\/\/folhadosudeste.com\/site\/index.php?rest_route=\/wp\/v2\/posts"}],"about":[{"href":"https:\/\/folhadosudeste.com\/site\/index.php?rest_route=\/wp\/v2\/types\/post"}],"author":[{"embeddable":true,"href":"https:\/\/folhadosudeste.com\/site\/index.php?rest_route=\/wp\/v2\/users\/6"}],"replies":[{"embeddable":true,"href":"https:\/\/folhadosudeste.com\/site\/index.php?rest_route=%2Fwp%2Fv2%2Fcomments&post=74749"}],"version-history":[{"count":1,"href":"https:\/\/folhadosudeste.com\/site\/index.php?rest_route=\/wp\/v2\/posts\/74749\/revisions"}],"predecessor-version":[{"id":74750,"href":"https:\/\/folhadosudeste.com\/site\/index.php?rest_route=\/wp\/v2\/posts\/74749\/revisions\/74750"}],"wp:attachment":[{"href":"https:\/\/folhadosudeste.com\/site\/index.php?rest_route=%2Fwp%2Fv2%2Fmedia&parent=74749"}],"wp:term":[{"taxonomy":"category","embeddable":true,"href":"https:\/\/folhadosudeste.com\/site\/index.php?rest_route=%2Fwp%2Fv2%2Fcategories&post=74749"},{"taxonomy":"post_tag","embeddable":true,"href":"https:\/\/folhadosudeste.com\/site\/index.php?rest_route=%2Fwp%2Fv2%2Ftags&post=74749"}],"curies":[{"name":"wp","href":"https:\/\/api.w.org\/{rel}","templated":true}]}}