{"id":74752,"date":"2021-05-21T23:20:59","date_gmt":"2021-05-21T23:20:59","guid":{"rendered":"http:\/\/folhadosudeste.com\/site\/?p=74752"},"modified":"2021-05-21T23:20:59","modified_gmt":"2021-05-21T23:20:59","slug":"prefeito-apresenta-para-juiz-da-infancia-e-adolescencia-projeto-do-complexo-casa-lar","status":"publish","type":"post","link":"https:\/\/folhadosudeste.com\/site\/?p=74752","title":{"rendered":"Prefeito apresenta para juiz da Inf\u00e2ncia e Adolesc\u00eancia projeto do \u2018Complexo Casa Lar\u2019"},"content":{"rendered":"<p><a href=\"http:\/\/folhadosudeste.com\/site\/wp-content\/uploads\/2021\/05\/PHOTO-2021-05-20-20-30-27.jpg\"><img loading=\"lazy\" decoding=\"async\" class=\"alignnone size-full wp-image-74753\" src=\"http:\/\/folhadosudeste.com\/site\/wp-content\/uploads\/2021\/05\/PHOTO-2021-05-20-20-30-27.jpg\" alt=\"\" width=\"1280\" height=\"958\" srcset=\"https:\/\/folhadosudeste.com\/site\/wp-content\/uploads\/2021\/05\/PHOTO-2021-05-20-20-30-27.jpg 1280w, https:\/\/folhadosudeste.com\/site\/wp-content\/uploads\/2021\/05\/PHOTO-2021-05-20-20-30-27-300x225.jpg 300w, https:\/\/folhadosudeste.com\/site\/wp-content\/uploads\/2021\/05\/PHOTO-2021-05-20-20-30-27-768x575.jpg 768w, https:\/\/folhadosudeste.com\/site\/wp-content\/uploads\/2021\/05\/PHOTO-2021-05-20-20-30-27-1024x766.jpg 1024w\" sizes=\"auto, (max-width: 1280px) 100vw, 1280px\" \/><\/a><\/p>\n<div>O juiz de direito Juliano Carneiro Veiga, titular da Vara da Inf\u00e2ncia e da Juventude da Comarca de Muria\u00e9, esteve reunido com o prefeito Jos\u00e9 Braz neste dia 20 de maio para conhecer o projeto de constru\u00e7\u00e3o de tr\u00eas novas Casas Lar que abrigar\u00e1 crian\u00e7as e adolescentes em situa\u00e7\u00e3o de vulnerabilidade no munic\u00edpio.&nbsp;<\/div>\n<div>&nbsp;<\/div>\n<div>O prefeito, juntamente com os secret\u00e1rios de Desenvolvimento Social, Eveline Amaral; de Governo, Paulo S\u00e9rgio Amaral; de Obras, Carlos Kneip e a diretora da Fundarte, Gilca Napier, apresentaram o projeto do complexo, que ter\u00e1 mais de 5 mil metros quadrados e abrigar\u00e1 as unidades que ter\u00e3o 24 su\u00edtes individuais, al\u00e9m de \u00e1rea gourmet, espa\u00e7o de lazer, pomar e pista para bicicletas.<\/div>\n<div>&nbsp;<\/div>\n<p><!--more--><\/p>\n<div>&nbsp;<\/div>\n<div>Uma das resid\u00eancias ser\u00e1 inclusiva, para abrigar e cuidar de jovens e adultos com necessidades especiais que n\u00e3o tenham fam\u00edlia.<\/div>\n<div>&nbsp;<\/div>\n<div>A constru\u00e7\u00e3o deve ter in\u00edcio entre julho e agosto deste ano. \u201cVamos contar com apoio da sociedade civil para construir esta obra que ser\u00e1 feita com recursos do pr\u00f3prio munic\u00edpio e vai ajudar nossas crian\u00e7as e nossos jovens em situa\u00e7\u00e3o de vulnerabilidade\u201d, disse o prefeito Jos\u00e9 Braz.<\/div>\n<div>&nbsp;<\/div>\n<div>A secret\u00e1ria Eveline Amaral destacou que o complexo contribuir\u00e1 com o atendimento hoje oferecido pela prefeitura.&nbsp;<\/div>\n<div>&nbsp;<\/div>\n<div>\u201cTemos uma equipe de profissionais dedicada e muito sensibilizada com a necessidade de cada um dos assistidos ali. Com este espa\u00e7o amplo, oferecemos um servi\u00e7o de melhor qualidade a cada um que estiver abrigado ali\u201d, ressaltou.<\/div>\n<div>&nbsp;<\/div>\n<div>Dr. Juliano Carneiro Veiga enfatizou, ap\u00f3s conhecer o projeto, que desconhece uma administra\u00e7\u00e3o p\u00fablica preocupada e empenhada em oferecer \u00e0s crian\u00e7as e adolescentes um servi\u00e7o de excel\u00eancia e que, ao concluir o projeto, a Prefeitura de Muria\u00e9 estar\u00e1 cumprindo o seu dever com o melhor que se pode ofertar.&nbsp;<\/div>\n<div>&nbsp;<\/div>\n<div>\u201cNada como ver de perto o trabalho que se pretende fazer com as crian\u00e7as e jovens acolhidos em Muria\u00e9. A prote\u00e7\u00e3o oferecida pelo Estado e pela Sociedade \u00e9 secund\u00e1ria \u00e0 prote\u00e7\u00e3o familiar. Mas, aqui, os que necessitam, t\u00eam um atendimento especial e, com esta nova obra, amenizar\u00e1 o sofrimento que estas crian\u00e7as enfrentam\u201d, disse o juiz.<\/div>\n<div>&nbsp;<\/div>\n<div><a href=\"http:\/\/folhadosudeste.com\/site\/wp-content\/uploads\/2021\/05\/PHOTO-2021-05-20-20-30-22.jpg\"><img loading=\"lazy\" decoding=\"async\" class=\"alignnone size-full wp-image-74754\" src=\"http:\/\/folhadosudeste.com\/site\/wp-content\/uploads\/2021\/05\/PHOTO-2021-05-20-20-30-22.jpg\" alt=\"\" width=\"1280\" height=\"958\" srcset=\"https:\/\/folhadosudeste.com\/site\/wp-content\/uploads\/2021\/05\/PHOTO-2021-05-20-20-30-22.jpg 1280w, https:\/\/folhadosudeste.com\/site\/wp-content\/uploads\/2021\/05\/PHOTO-2021-05-20-20-30-22-300x225.jpg 300w, https:\/\/folhadosudeste.com\/site\/wp-content\/uploads\/2021\/05\/PHOTO-2021-05-20-20-30-22-768x575.jpg 768w, https:\/\/folhadosudeste.com\/site\/wp-content\/uploads\/2021\/05\/PHOTO-2021-05-20-20-30-22-1024x766.jpg 1024w\" sizes=\"auto, (max-width: 1280px) 100vw, 1280px\" \/><\/a><\/div>\n<div>&nbsp;<\/div>\n<div>Fonte: PMM<\/div>\n","protected":false},"excerpt":{"rendered":"<p>O juiz de direito Juliano Carneiro Veiga, titular da Vara da Inf\u00e2ncia e da Juventude da Comarca de Muria\u00e9, esteve reunido com o prefeito Jos\u00e9 Braz neste dia 20 de maio para conhecer o projeto de constru\u00e7\u00e3o de tr\u00eas novas Casas Lar que abrigar\u00e1 crian\u00e7as e adolescentes em situa\u00e7\u00e3o de vulnerabilidade no munic\u00edpio.&nbsp; &nbsp; O [&hellip;]<\/p>\n","protected":false},"author":6,"featured_media":0,"comment_status":"open","ping_status":"closed","sticky":false,"template":"","format":"standard","meta":{"_joinchat":[],"footnotes":""},"categories":[1],"tags":[],"class_list":["post-74752","post","type-post","status-publish","format-standard","hentry","category-sem-categoria"],"_links":{"self":[{"href":"https:\/\/folhadosudeste.com\/site\/index.php?rest_route=\/wp\/v2\/posts\/74752","targetHints":{"allow":["GET"]}}],"collection":[{"href":"https:\/\/folhadosudeste.com\/site\/index.php?rest_route=\/wp\/v2\/posts"}],"about":[{"href":"https:\/\/folhadosudeste.com\/site\/index.php?rest_route=\/wp\/v2\/types\/post"}],"author":[{"embeddable":true,"href":"https:\/\/folhadosudeste.com\/site\/index.php?rest_route=\/wp\/v2\/users\/6"}],"replies":[{"embeddable":true,"href":"https:\/\/folhadosudeste.com\/site\/index.php?rest_route=%2Fwp%2Fv2%2Fcomments&post=74752"}],"version-history":[{"count":1,"href":"https:\/\/folhadosudeste.com\/site\/index.php?rest_route=\/wp\/v2\/posts\/74752\/revisions"}],"predecessor-version":[{"id":74755,"href":"https:\/\/folhadosudeste.com\/site\/index.php?rest_route=\/wp\/v2\/posts\/74752\/revisions\/74755"}],"wp:attachment":[{"href":"https:\/\/folhadosudeste.com\/site\/index.php?rest_route=%2Fwp%2Fv2%2Fmedia&parent=74752"}],"wp:term":[{"taxonomy":"category","embeddable":true,"href":"https:\/\/folhadosudeste.com\/site\/index.php?rest_route=%2Fwp%2Fv2%2Fcategories&post=74752"},{"taxonomy":"post_tag","embeddable":true,"href":"https:\/\/folhadosudeste.com\/site\/index.php?rest_route=%2Fwp%2Fv2%2Ftags&post=74752"}],"curies":[{"name":"wp","href":"https:\/\/api.w.org\/{rel}","templated":true}]}}