{"id":74768,"date":"2021-05-22T13:41:28","date_gmt":"2021-05-22T13:41:28","guid":{"rendered":"http:\/\/folhadosudeste.com\/site\/?p=74768"},"modified":"2021-05-22T13:41:28","modified_gmt":"2021-05-22T13:41:28","slug":"covid-19-estado-disponibiliza-nova-remessa-de-kits-intubacao-para-a-zona-da-mata-e-vertentes","status":"publish","type":"post","link":"https:\/\/folhadosudeste.com\/site\/?p=74768","title":{"rendered":"Covid-19: Estado disponibiliza nova remessa de &#8216;kits intuba\u00e7\u00e3o&#8217; para a Zona da Mata e Vertentes"},"content":{"rendered":"<p><a href=\"http:\/\/folhadosudeste.com\/site\/wp-content\/uploads\/2021\/05\/ingrid-vasconcelos-20210410-155524.jpg\"><img loading=\"lazy\" decoding=\"async\" class=\"alignnone size-full wp-image-74769\" src=\"http:\/\/folhadosudeste.com\/site\/wp-content\/uploads\/2021\/05\/ingrid-vasconcelos-20210410-155524.jpg\" alt=\"\" width=\"984\" height=\"554\" srcset=\"https:\/\/folhadosudeste.com\/site\/wp-content\/uploads\/2021\/05\/ingrid-vasconcelos-20210410-155524.jpg 984w, https:\/\/folhadosudeste.com\/site\/wp-content\/uploads\/2021\/05\/ingrid-vasconcelos-20210410-155524-300x169.jpg 300w, https:\/\/folhadosudeste.com\/site\/wp-content\/uploads\/2021\/05\/ingrid-vasconcelos-20210410-155524-768x432.jpg 768w\" sizes=\"auto, (max-width: 984px) 100vw, 984px\" \/><\/a><\/p>\n<p style=\"text-align: left;\">Rem\u00e9dio faz parte do &#8220;kit intuba\u00e7\u00e3o&#8221; enviado pelo Governo de MG \u2014 Foto: Ingrid Vasconcelos\/Governo de MG<\/p>\n<h2 class=\"content-head__subtitle\" style=\"text-align: left;\">Os rem\u00e9dios come\u00e7aram a ser enviados na sexta-feira (21). Situa\u00e7\u00e3o dos estoques de sedativos no estado ainda \u00e9 cr\u00edtica.<\/h2>\n<p><!--more--><\/p>\n<div class=\"mc-column content-text active-extra-styles \" style=\"text-align: left;\" data-block-type=\"unstyled\" data-block-weight=\"55\" data-block-id=\"2\">\n<p class=\"content-text__container \" data-track-category=\"Link no Texto\" data-track-links=\"\">A Secretaria de Estado de Sa\u00fade de Minas Gerais (SES-MG) disponibilizou uma<span class=\"highlight highlighted\">&nbsp;nova remessa de medicamentos utilizados no processo de intuba\u00e7\u00e3o de pacientes com a Covid-19 para munic\u00edpios da Zona da Mata e Campo das Vertentes<\/span>.&nbsp;<strong>Os rem\u00e9dios come\u00e7aram a serem enviados na sexta-feira (21) e a entrega prossegue neste s\u00e1bado (22) e domingo (23)<\/strong>.<\/p>\n<\/div>\n<div class=\"wall protected-content\">\n<div class=\"mc-column content-text active-extra-styles \" style=\"text-align: left;\" data-block-type=\"unstyled\" data-block-weight=\"26\" data-block-id=\"3\">\n<p class=\"content-text__container \" data-track-category=\"Link no Texto\" data-track-links=\"\">De acordo com a SES-MG,<span class=\"highlight highlighted\">&nbsp;ser\u00e3o entregues os seguintes f\u00e1rmacos: fentanil, cisatrac\u00fario e atrac\u00fario<\/span>. A dura\u00e7\u00e3o do estoque varia de tr\u00eas a 15 dias de cobertura.<\/p>\n<\/div>\n<div class=\"mc-column content-text active-extra-styles \" style=\"text-align: left;\" data-block-type=\"unstyled\" data-block-weight=\"53\" data-block-id=\"4\">\n<p class=\"content-text__container \" data-track-category=\"Link no Texto\" data-track-links=\"\">Segundo o diretor de Medicamentos B\u00e1sicos da SES-MG, Jans Bastos Izidoro,<strong>&nbsp;a situa\u00e7\u00e3o dos estoques de sedativos no estado ainda \u00e9 cr\u00edtica<\/strong>, apesar de observadas melhoras em rela\u00e7\u00e3o a cen\u00e1rios anteriores. &#8220;A secretaria alerta que o cen\u00e1rio ainda n\u00e3o \u00e9 confort\u00e1vel e todas as medidas de gest\u00e3o continuam a ser executadas&#8221;, explicou.<\/p>\n<\/div>\n<div class=\"mc-column content-text active-extra-styles \" style=\"text-align: left;\" data-block-type=\"unstyled\" data-block-weight=\"41\" data-block-id=\"5\">\n<p class=\"content-text__container \" data-track-category=\"Link no Texto\" data-track-links=\"\">Os rem\u00e9dios encaminhados pelo Governo de Minas fazem parte de um lote com mais de 120 mil unidades distribu\u00eddas para mais de 97 hospitais em todo o estado.&nbsp;<strong>Veja abaixo quais hospitais foram beneficiados e a quantidade de cada medicamento recebido.<\/strong><\/p>\n<\/div>\n<div class=\"mc-column content-text active-extra-styles \" data-block-type=\"unstyled\" data-block-weight=\"41\" data-block-id=\"6\">\n<p class=\"content-text__container \" style=\"text-align: left;\" data-track-category=\"Link no Texto\" data-track-links=\"\">O&nbsp;<span class=\"highlight highlighted\">levantamento dos estoques dos prestadores e fornecedores \u00e9 feito semanalmente pela SES-MG e pelo Conselho de Secretarias Municipais de Sa\u00fade do estado<\/span>. O&nbsp;<span class=\"highlight highlighted\">abastecimento tamb\u00e9m \u00e9 monitorado nas redes p\u00fablica e privada, que devem repassar informa\u00e7\u00f5es sobre os estoques periodicamente<\/span>.<\/p>\n<\/div>\n<div class=\"content-ads content-ads--reveal\" data-block-type=\"ads\" data-block-id=\"7\">\n<div id=\"banner_materia2\" class=\"tag-manager-publicidade-container mc-has-reveal mc-has-ad-lazyload tag-manager-publicidade-banner_materia2 tag-manager-publicidade-container--carregado tag-manager-publicidade-container--visivel\" data-id=\"banner_materia2\" data-req=\"true\" data-cid=\"138349080343\" data-lid=\"5684033223\" data-google-query-id=\"CMDmr4Sz3fACFS02uQYdWHsLPw\"><a href=\"http:\/\/folhadosudeste.com\/site\/wp-content\/uploads\/2021\/05\/Screenshot_1.png\"><img loading=\"lazy\" decoding=\"async\" class=\"alignnone size-full wp-image-74770\" src=\"http:\/\/folhadosudeste.com\/site\/wp-content\/uploads\/2021\/05\/Screenshot_1.png\" alt=\"\" width=\"890\" height=\"513\" srcset=\"https:\/\/folhadosudeste.com\/site\/wp-content\/uploads\/2021\/05\/Screenshot_1.png 890w, https:\/\/folhadosudeste.com\/site\/wp-content\/uploads\/2021\/05\/Screenshot_1-300x173.png 300w, https:\/\/folhadosudeste.com\/site\/wp-content\/uploads\/2021\/05\/Screenshot_1-768x443.png 768w\" sizes=\"auto, (max-width: 890px) 100vw, 890px\" \/><\/a><\/div>\n<div data-id=\"banner_materia2\" data-req=\"true\" data-cid=\"138349080343\" data-lid=\"5684033223\" data-google-query-id=\"CMDmr4Sz3fACFS02uQYdWHsLPw\">\n<div class=\"row medium-uncollapsed content-text\" data-block-type=\"table-plugin\" data-block-id=\"8\">\n<div class=\"column medium-centered medium-22 large-20\">\n<div class=\"show-table content-media content-media--normal\">\n<div class=\"show-table__centralized\">\n<div class=\"show-table__footer\">\n<div class=\"show-table__source\" style=\"text-align: left;\">Fonte: SES-MG<\/div>\n<\/div>\n<\/div>\n<\/div>\n<\/div>\n<\/div>\n<\/div>\n<\/div>\n<\/div>\n<div class=\"content-intertitle\" style=\"text-align: left;\">&nbsp;<\/div>\n<div style=\"text-align: left;\">Fonte: G1\/Zona da Mata&nbsp;<\/div>\n<p>&nbsp;<\/p>\n","protected":false},"excerpt":{"rendered":"<p>Rem\u00e9dio faz parte do &#8220;kit intuba\u00e7\u00e3o&#8221; enviado pelo Governo de MG \u2014 Foto: Ingrid Vasconcelos\/Governo de MG Os rem\u00e9dios come\u00e7aram a ser enviados na sexta-feira (21). Situa\u00e7\u00e3o dos estoques de sedativos no estado ainda \u00e9 cr\u00edtica.<\/p>\n","protected":false},"author":6,"featured_media":0,"comment_status":"open","ping_status":"closed","sticky":false,"template":"","format":"standard","meta":{"_joinchat":[],"footnotes":""},"categories":[1],"tags":[],"class_list":["post-74768","post","type-post","status-publish","format-standard","hentry","category-sem-categoria"],"_links":{"self":[{"href":"https:\/\/folhadosudeste.com\/site\/index.php?rest_route=\/wp\/v2\/posts\/74768","targetHints":{"allow":["GET"]}}],"collection":[{"href":"https:\/\/folhadosudeste.com\/site\/index.php?rest_route=\/wp\/v2\/posts"}],"about":[{"href":"https:\/\/folhadosudeste.com\/site\/index.php?rest_route=\/wp\/v2\/types\/post"}],"author":[{"embeddable":true,"href":"https:\/\/folhadosudeste.com\/site\/index.php?rest_route=\/wp\/v2\/users\/6"}],"replies":[{"embeddable":true,"href":"https:\/\/folhadosudeste.com\/site\/index.php?rest_route=%2Fwp%2Fv2%2Fcomments&post=74768"}],"version-history":[{"count":1,"href":"https:\/\/folhadosudeste.com\/site\/index.php?rest_route=\/wp\/v2\/posts\/74768\/revisions"}],"predecessor-version":[{"id":74771,"href":"https:\/\/folhadosudeste.com\/site\/index.php?rest_route=\/wp\/v2\/posts\/74768\/revisions\/74771"}],"wp:attachment":[{"href":"https:\/\/folhadosudeste.com\/site\/index.php?rest_route=%2Fwp%2Fv2%2Fmedia&parent=74768"}],"wp:term":[{"taxonomy":"category","embeddable":true,"href":"https:\/\/folhadosudeste.com\/site\/index.php?rest_route=%2Fwp%2Fv2%2Fcategories&post=74768"},{"taxonomy":"post_tag","embeddable":true,"href":"https:\/\/folhadosudeste.com\/site\/index.php?rest_route=%2Fwp%2Fv2%2Ftags&post=74768"}],"curies":[{"name":"wp","href":"https:\/\/api.w.org\/{rel}","templated":true}]}}