{"id":74781,"date":"2021-05-24T22:15:52","date_gmt":"2021-05-24T22:15:52","guid":{"rendered":"http:\/\/folhadosudeste.com\/site\/?p=74781"},"modified":"2021-05-24T22:15:52","modified_gmt":"2021-05-24T22:15:52","slug":"muriae-amplia-faixa-etaria-de-vacinacao-contra-covid-19","status":"publish","type":"post","link":"https:\/\/folhadosudeste.com\/site\/?p=74781","title":{"rendered":"Muria\u00e9 amplia faixa et\u00e1ria de vacina\u00e7\u00e3o contra covid-19"},"content":{"rendered":"<p><a href=\"http:\/\/folhadosudeste.com\/site\/wp-content\/uploads\/2021\/05\/getty.jpg\"><img loading=\"lazy\" decoding=\"async\" class=\"alignnone size-full wp-image-74783\" src=\"http:\/\/folhadosudeste.com\/site\/wp-content\/uploads\/2021\/05\/getty.jpg\" alt=\"\" width=\"984\" height=\"554\" srcset=\"https:\/\/folhadosudeste.com\/site\/wp-content\/uploads\/2021\/05\/getty.jpg 984w, https:\/\/folhadosudeste.com\/site\/wp-content\/uploads\/2021\/05\/getty-300x169.jpg 300w, https:\/\/folhadosudeste.com\/site\/wp-content\/uploads\/2021\/05\/getty-768x432.jpg 768w\" sizes=\"auto, (max-width: 984px) 100vw, 984px\" \/><\/a><\/p>\n<div>A partir desta ter\u00e7a-feira (24), pessoas com idade a partir de 18 anos que tenham comorbidades (inclusive gestantes e pu\u00e9rperas) ou qualquer tipo de defici\u00eancia permanente.<\/div>\n<div>&nbsp;<\/div>\n<div>Esta etapa vai acontecer at\u00e9 a pr\u00f3xima sexta-feira, das 8h \u00e0s 11h, nas quatro escolas municipais que v\u00eam sendo utilizadas para esta finalidade: Dr. Ant\u00f4nio Can\u00eado (Centro), Odal\u00e9ia Morais de Azevedo (Barra), Maria Hastenreiter (Dornelas) e Clara de Castro Rog\u00e9rio (Porto).<\/div>\n<div>&nbsp;<\/div>\n<p><!--more--><\/p>\n<div>&nbsp;<\/div>\n<div>O imunizante utilizado ser\u00e1 o da Pfizer\/BioNTech, que \u00e9 considerado seguro para gestantes e pu\u00e9rperas. N\u00e3o haver\u00e1 distribui\u00e7\u00e3o de senhas &#8211; basta chegar, aguardar pela vez e se vacinar.<\/div>\n<div>&nbsp;<\/div>\n<div><strong>Comprova\u00e7\u00e3o &#8211;<\/strong>&nbsp;Devido a esta etapa da vacina\u00e7\u00e3o ser exclusiva para as pessoas com comorbidades ou defici\u00eancia permanente, ser\u00e1 obrigat\u00f3rio apresentar atestado m\u00e9dico.<\/div>\n<div>&nbsp;<\/div>\n<div>As comorbidades aceitas pelo Minist\u00e9rio da Sa\u00fade s\u00e3o:&nbsp;<\/div>\n<div>&nbsp;<\/div>\n<div>&#8211; diabetes;<\/div>\n<div>&#8211; hipertens\u00e3o arterial resistente ou de grau 3;&nbsp;<\/div>\n<div>&#8211; hipertens\u00e3o arterial de grau 1 e 2, desde que associada a outra comorbidade ou caso o paciente tenha les\u00e3o em \u00f3rg\u00e3o-alvo da covid;&nbsp;<\/div>\n<div>&#8211; doen\u00e7a pulmonar obstrutiva cr\u00f4nica;&nbsp;<\/div>\n<div>&#8211; insufici\u00eancia renal;&nbsp;<\/div>\n<div>&#8211; doen\u00e7a cardiovascular ou cerebrovascular;&nbsp;<\/div>\n<div>&#8211; transplante de \u00f3rg\u00e3o s\u00f3lido ou de medula \u00f3ssea;&nbsp;<\/div>\n<div>&#8211; doen\u00e7a imunossupressora;&nbsp;<\/div>\n<div>&#8211; anemia falciforme;&nbsp;<\/div>\n<div>&#8211; obesidade grau 3 (\u00edndice de massa corporal igual ou superior a 40).<\/div>\n<div>&nbsp;<\/div>\n<div>No caso das pessoas com defici\u00eancia permanente, agora n\u00e3o ser\u00e1 mais obrigat\u00f3rio o cadastro no Programa do Benef\u00edcio de Presta\u00e7\u00e3o Continuada (BPC). No entanto, segue sendo obrigat\u00f3rio apresentar atestado m\u00e9dico.<\/div>\n<div>&nbsp;<\/div>\n<div>As defici\u00eancias permanentes consideradas pelo Plano Nacional de Imuniza\u00e7\u00e3o s\u00e3o as seguintes:<\/div>\n<div>&nbsp;<\/div>\n<div>&#8211; limita\u00e7\u00e3o motora que cause grande dificuldade ou incapacidade para andar ou subir escadas;<\/div>\n<div>&#8211; grande dificuldade ou incapacidade de ouvir mesmo com uso de aparelho auditivo;<\/div>\n<div>&#8211; grande dificuldade ou incapacidade de enxergar mesmo com uso de \u00f3culos;<\/div>\n<div>&#8211; defici\u00eancia intelectual permanente que limite atividades habituais, tais como trabalhar, ir \u00e0 escola, brincar, etc.<\/div>\n<div>&nbsp;<\/div>\n<div>Foto: PMM\/Foto: G1 &#8211; Sul de Minas &#8211;&nbsp;Getty Images via BBC&nbsp;<\/div>\n<div>&nbsp;<\/div>\n<div>&nbsp;<\/div>\n","protected":false},"excerpt":{"rendered":"<p>A partir desta ter\u00e7a-feira (24), pessoas com idade a partir de 18 anos que tenham comorbidades (inclusive gestantes e pu\u00e9rperas) ou qualquer tipo de defici\u00eancia permanente. &nbsp; Esta etapa vai acontecer at\u00e9 a pr\u00f3xima sexta-feira, das 8h \u00e0s 11h, nas quatro escolas municipais que v\u00eam sendo utilizadas para esta finalidade: Dr. Ant\u00f4nio Can\u00eado (Centro), Odal\u00e9ia [&hellip;]<\/p>\n","protected":false},"author":6,"featured_media":0,"comment_status":"open","ping_status":"closed","sticky":false,"template":"","format":"standard","meta":{"_joinchat":[],"footnotes":""},"categories":[1],"tags":[],"class_list":["post-74781","post","type-post","status-publish","format-standard","hentry","category-sem-categoria"],"_links":{"self":[{"href":"https:\/\/folhadosudeste.com\/site\/index.php?rest_route=\/wp\/v2\/posts\/74781","targetHints":{"allow":["GET"]}}],"collection":[{"href":"https:\/\/folhadosudeste.com\/site\/index.php?rest_route=\/wp\/v2\/posts"}],"about":[{"href":"https:\/\/folhadosudeste.com\/site\/index.php?rest_route=\/wp\/v2\/types\/post"}],"author":[{"embeddable":true,"href":"https:\/\/folhadosudeste.com\/site\/index.php?rest_route=\/wp\/v2\/users\/6"}],"replies":[{"embeddable":true,"href":"https:\/\/folhadosudeste.com\/site\/index.php?rest_route=%2Fwp%2Fv2%2Fcomments&post=74781"}],"version-history":[{"count":1,"href":"https:\/\/folhadosudeste.com\/site\/index.php?rest_route=\/wp\/v2\/posts\/74781\/revisions"}],"predecessor-version":[{"id":74784,"href":"https:\/\/folhadosudeste.com\/site\/index.php?rest_route=\/wp\/v2\/posts\/74781\/revisions\/74784"}],"wp:attachment":[{"href":"https:\/\/folhadosudeste.com\/site\/index.php?rest_route=%2Fwp%2Fv2%2Fmedia&parent=74781"}],"wp:term":[{"taxonomy":"category","embeddable":true,"href":"https:\/\/folhadosudeste.com\/site\/index.php?rest_route=%2Fwp%2Fv2%2Fcategories&post=74781"},{"taxonomy":"post_tag","embeddable":true,"href":"https:\/\/folhadosudeste.com\/site\/index.php?rest_route=%2Fwp%2Fv2%2Ftags&post=74781"}],"curies":[{"name":"wp","href":"https:\/\/api.w.org\/{rel}","templated":true}]}}