{"id":74785,"date":"2021-05-25T12:27:03","date_gmt":"2021-05-25T12:27:03","guid":{"rendered":"http:\/\/folhadosudeste.com\/site\/?p=74785"},"modified":"2021-05-25T12:27:03","modified_gmt":"2021-05-25T12:27:03","slug":"aos-moradores-do-bairro-joao-xxiii","status":"publish","type":"post","link":"https:\/\/folhadosudeste.com\/site\/?p=74785","title":{"rendered":"AOS MORADORES DO BAIRRO JO\u00c3O XXIII"},"content":{"rendered":"<p><a href=\"http:\/\/folhadosudeste.com\/site\/wp-content\/uploads\/2021\/05\/5fb04fdc-f10c-4852-937d-205e3dca79ca.jpg\"><img loading=\"lazy\" decoding=\"async\" class=\"alignnone size-full wp-image-74786\" src=\"http:\/\/folhadosudeste.com\/site\/wp-content\/uploads\/2021\/05\/5fb04fdc-f10c-4852-937d-205e3dca79ca.jpg\" alt=\"\" width=\"914\" height=\"1280\" srcset=\"https:\/\/folhadosudeste.com\/site\/wp-content\/uploads\/2021\/05\/5fb04fdc-f10c-4852-937d-205e3dca79ca.jpg 914w, https:\/\/folhadosudeste.com\/site\/wp-content\/uploads\/2021\/05\/5fb04fdc-f10c-4852-937d-205e3dca79ca-214x300.jpg 214w, https:\/\/folhadosudeste.com\/site\/wp-content\/uploads\/2021\/05\/5fb04fdc-f10c-4852-937d-205e3dca79ca-768x1076.jpg 768w, https:\/\/folhadosudeste.com\/site\/wp-content\/uploads\/2021\/05\/5fb04fdc-f10c-4852-937d-205e3dca79ca-731x1024.jpg 731w\" sizes=\"auto, (max-width: 914px) 100vw, 914px\" \/><\/a><\/p>\n<p style=\"text-align: left;\">Com o firme prop\u00f3sito de trabalharmos pelos interesses de nosso bairro, organizamos esta chapa para concorrer \u00e0 dire\u00e7\u00e3o desta Associa\u00e7\u00e3o de Moradores e vimos por meio destas linhas, apresentarmo-nos a voc\u00ea, morador(a).<\/p>\n<p style=\"text-align: left;\">Vivemos tempos dif\u00edceis em que a esperan\u00e7a parece de n\u00f3s ter desistido, mas queremos crer que o futuro trar\u00e1 novos sonhos e expectativas positivas. E sendo assim, \u00e9 neste contexto que mais uma vez pulsa a vontade de participarmos da vida de nosso bairro de forma mais efetiva, lan\u00e7ando-nos a este pleito.<\/p>\n<p><!--more--><\/p>\n<p style=\"text-align: left;\">E para tal pedimos a voc\u00ea, morador e\/ou moradora, que d\u00ea-nos o seu voto no dia 30 de maio, para que possamos vir, atrav\u00e9s de todo nosso esfor\u00e7o e trabalho, defender os interesses do bairro junto ao(s) representante(s) do poder p\u00fablico e prestadores de servi\u00e7os, para que as diversas quest\u00f5es que digam respeito ao bairro Jo\u00e3o XXIII, sejam ouvidas e atendidas, como j\u00e1 o foram em oportunidades anteriores.<\/p>\n<p style=\"text-align: left;\">Entre as quest\u00f5es que certamente demandar\u00e3o nossa aten\u00e7\u00e3o est\u00e3o a aten\u00e7\u00e3o para a limpeza urbana, o cal\u00e7amento de ruas, a ilumina\u00e7\u00e3o p\u00fablica, a realiza\u00e7\u00e3o de atividades socioculturais e esportivas na pra\u00e7a do bairro, seja com adultos, seja com os mais jovens, a busca de esclarecimentos acerca da legaliza\u00e7\u00e3o dos terrenos adquiridos juntos \u00e0 Cooperativa dos Banc\u00e1rios por v\u00e1rios moradores, a quest\u00e3o da linha de \u00f4nibus para o atendimento ao bairro, etc. Outras surgir\u00e3o e procuraremos dar-lhes a devida aten\u00e7\u00e3o caso estejamos \u00e0 frente desta Associa\u00e7\u00e3o a partir de 30 de maio.<\/p>\n<p style=\"text-align: left;\">Cremos que, CAMINHANDO&nbsp;&nbsp;&nbsp;&nbsp; lado a lado, moradores e diretoria, poderemos, atrav\u00e9s de nossa vontade em recusarmos a acomoda\u00e7\u00e3o, botar fogo na apatia e assim contribuirmos para a tomada de decis\u00f5es que tenham como objetivo o bem-estar de nossa coletividade.<\/p>\n<p style=\"text-align: left;\">ASSOCIA\u00c7\u00c3O DE MORADORES DO B. JO\u00c3O XXIII<\/p>\n<p style=\"text-align: left;\">CHAPA CAMINHANDO&nbsp; 2021-2023<\/p>\n<p style=\"text-align: left;\">DIRETORIA<\/p>\n<p style=\"text-align: left;\">PRESIDENTE: JO\u00c3O BATISTA BRAMILA<\/p>\n<p style=\"text-align: left;\">VICE-PRES.: WANDERLEY CLARK DOS SANTOS<\/p>\n<p style=\"text-align: left;\">1\u00ba SECRET\u00c1RIO: M\u00c1RIO LUCIO DE SOUZA<\/p>\n<p style=\"text-align: left;\">2\u00ba SECRET\u00c1RIO: IVONALDO DE SOUZA ALVES<\/p>\n<p style=\"text-align: left;\">1\u00ba TESOUREIRO: SILAIR SOARES DOS REIS<\/p>\n<p style=\"text-align: left;\">2\u00ba TESOUREIRO: ALEX SANTOS PETRILO<\/p>\n<p style=\"text-align: left;\">DIRETOR SOCIAL: WELLINGTON ROG\u00c9RIO BARBOSA (TUCA)<\/p>\n<p style=\"text-align: left;\">CONSELHO FISCAL<\/p>\n<p style=\"text-align: left;\">ANDREIA APARECIDA S. MOREIRA<\/p>\n<p style=\"text-align: left;\">GERALDO RIBEIRO<\/p>\n<p style=\"text-align: left;\">\u00c1UREO L\u00daCIO A. DE PAULA (CHINA)<\/p>\n<p style=\"text-align: left;\">Ningu\u00e9m caminha sem aprender a caminhar, sem aprender a fazer o caminho caminhando, refazendo e retocando o sonho pelo qual se p\u00f4s a caminhar.<\/p>\n<p style=\"text-align: left;\">Paulo Freire<\/p>\n<p style=\"text-align: left;\">&nbsp;<\/p>\n","protected":false},"excerpt":{"rendered":"<p>Com o firme prop\u00f3sito de trabalharmos pelos interesses de nosso bairro, organizamos esta chapa para concorrer \u00e0 dire\u00e7\u00e3o desta Associa\u00e7\u00e3o de Moradores e vimos por meio destas linhas, apresentarmo-nos a voc\u00ea, morador(a). Vivemos tempos dif\u00edceis em que a esperan\u00e7a parece de n\u00f3s ter desistido, mas queremos crer que o futuro trar\u00e1 novos sonhos e expectativas [&hellip;]<\/p>\n","protected":false},"author":6,"featured_media":0,"comment_status":"open","ping_status":"closed","sticky":false,"template":"","format":"standard","meta":{"_joinchat":[],"footnotes":""},"categories":[1],"tags":[],"class_list":["post-74785","post","type-post","status-publish","format-standard","hentry","category-sem-categoria"],"_links":{"self":[{"href":"https:\/\/folhadosudeste.com\/site\/index.php?rest_route=\/wp\/v2\/posts\/74785","targetHints":{"allow":["GET"]}}],"collection":[{"href":"https:\/\/folhadosudeste.com\/site\/index.php?rest_route=\/wp\/v2\/posts"}],"about":[{"href":"https:\/\/folhadosudeste.com\/site\/index.php?rest_route=\/wp\/v2\/types\/post"}],"author":[{"embeddable":true,"href":"https:\/\/folhadosudeste.com\/site\/index.php?rest_route=\/wp\/v2\/users\/6"}],"replies":[{"embeddable":true,"href":"https:\/\/folhadosudeste.com\/site\/index.php?rest_route=%2Fwp%2Fv2%2Fcomments&post=74785"}],"version-history":[{"count":1,"href":"https:\/\/folhadosudeste.com\/site\/index.php?rest_route=\/wp\/v2\/posts\/74785\/revisions"}],"predecessor-version":[{"id":74787,"href":"https:\/\/folhadosudeste.com\/site\/index.php?rest_route=\/wp\/v2\/posts\/74785\/revisions\/74787"}],"wp:attachment":[{"href":"https:\/\/folhadosudeste.com\/site\/index.php?rest_route=%2Fwp%2Fv2%2Fmedia&parent=74785"}],"wp:term":[{"taxonomy":"category","embeddable":true,"href":"https:\/\/folhadosudeste.com\/site\/index.php?rest_route=%2Fwp%2Fv2%2Fcategories&post=74785"},{"taxonomy":"post_tag","embeddable":true,"href":"https:\/\/folhadosudeste.com\/site\/index.php?rest_route=%2Fwp%2Fv2%2Ftags&post=74785"}],"curies":[{"name":"wp","href":"https:\/\/api.w.org\/{rel}","templated":true}]}}