{"id":74806,"date":"2021-05-27T17:06:49","date_gmt":"2021-05-27T17:06:49","guid":{"rendered":"http:\/\/folhadosudeste.com\/site\/?p=74806"},"modified":"2021-05-27T17:06:49","modified_gmt":"2021-05-27T17:06:49","slug":"camara-tera-sessao-extraordinaria-nesta-sexta-feira-para-votacao-de-projeto-sobre-transporte-publico","status":"publish","type":"post","link":"https:\/\/folhadosudeste.com\/site\/?p=74806","title":{"rendered":"C\u00e2mara ter\u00e1 sess\u00e3o extraordin\u00e1ria nesta sexta-feira para vota\u00e7\u00e3o de projeto sobre transporte p\u00fablico"},"content":{"rendered":"<p><a href=\"http:\/\/folhadosudeste.com\/site\/wp-content\/uploads\/2021\/05\/01.jpg\"><img loading=\"lazy\" decoding=\"async\" class=\"alignnone size-full wp-image-74807\" src=\"http:\/\/folhadosudeste.com\/site\/wp-content\/uploads\/2021\/05\/01.jpg\" alt=\"\" width=\"1500\" height=\"902\" srcset=\"https:\/\/folhadosudeste.com\/site\/wp-content\/uploads\/2021\/05\/01.jpg 1500w, https:\/\/folhadosudeste.com\/site\/wp-content\/uploads\/2021\/05\/01-300x180.jpg 300w, https:\/\/folhadosudeste.com\/site\/wp-content\/uploads\/2021\/05\/01-768x462.jpg 768w, https:\/\/folhadosudeste.com\/site\/wp-content\/uploads\/2021\/05\/01-1024x616.jpg 1024w\" sizes=\"auto, (max-width: 1500px) 100vw, 1500px\" \/><\/a><\/p>\n<p>Por determina\u00e7\u00e3o de seu presidente, Afonso da Sa\u00fade (PTB), a C\u00e2mara de Muria\u00e9 realizar\u00e1 uma sess\u00e3o extraordin\u00e1ria nesta sexta-feira, dia 28, \u00e0s 14h, para vota\u00e7\u00e3o do Projeto de Lei 91\/2021, que disciplina o aux\u00edlio tarif\u00e1rio ao transporte p\u00fablico coletivo.<\/p>\n<p><!--more--><\/p>\n<p>De autoria do Executivo municipal, o PL havia sido encaminhado na sess\u00e3o ordin\u00e1ria da \u00faltima ter\u00e7a-feira, dia 25, para an\u00e1lise das Comiss\u00f5es em raz\u00e3o de duas propostas de emendas verbais. As Comiss\u00f5es tiveram at\u00e9 tr\u00eas dias para emitir os pareceres.<\/p>\n<p>Em cumprimento \u00e0s medidas sanit\u00e1rias de preven\u00e7\u00e3o ao coronav\u00edrus, a sess\u00e3o acontecer\u00e1 de forma presencial no plen\u00e1rio, por\u00e9m, somente com a presen\u00e7a dos vereadores, equipe da C\u00e2mara e imprensa.<\/p>\n<p><span style=\"font-family: Times New Roman, serif;\"><b><i>Foto: Arquivo C\u00e2mara de Muria\u00e9<\/i><\/b><\/span><\/p>\n<div>&nbsp;<\/div>\n<p>&nbsp;<\/p>\n","protected":false},"excerpt":{"rendered":"<p>Por determina\u00e7\u00e3o de seu presidente, Afonso da Sa\u00fade (PTB), a C\u00e2mara de Muria\u00e9 realizar\u00e1 uma sess\u00e3o extraordin\u00e1ria nesta sexta-feira, dia 28, \u00e0s 14h, para vota\u00e7\u00e3o do Projeto de Lei 91\/2021, que disciplina o aux\u00edlio tarif\u00e1rio ao transporte p\u00fablico coletivo.<\/p>\n","protected":false},"author":6,"featured_media":0,"comment_status":"open","ping_status":"closed","sticky":false,"template":"","format":"standard","meta":{"_joinchat":[],"footnotes":""},"categories":[1],"tags":[],"class_list":["post-74806","post","type-post","status-publish","format-standard","hentry","category-sem-categoria"],"_links":{"self":[{"href":"https:\/\/folhadosudeste.com\/site\/index.php?rest_route=\/wp\/v2\/posts\/74806","targetHints":{"allow":["GET"]}}],"collection":[{"href":"https:\/\/folhadosudeste.com\/site\/index.php?rest_route=\/wp\/v2\/posts"}],"about":[{"href":"https:\/\/folhadosudeste.com\/site\/index.php?rest_route=\/wp\/v2\/types\/post"}],"author":[{"embeddable":true,"href":"https:\/\/folhadosudeste.com\/site\/index.php?rest_route=\/wp\/v2\/users\/6"}],"replies":[{"embeddable":true,"href":"https:\/\/folhadosudeste.com\/site\/index.php?rest_route=%2Fwp%2Fv2%2Fcomments&post=74806"}],"version-history":[{"count":1,"href":"https:\/\/folhadosudeste.com\/site\/index.php?rest_route=\/wp\/v2\/posts\/74806\/revisions"}],"predecessor-version":[{"id":74808,"href":"https:\/\/folhadosudeste.com\/site\/index.php?rest_route=\/wp\/v2\/posts\/74806\/revisions\/74808"}],"wp:attachment":[{"href":"https:\/\/folhadosudeste.com\/site\/index.php?rest_route=%2Fwp%2Fv2%2Fmedia&parent=74806"}],"wp:term":[{"taxonomy":"category","embeddable":true,"href":"https:\/\/folhadosudeste.com\/site\/index.php?rest_route=%2Fwp%2Fv2%2Fcategories&post=74806"},{"taxonomy":"post_tag","embeddable":true,"href":"https:\/\/folhadosudeste.com\/site\/index.php?rest_route=%2Fwp%2Fv2%2Ftags&post=74806"}],"curies":[{"name":"wp","href":"https:\/\/api.w.org\/{rel}","templated":true}]}}