{"id":74809,"date":"2021-05-27T17:17:31","date_gmt":"2021-05-27T17:17:31","guid":{"rendered":"http:\/\/folhadosudeste.com\/site\/?p=74809"},"modified":"2021-05-27T17:17:31","modified_gmt":"2021-05-27T17:17:31","slug":"em-terceira-votacao-vereadores-autorizam-recursos-para-reforma-do-aterro-sanitario","status":"publish","type":"post","link":"https:\/\/folhadosudeste.com\/site\/?p=74809","title":{"rendered":"Em terceira vota\u00e7\u00e3o, vereadores autorizam recursos para reforma do Aterro Sanit\u00e1rio"},"content":{"rendered":"<p><a href=\"http:\/\/folhadosudeste.com\/site\/wp-content\/uploads\/2021\/05\/DSC_2456.jpg\"><img loading=\"lazy\" decoding=\"async\" class=\"alignnone size-full wp-image-74811\" src=\"http:\/\/folhadosudeste.com\/site\/wp-content\/uploads\/2021\/05\/DSC_2456.jpg\" alt=\"\" width=\"1500\" height=\"974\" srcset=\"https:\/\/folhadosudeste.com\/site\/wp-content\/uploads\/2021\/05\/DSC_2456.jpg 1500w, https:\/\/folhadosudeste.com\/site\/wp-content\/uploads\/2021\/05\/DSC_2456-300x195.jpg 300w, https:\/\/folhadosudeste.com\/site\/wp-content\/uploads\/2021\/05\/DSC_2456-768x499.jpg 768w, https:\/\/folhadosudeste.com\/site\/wp-content\/uploads\/2021\/05\/DSC_2456-1024x665.jpg 1024w\" sizes=\"auto, (max-width: 1500px) 100vw, 1500px\" \/><\/a><\/p>\n<p><i>C\u00e2mara tamb\u00e9m aprovou verbas para educa\u00e7\u00e3o e desenvolvimento social<\/i><\/p>\n<p>Os vereadores aprovaram o projeto que autoriza a abertura de cr\u00e9dito adicional de R$1.570.000,00 destinados \u00e0 amplia\u00e7\u00e3o e reforma do Aterro Sanit\u00e1rio, a fim de possibilitar o retorno das opera\u00e7\u00f5es do local. De autoria do Executivo, o PL 88 foi aprovado em terceira vota\u00e7\u00e3o por unanimidade.<\/p>\n<p><!--more--><\/p>\n<p>Os projetos de lei e de emenda \u00e0 Lei Org\u00e2nica desta ter\u00e7a-feira, dia 25, foram colocados em pauta por determina\u00e7\u00e3o do presidente da Casa, Afonso da Sa\u00fade (PTB). Vale lembrar que, de acordo com o artigo 170 do Regimento Interno da C\u00e2mara, os projetos devem ser aprovados em tr\u00eas vota\u00e7\u00f5es subsequentes.&nbsp;<\/p>\n<p>A C\u00e2mara tamb\u00e9m autorizou um total de R$1.782.100,00 para a Secretaria Municipal de Educa\u00e7\u00e3o (PL\u2019s 100 e 103), voltados a pagamento de pessoal, encargos sociais e a ajustes de custeio de programas e projetos da Secretaria.<\/p>\n<p>Tamb\u00e9m foram aprovados recursos de R$540 mil para a Secretaria Municipal de Desenvolvimento Social (PL 102), para manuten\u00e7\u00e3o de atividades administrativas, do Centro de Conviv\u00eancia dos Idosos, do sistema de avalia\u00e7\u00e3o, monitoramento e capacita\u00e7\u00e3o, Centro POP, abrigo institucional para crian\u00e7as e adolescentes e do Centro de Refer\u00eancia Especializado de Assist\u00eancia Social (Creas).<\/p>\n<p>Foi aprovado ainda, em segunda vota\u00e7\u00e3o (de um total de tr\u00eas), o Projeto de Resolu\u00e7\u00e3o 03\/2021. De autoria conjunta de nove vereadores, o texto altera o inciso XX do artigo 6\u00ba da Lei Org\u00e2nica de Muria\u00e9, que disp\u00f5e sobre o transporte coletivo e individual.<\/p>\n<p><b>PL que trata sobre transporte p\u00fablico segue para parecer das Comiss\u00f5es<\/b><\/p>\n<p>J\u00e1 o Projeto de Lei 91\/2021, que disp\u00f5e sobre o aux\u00edlio tarif\u00e1rio ao transporte p\u00fablico coletivo, foi encaminhado para an\u00e1lise das Comiss\u00f5es em raz\u00e3o de propostas de emendas verbais feitas pelos vereadores Celsinho (PSD) e Valdinei Lacerda (PSD). As Comiss\u00f5es t\u00eam tr\u00eas dias para emitir os pareceres.<\/p>\n<p>O PL poder\u00e1 voltar para vota\u00e7\u00e3o na pr\u00f3xima sess\u00e3o ordin\u00e1ria ou em sess\u00e3o extraordin\u00e1ria designada.<\/p>\n<p><a href=\"http:\/\/folhadosudeste.com\/site\/wp-content\/uploads\/2021\/05\/DSC_2168-1.jpg\"><img loading=\"lazy\" decoding=\"async\" class=\"alignnone size-full wp-image-74812\" src=\"http:\/\/folhadosudeste.com\/site\/wp-content\/uploads\/2021\/05\/DSC_2168-1.jpg\" alt=\"\" width=\"1500\" height=\"994\" srcset=\"https:\/\/folhadosudeste.com\/site\/wp-content\/uploads\/2021\/05\/DSC_2168-1.jpg 1500w, https:\/\/folhadosudeste.com\/site\/wp-content\/uploads\/2021\/05\/DSC_2168-1-300x199.jpg 300w, https:\/\/folhadosudeste.com\/site\/wp-content\/uploads\/2021\/05\/DSC_2168-1-768x509.jpg 768w, https:\/\/folhadosudeste.com\/site\/wp-content\/uploads\/2021\/05\/DSC_2168-1-1024x679.jpg 1024w, https:\/\/folhadosudeste.com\/site\/wp-content\/uploads\/2021\/05\/DSC_2168-1-120x80.jpg 120w, https:\/\/folhadosudeste.com\/site\/wp-content\/uploads\/2021\/05\/DSC_2168-1-345x230.jpg 345w, https:\/\/folhadosudeste.com\/site\/wp-content\/uploads\/2021\/05\/DSC_2168-1-590x390.jpg 590w\" sizes=\"auto, (max-width: 1500px) 100vw, 1500px\" \/><\/a> <a href=\"http:\/\/folhadosudeste.com\/site\/wp-content\/uploads\/2021\/05\/DSC_2506.jpg\"><img loading=\"lazy\" decoding=\"async\" class=\"alignnone size-full wp-image-74813\" src=\"http:\/\/folhadosudeste.com\/site\/wp-content\/uploads\/2021\/05\/DSC_2506.jpg\" alt=\"\" width=\"1500\" height=\"1003\" srcset=\"https:\/\/folhadosudeste.com\/site\/wp-content\/uploads\/2021\/05\/DSC_2506.jpg 1500w, https:\/\/folhadosudeste.com\/site\/wp-content\/uploads\/2021\/05\/DSC_2506-300x201.jpg 300w, https:\/\/folhadosudeste.com\/site\/wp-content\/uploads\/2021\/05\/DSC_2506-768x514.jpg 768w, https:\/\/folhadosudeste.com\/site\/wp-content\/uploads\/2021\/05\/DSC_2506-1024x685.jpg 1024w, https:\/\/folhadosudeste.com\/site\/wp-content\/uploads\/2021\/05\/DSC_2506-120x80.jpg 120w, https:\/\/folhadosudeste.com\/site\/wp-content\/uploads\/2021\/05\/DSC_2506-345x230.jpg 345w\" sizes=\"auto, (max-width: 1500px) 100vw, 1500px\" \/><\/a> <a href=\"http:\/\/folhadosudeste.com\/site\/wp-content\/uploads\/2021\/05\/DSC_2462.jpg\"><img loading=\"lazy\" decoding=\"async\" class=\"alignnone size-full wp-image-74814\" src=\"http:\/\/folhadosudeste.com\/site\/wp-content\/uploads\/2021\/05\/DSC_2462.jpg\" alt=\"\" width=\"1500\" height=\"1145\" srcset=\"https:\/\/folhadosudeste.com\/site\/wp-content\/uploads\/2021\/05\/DSC_2462.jpg 1500w, https:\/\/folhadosudeste.com\/site\/wp-content\/uploads\/2021\/05\/DSC_2462-300x229.jpg 300w, https:\/\/folhadosudeste.com\/site\/wp-content\/uploads\/2021\/05\/DSC_2462-768x586.jpg 768w, https:\/\/folhadosudeste.com\/site\/wp-content\/uploads\/2021\/05\/DSC_2462-1024x782.jpg 1024w\" sizes=\"auto, (max-width: 1500px) 100vw, 1500px\" \/><\/a> <a href=\"http:\/\/folhadosudeste.com\/site\/wp-content\/uploads\/2021\/05\/DSC_2455.jpg\"><img loading=\"lazy\" decoding=\"async\" class=\"alignnone size-full wp-image-74815\" src=\"http:\/\/folhadosudeste.com\/site\/wp-content\/uploads\/2021\/05\/DSC_2455.jpg\" alt=\"\" width=\"1500\" height=\"989\" srcset=\"https:\/\/folhadosudeste.com\/site\/wp-content\/uploads\/2021\/05\/DSC_2455.jpg 1500w, https:\/\/folhadosudeste.com\/site\/wp-content\/uploads\/2021\/05\/DSC_2455-300x198.jpg 300w, https:\/\/folhadosudeste.com\/site\/wp-content\/uploads\/2021\/05\/DSC_2455-768x506.jpg 768w, https:\/\/folhadosudeste.com\/site\/wp-content\/uploads\/2021\/05\/DSC_2455-1024x675.jpg 1024w, https:\/\/folhadosudeste.com\/site\/wp-content\/uploads\/2021\/05\/DSC_2455-120x80.jpg 120w, https:\/\/folhadosudeste.com\/site\/wp-content\/uploads\/2021\/05\/DSC_2455-590x390.jpg 590w\" sizes=\"auto, (max-width: 1500px) 100vw, 1500px\" \/><\/a><\/p>\n<p>Fonte: CMM<\/p>\n<div>&nbsp;<\/div>\n<p>&nbsp;<\/p>\n","protected":false},"excerpt":{"rendered":"<p>C\u00e2mara tamb\u00e9m aprovou verbas para educa\u00e7\u00e3o e desenvolvimento social Os vereadores aprovaram o projeto que autoriza a abertura de cr\u00e9dito adicional de R$1.570.000,00 destinados \u00e0 amplia\u00e7\u00e3o e reforma do Aterro Sanit\u00e1rio, a fim de possibilitar o retorno das opera\u00e7\u00f5es do local. De autoria do Executivo, o PL 88 foi aprovado em terceira vota\u00e7\u00e3o por unanimidade.<\/p>\n","protected":false},"author":6,"featured_media":0,"comment_status":"open","ping_status":"closed","sticky":false,"template":"","format":"standard","meta":{"_joinchat":[],"footnotes":""},"categories":[1],"tags":[],"class_list":["post-74809","post","type-post","status-publish","format-standard","hentry","category-sem-categoria"],"_links":{"self":[{"href":"https:\/\/folhadosudeste.com\/site\/index.php?rest_route=\/wp\/v2\/posts\/74809","targetHints":{"allow":["GET"]}}],"collection":[{"href":"https:\/\/folhadosudeste.com\/site\/index.php?rest_route=\/wp\/v2\/posts"}],"about":[{"href":"https:\/\/folhadosudeste.com\/site\/index.php?rest_route=\/wp\/v2\/types\/post"}],"author":[{"embeddable":true,"href":"https:\/\/folhadosudeste.com\/site\/index.php?rest_route=\/wp\/v2\/users\/6"}],"replies":[{"embeddable":true,"href":"https:\/\/folhadosudeste.com\/site\/index.php?rest_route=%2Fwp%2Fv2%2Fcomments&post=74809"}],"version-history":[{"count":1,"href":"https:\/\/folhadosudeste.com\/site\/index.php?rest_route=\/wp\/v2\/posts\/74809\/revisions"}],"predecessor-version":[{"id":74816,"href":"https:\/\/folhadosudeste.com\/site\/index.php?rest_route=\/wp\/v2\/posts\/74809\/revisions\/74816"}],"wp:attachment":[{"href":"https:\/\/folhadosudeste.com\/site\/index.php?rest_route=%2Fwp%2Fv2%2Fmedia&parent=74809"}],"wp:term":[{"taxonomy":"category","embeddable":true,"href":"https:\/\/folhadosudeste.com\/site\/index.php?rest_route=%2Fwp%2Fv2%2Fcategories&post=74809"},{"taxonomy":"post_tag","embeddable":true,"href":"https:\/\/folhadosudeste.com\/site\/index.php?rest_route=%2Fwp%2Fv2%2Ftags&post=74809"}],"curies":[{"name":"wp","href":"https:\/\/api.w.org\/{rel}","templated":true}]}}