{"id":74851,"date":"2021-06-01T19:16:57","date_gmt":"2021-06-01T19:16:57","guid":{"rendered":"http:\/\/folhadosudeste.com\/site\/?p=74851"},"modified":"2021-06-01T19:16:57","modified_gmt":"2021-06-01T19:16:57","slug":"tempo-frio-pandemia-e-bandeira-vermelha-exigem-atencao-ao-consumo-consciente-de-energia","status":"publish","type":"post","link":"https:\/\/folhadosudeste.com\/site\/?p=74851","title":{"rendered":"Tempo frio, pandemia e bandeira vermelha exigem aten\u00e7\u00e3o ao consumo consciente de energia"},"content":{"rendered":"<p><a href=\"http:\/\/folhadosudeste.com\/site\/wp-content\/uploads\/2021\/06\/image001.png\"><img loading=\"lazy\" decoding=\"async\" class=\"alignnone size-full wp-image-74849\" src=\"http:\/\/folhadosudeste.com\/site\/wp-content\/uploads\/2021\/06\/image001.png\" alt=\"\" width=\"594\" height=\"594\" srcset=\"https:\/\/folhadosudeste.com\/site\/wp-content\/uploads\/2021\/06\/image001.png 594w, https:\/\/folhadosudeste.com\/site\/wp-content\/uploads\/2021\/06\/image001-150x150.png 150w, https:\/\/folhadosudeste.com\/site\/wp-content\/uploads\/2021\/06\/image001-300x300.png 300w\" sizes=\"auto, (max-width: 594px) 100vw, 594px\" \/><\/a><\/p>\n<p>Fam\u00edlias inteiras t\u00eam passado muito mais tempo em casa ao longo da pandemia: adultos em home office, crian\u00e7as e jovens estudando on-line, lazer restrito, abre e fecha de geladeira, equipamentos eletr\u00f4nicos conectados o dia todo e, agora com a chegada do tempo frio, chuveiros na posi\u00e7\u00e3o Inverno. Somado a isso, a Aneel anunciou na \u00faltima semana que a bandeira tarif\u00e1ria de junho ser\u00e1 vermelha, ou seja, patamar 2, com custo de R$ 6,243 para cada 100kWh consumidos.<\/p>\n<p>Tudo isso influencia diretamente no valor da conta de energia el\u00e9trica. E \u00e9 importante os consumidores ficarem atentos \u00e0 rotina e adotar pr\u00e1ticas de consumo consciente para evitar o desperd\u00edcio e o susto no or\u00e7amento no final do m\u00eas.<\/p>\n<p><!--more--><\/p>\n<p>Al\u00e9m da chegada das temperaturas mais baixas, onde o chuveiro \u00e9 o maior vil\u00e3o para eleva\u00e7\u00f5es na conta de energia, o faturamento por m\u00e9dia tamb\u00e9m contribui para a varia\u00e7\u00e3o do consumo de energia.&nbsp;Isso acontece quando h\u00e1 impedimento para a leitura do medidor, ou seja, situa\u00e7\u00f5es como port\u00e3o fechado, aus\u00eancia de pessoas no im\u00f3vel ou im\u00f3veis desocupados, c\u00e3es bravos soltos que impedem a aproxima\u00e7\u00e3o do leiturista por quest\u00f5es de seguran\u00e7a. Nesses casos, automaticamente o sistema emite o faturamento pela m\u00e9dia de consumo do cliente nos \u00faltimos 12 meses.&nbsp;<\/p>\n<p>Neste caso, o recomend\u00e1vel \u00e9 realizar a autoleitura. E \u00e9 muito simples: em at\u00e9 tr\u00eas dias antes da data da leitura, informada na conta de energia, o cliente faz a leitura do medidor, n\u00famero que aparece no visor do padr\u00e3o de energia, e informa \u00e0&nbsp;Energisa&nbsp;por meios dos canais de atendimento da distribuidora. Pode ser por meio do&nbsp;<strong>Energisa&nbsp;On<\/strong>, Call Center pelo n\u00famero&nbsp;<strong>0800 032 0196<\/strong>, site&nbsp;<strong><a href=\"http:\/\/energisa.com.br\/\">energisa.com.br<\/a><\/strong>&nbsp;ou em \u00faltimo caso, por conta da pandemia, informando pessoalmente na Ag\u00eancia de Atendimento.<\/p>\n<p>Um jeito f\u00e1cil de entender sobre varia\u00e7\u00e3o de consumo e composi\u00e7\u00e3o da conta de energia \u00e9 acompanhando os v\u00eddeos da s\u00e9rio Descomplicador no link do youtube&nbsp;<a href=\"http:\/\/descomplicador.com.br\/\">descomplicador.com.br<\/a>.<\/p>\n<p><strong>&nbsp;<\/strong><\/p>\n<p><strong>Bandeiras tarif\u00e1rias<\/strong><\/p>\n<p>&nbsp;<\/p>\n<p>As bandeiras tarif\u00e1rias tamb\u00e9m contribuem para a varia\u00e7\u00e3o do consumo de energia e consequente do valor da conta; e agora em junho ser\u00e1 aplicada a bandeira vermelha que representa um acr\u00e9scimo de R$ 6,243 para cada 100kWh consumidos, sendo que essa cobran\u00e7a \u00e9 repassada integralmente \u00e0s geradoras de energia&nbsp;Criado pela Aneel, o sistema das bandeiras funciona como uma sinaliza\u00e7\u00e3o para que o consumidor de energia el\u00e9trica conhe\u00e7a, m\u00eas a m\u00eas, as condi\u00e7\u00f5es e os custos de gera\u00e7\u00e3o no pa\u00eds. Segundo a Aneel maio foi o primeiro m\u00eas da esta\u00e7\u00e3o seca nas principais bacias hidrogr\u00e1ficas do Sistema Interligado Nacional (SIN), registrando condi\u00e7\u00f5es hidrol\u00f3gicas desfavor\u00e1veis e exigindo acionar as termel\u00e9tricas.<\/p>\n<p>\u201cA&nbsp;bandeira tarif\u00e1ria incide tamb\u00e9m sobre os impostos estaduais e federais. Ent\u00e3o, todos os consumidores precisam redobrar a aten\u00e7\u00e3o, planejar o consumo e rever h\u00e1bitos individuais e coletivos, no dia a dia, para que consigam economizar energia&#8221;, explica Luciano&nbsp;Lima, gerente do Departamento de Servi\u00e7os Comerciais da&nbsp;Energisa, que alerta que com a chegada do inverno e tempo seco sem chuvas, a bandeira tende a ser vermelha.<\/p>\n<p>&nbsp;<\/p>\n<p><strong>Consumo consciente&nbsp;<\/strong><\/p>\n<p>&nbsp;<\/p>\n<p>Alguns equipamentos como chuveiro, aquecedor, geladeira e ferro de passar favorecem o aumento no consumo de energia. Por\u00e9m, o gasto tamb\u00e9m est\u00e1 atrelado aos h\u00e1bitos individuais e coletivos das pessoas que integram a rotina da unidade consumidora.&nbsp;&nbsp;Para ajud\u00e1-lo na tarefa de usar a energia el\u00e9trica de maneira consciente, a&nbsp;Energisa&nbsp;listou alguns equipamentos e pr\u00e1ticas que potencializam o alto consumo dom\u00e9stico:&nbsp;&nbsp;<\/p>\n<p>&nbsp;<\/p>\n<ul>\n<li><strong>Chuveiro el\u00e9trico:&nbsp;<\/strong>respons\u00e1vel por cerca de 25% do consumo de uma resid\u00eancia, o chuveiro el\u00e9trico tamb\u00e9m pode contribuir para que a sua conta de luz venha alta. Ent\u00e3o, ao utilizar esse aparelho, verifique a op\u00e7\u00e3o em que ele se encontra. A op\u00e7\u00e3o \u2018Ver\u00e3o\u2019 consome 30% menos que a \u2018Inverno\u2019.&nbsp;&nbsp;<\/li>\n<\/ul>\n<p>&nbsp;<\/p>\n<ul>\n<li><strong>Computador:&nbsp;<\/strong>nos intervalos, desligue o monitor ou ative o \u2018modo de espera\u2019 do computador ou notebook para poupar energia.&nbsp;&nbsp;<\/li>\n<\/ul>\n<p>&nbsp;<\/p>\n<ul>\n<li><strong>Trabalho e estudo em casa:&nbsp;<\/strong>ao trabalhar ou realizar atividades escolares em casa, procure um ambiente ventilado e com maior entrada de ilumina\u00e7\u00e3o natural, evitando assim manter as l\u00e2mpadas acesas durante o dia. E d\u00ea prefer\u00eancia \u00e0s de LED, pois esses modelos consomem menos energia.&nbsp;&nbsp;<\/li>\n<\/ul>\n<p>&nbsp;<\/p>\n<ul>\n<li><strong>Geladeira<\/strong>: certifique-se de que a borracha est\u00e1 perfeita. Se n\u00e3o estiver vedando bem, a geladeira pode ficar aberta, favorecendo a entrada de ar quente, o que exigir\u00e1 maior gasto de energia para refrigera\u00e7\u00e3o. Al\u00e9m disso, quanto mais tempo aberta a geladeira, mais energia vai consumir.&nbsp;E n\u00e3o coloque alimentos quentes, pois ela vai gastar mais energia para fazer com que o alimento quente chegue \u00e0 temperatura dos demais.&nbsp;<br \/>\n<strong>&nbsp;<\/strong>&nbsp;<\/li>\n<li><strong>Aparelhos em stand-by:&nbsp;<\/strong>televis\u00e3o, micro-ondas, DVD, cafeteira e outros equipamentos na tomada consomem energia. Retire-os da tomada ap\u00f3s o uso.&nbsp;&nbsp;&nbsp;&nbsp;<\/li>\n<\/ul>\n<p>&nbsp;<\/p>\n<ul>\n<li><strong>M\u00e1quina e ferro de lavar:&nbsp;<\/strong>acumule pe\u00e7as e lave tudo de uma vez. Assim, a m\u00e1quina funcionar\u00e1 com toda a sua capacidade em intervalos maiores, reduzindo o consumo de energia. A dica vale para o ferro de passar roupas.&nbsp;&nbsp;<br \/>\n&nbsp;<\/li>\n<li><strong>Lumin\u00e1rias:&nbsp;<\/strong>as lumin\u00e1rias e abajures podem consumir a mesma energia que algumas l\u00e2mpadas de teto. Evite deix\u00e1-los ligados por muito tempo.<\/li>\n<\/ul>\n<p>&nbsp;<\/p>\n<ul>\n<li><strong>Equipamentos novos:&nbsp;<\/strong>ao comprar um equipamento novo, tenha a ci\u00eancia de que haver\u00e1 aumento no consumo da energia de sua casa. Para minimizar esse gasto, adquira produtos com o Selo Procel. A economia ao longo do tempo vale a pena.&nbsp;&nbsp;<br \/>\n&nbsp;&nbsp;<\/li>\n<li><strong>Instala\u00e7\u00f5es internas:&nbsp;<\/strong>emendas em excesso ou instala\u00e7\u00f5es inadequadas podem gerar sobrecarga e aumentar o consumo, al\u00e9m do perigo. Evite, ainda, usar \u201cbenjamin\u201d, ou T, para ligar v\u00e1rios aparelhos. Esses dispositivos podem gerar sobrecarga e provocar um curto-circuito e at\u00e9 inc\u00eandio.<\/li>\n<\/ul>\n<p>&nbsp;<\/p>\n<p>Fonte: Comunica\u00e7\u00e3o Grupo Energisa&nbsp;<\/p>\n","protected":false},"excerpt":{"rendered":"<p>Fam\u00edlias inteiras t\u00eam passado muito mais tempo em casa ao longo da pandemia: adultos em home office, crian\u00e7as e jovens estudando on-line, lazer restrito, abre e fecha de geladeira, equipamentos eletr\u00f4nicos conectados o dia todo e, agora com a chegada do tempo frio, chuveiros na posi\u00e7\u00e3o Inverno. Somado a isso, a Aneel anunciou na \u00faltima [&hellip;]<\/p>\n","protected":false},"author":6,"featured_media":0,"comment_status":"open","ping_status":"closed","sticky":false,"template":"","format":"standard","meta":{"_joinchat":[],"footnotes":""},"categories":[1],"tags":[],"class_list":["post-74851","post","type-post","status-publish","format-standard","hentry","category-sem-categoria"],"_links":{"self":[{"href":"https:\/\/folhadosudeste.com\/site\/index.php?rest_route=\/wp\/v2\/posts\/74851","targetHints":{"allow":["GET"]}}],"collection":[{"href":"https:\/\/folhadosudeste.com\/site\/index.php?rest_route=\/wp\/v2\/posts"}],"about":[{"href":"https:\/\/folhadosudeste.com\/site\/index.php?rest_route=\/wp\/v2\/types\/post"}],"author":[{"embeddable":true,"href":"https:\/\/folhadosudeste.com\/site\/index.php?rest_route=\/wp\/v2\/users\/6"}],"replies":[{"embeddable":true,"href":"https:\/\/folhadosudeste.com\/site\/index.php?rest_route=%2Fwp%2Fv2%2Fcomments&post=74851"}],"version-history":[{"count":1,"href":"https:\/\/folhadosudeste.com\/site\/index.php?rest_route=\/wp\/v2\/posts\/74851\/revisions"}],"predecessor-version":[{"id":74852,"href":"https:\/\/folhadosudeste.com\/site\/index.php?rest_route=\/wp\/v2\/posts\/74851\/revisions\/74852"}],"wp:attachment":[{"href":"https:\/\/folhadosudeste.com\/site\/index.php?rest_route=%2Fwp%2Fv2%2Fmedia&parent=74851"}],"wp:term":[{"taxonomy":"category","embeddable":true,"href":"https:\/\/folhadosudeste.com\/site\/index.php?rest_route=%2Fwp%2Fv2%2Fcategories&post=74851"},{"taxonomy":"post_tag","embeddable":true,"href":"https:\/\/folhadosudeste.com\/site\/index.php?rest_route=%2Fwp%2Fv2%2Ftags&post=74851"}],"curies":[{"name":"wp","href":"https:\/\/api.w.org\/{rel}","templated":true}]}}