{"id":74857,"date":"2021-06-02T17:24:34","date_gmt":"2021-06-02T17:24:34","guid":{"rendered":"http:\/\/folhadosudeste.com\/site\/?p=74857"},"modified":"2021-06-02T17:27:09","modified_gmt":"2021-06-02T17:27:09","slug":"governador-propoe-recursos-extras-para-mp-e-defensoria","status":"publish","type":"post","link":"https:\/\/folhadosudeste.com\/site\/?p=74857","title":{"rendered":"Governador prop\u00f5e recursos extras para MP e Defensoria"},"content":{"rendered":"<figure id=\"attachment_74858\" aria-describedby=\"caption-attachment-74858\" style=\"width: 640px\" class=\"wp-caption alignnone\"><a href=\"http:\/\/folhadosudeste.com\/site\/wp-content\/uploads\/2021\/06\/1563007.jpg\"><img loading=\"lazy\" decoding=\"async\" class=\"wp-image-74858 size-full\" src=\"http:\/\/folhadosudeste.com\/site\/wp-content\/uploads\/2021\/06\/1563007.jpg\" alt=\"\" width=\"640\" height=\"427\" srcset=\"https:\/\/folhadosudeste.com\/site\/wp-content\/uploads\/2021\/06\/1563007.jpg 640w, https:\/\/folhadosudeste.com\/site\/wp-content\/uploads\/2021\/06\/1563007-300x200.jpg 300w, https:\/\/folhadosudeste.com\/site\/wp-content\/uploads\/2021\/06\/1563007-120x80.jpg 120w, https:\/\/folhadosudeste.com\/site\/wp-content\/uploads\/2021\/06\/1563007-345x230.jpg 345w\" sizes=\"auto, (max-width: 640px) 100vw, 640px\" \/><\/a><figcaption id=\"caption-attachment-74858\" class=\"wp-caption-text\">Assembleia recebeu projetos de cr\u00e9dito suplementar e criou tr\u00eas comiss\u00f5es extraordin\u00e1rias&nbsp;&#8211; Foto:Tiago Ciccarini<\/figcaption><\/figure>\n<p>Dois projetos de lei (PLs) de cr\u00e9dito suplementar ao or\u00e7amento do Estado, ambos de autoria do governador Romeu Zema, foram recebidos pelo Plen\u00e1rio da Assembleia Legislativa de Minas Gerais (ALMG) durante a Reuni\u00e3o Ordin\u00e1ria desta ter\u00e7a-feira (1\u00ba\/6\/21).<\/p>\n<p><!--more--><\/p>\n<p><a href=\"https:\/\/opencms.almg.gov.br\/atividade_parlamentar\/plenario\/interna.html?tipo=res&amp;dDet=01|06|2021&amp;hDet=14:00\">Consulte o resultado e assista ao v\u00eddeo completo da reuni\u00e3o<\/a>.<\/p>\n<p><strong>O&nbsp;<a title=\"Ir para a tramita\u00e7\u00e3o do PL\" href=\"https:\/\/www.almg.gov.br\/atividade_parlamentar\/tramitacao_projetos\/interna.html?a=2021&amp;n=2770&amp;t=PL\">PL 2.770\/21<\/a>&nbsp;autoriza cr\u00e9ditos suplementares em um valor total de at\u00e9 R$ 200 milh\u00f5es<\/strong>, sendo R$ 120 milh\u00f5es&nbsp;<strong>em favor da Procuradoria-Geral de Justi\u00e7a<\/strong>&nbsp;do Minist\u00e9rio P\u00fablico de Minas Gerais (MPMG), R$ 40 milh\u00f5es em favor do&nbsp;<strong>Fundo Estadual de Prote\u00e7\u00e3o e Defesa do<\/strong>&nbsp;<strong>Consumidor (FEPDC)<\/strong>&nbsp;e R$ 40 milh\u00f5es em favor do&nbsp;<strong>Fundo Especial do Minist\u00e9rio P\u00fablico (Funemp)<\/strong>.<\/p>\n<p>J\u00e1 o&nbsp;<a title=\"Ir para a tramita\u00e7\u00e3o do PL\" href=\"https:\/\/www.almg.gov.br\/atividade_parlamentar\/tramitacao_projetos\/interna.html?a=2021&amp;n=2771&amp;t=PL\"><strong>PL 2.771\/21<\/strong><\/a>&nbsp;autoriza um cr\u00e9dito extraordin\u00e1rio&nbsp;<strong>em favor da Defensoria P\u00fablica de Minas Gerais, at\u00e9 o valor de R$ 256 mil<\/strong>.<\/p>\n<p>De acordo com o governador do Estado, o cr\u00e9dito suplementar de R$ 120 milh\u00f5es destinado \u00e0 Procuradoria-Geral de Justi\u00e7a se destina a despesas de pessoal e encargos sociais, at\u00e9 o valor de R$ 60 milh\u00f5es; e invers\u00f5es financeiras (para aquisi\u00e7\u00e3o de im\u00f3veis ou bens de capital), at\u00e9 o valor de R$ 60 milh\u00f5es.&nbsp;<\/p>\n<p>Para financiar tais despesas, ser\u00e3o utilizados recursos da anula\u00e7\u00e3o de dota\u00e7\u00f5es or\u00e7ament\u00e1rias do grupo de Pessoal e Encargos Sociais, da fonte de Recursos Ordin\u00e1rios, at\u00e9 o valor de R$ 40 milh\u00f5es; da anula\u00e7\u00e3o de dota\u00e7\u00e3o or\u00e7ament\u00e1ria do grupo de Outras Despesas Correntes, da fonte de Recursos Ordin\u00e1rios, at\u00e9 o valor de R$ 10 milh\u00f5es; da anula\u00e7\u00e3o de dota\u00e7\u00e3o or\u00e7ament\u00e1ria do grupo de Investimentos, da fonte de Recursos Ordin\u00e1rios, at\u00e9 o valor de R$ 10 milh\u00f5es; da anula\u00e7\u00e3o de dota\u00e7\u00e3o or\u00e7ament\u00e1ria, do grupo de Investimentos, da fonte de Recursos Diretamente Arrecadados, at\u00e9 o valor de R$ 40 milh\u00f5es; e do excesso de arrecada\u00e7\u00e3o da receita de Recursos para Cobertura do&nbsp;<em>Deficit<\/em>&nbsp;Atuarial do Regime Pr\u00f3prio de Previd\u00eancia Social (RPPS), at\u00e9 o valor de R$ 20 milh\u00f5es.<\/p>\n<p>J\u00e1 o cr\u00e9dito suplementar em favor do FEPDC se destina a atender outras despesas correntes, at\u00e9 o valor de R$ 20 milh\u00f5es; e investimentos, at\u00e9 o valor de R$ 20 milh\u00f5es. Em rela\u00e7\u00e3o ao FEPDC ser\u00e3o utilizados recursos provenientes do saldo financeiro da receita de Recursos Diretamente Arrecadados.<\/p>\n<p>O cr\u00e9dito em favor do Funemp se destina a atender outras despesas correntes, at\u00e9 o valor de R$ 20 milh\u00f5es; e investimentos, at\u00e9 o valor de R$ 20 milh\u00f5es. Para atender ao Funemp ser\u00e3o utilizados recursos provenientes do saldo financeiro da receita de Recursos Diretamente Arrecadados.<\/p>\n<p>O PL 2.771\/21, que autoriza a abertura de cr\u00e9dito suplementar em favor da Defensoria P\u00fablica at\u00e9 o limite de R$ 256 mil, tem o objetivo de atender outras despesas correntes. Ser\u00e3o utilizados recursos do excesso de arrecada\u00e7\u00e3o da receita de Conv\u00eanio, Acordos e Ajustes da Uni\u00e3o, at\u00e9 o valor de R$ 250 mil, e da anula\u00e7\u00e3o de dota\u00e7\u00e3o or\u00e7ament\u00e1ria, do grupo de Outras Despesas Correntes, da fonte de Recursos Ordin\u00e1rios para Livre Utiliza\u00e7\u00e3o, at\u00e9 o valor de R$ 6 mil.<\/p>\n<p><strong>LDO &#8211;<\/strong>&nbsp;Tamb\u00e9m nesta ter\u00e7a-feira, a Comiss\u00e3o de Fiscaliza\u00e7\u00e3o Financeira e Or\u00e7ament\u00e1ria comunicou a abertura, at\u00e9 21\/6, do prazo para recebimento de emendas ao&nbsp;<a title=\"Ir para a tramita\u00e7\u00e3o do PL\" href=\"https:\/\/www.almg.gov.br\/atividade_parlamentar\/tramitacao_projetos\/interna.html?a=2021&amp;n=2721&amp;t=PL\">PL 2.721\/21<\/a>, o projeto da Lei de Diretrizes Or\u00e7ament\u00e1rias (LDO), que disp\u00f5e sobre as diretrizes para a elabora\u00e7\u00e3o e execu\u00e7\u00e3o do or\u00e7amento de 2022.&nbsp;<\/p>\n<p><strong>Assembleia determina a cria\u00e7\u00e3o de tr\u00eas comiss\u00f5es extraordin\u00e1rias<\/strong><\/p>\n<p>Na Reuni\u00e3o Ordin\u00e1ria de Plen\u00e1rio desta ter\u00e7a-feira, a&nbsp;<strong>Mesa da Assembleia determinou a cria\u00e7\u00e3o de tr\u00eas comiss\u00f5es extraordin\u00e1rias<\/strong>.&nbsp;<strong>Duas delas j\u00e1 atuaram em 2019 e 2020<\/strong>, encerrando suas atividades em dezembro do ano passado: a&nbsp;<strong>Comiss\u00e3o Extraordin\u00e1ria de Turismo e Gastronomia<\/strong>&nbsp; e a&nbsp;<strong>Comiss\u00e3o Extraordin\u00e1ria das Energias Renov\u00e1veis e dos Recursos H\u00eddricos<\/strong>.<\/p>\n<p><strong>A novidade \u00e9 a Comiss\u00e3o Extraordin\u00e1ria das Privatiza\u00e7\u00f5es<\/strong>. Entre outros objetivos, a nova comiss\u00e3o buscar\u00e1 fomentar debates sobre requisitos constitucionais e legais para privatiza\u00e7\u00e3o; apurar e debater as vantagens e as desvantagens da privatiza\u00e7\u00e3o como forma de melhoria da situa\u00e7\u00e3o econ\u00f4mico-financeira do Estado; e analisar outros procedimentos capazes de potencializar a recupera\u00e7\u00e3o e a retomada do crescimento econ\u00f4mico em Minas.<\/p>\n<p>Fonte: Assessoria de Imprensa da ALMG<\/p>\n<p>&nbsp;<\/p>\n","protected":false},"excerpt":{"rendered":"<p>Dois projetos de lei (PLs) de cr\u00e9dito suplementar ao or\u00e7amento do Estado, ambos de autoria do governador Romeu Zema, foram recebidos pelo Plen\u00e1rio da Assembleia Legislativa de Minas Gerais (ALMG) durante a Reuni\u00e3o Ordin\u00e1ria desta ter\u00e7a-feira (1\u00ba\/6\/21).<\/p>\n","protected":false},"author":6,"featured_media":0,"comment_status":"open","ping_status":"closed","sticky":false,"template":"","format":"standard","meta":{"_joinchat":[],"footnotes":""},"categories":[1],"tags":[],"class_list":["post-74857","post","type-post","status-publish","format-standard","hentry","category-sem-categoria"],"_links":{"self":[{"href":"https:\/\/folhadosudeste.com\/site\/index.php?rest_route=\/wp\/v2\/posts\/74857","targetHints":{"allow":["GET"]}}],"collection":[{"href":"https:\/\/folhadosudeste.com\/site\/index.php?rest_route=\/wp\/v2\/posts"}],"about":[{"href":"https:\/\/folhadosudeste.com\/site\/index.php?rest_route=\/wp\/v2\/types\/post"}],"author":[{"embeddable":true,"href":"https:\/\/folhadosudeste.com\/site\/index.php?rest_route=\/wp\/v2\/users\/6"}],"replies":[{"embeddable":true,"href":"https:\/\/folhadosudeste.com\/site\/index.php?rest_route=%2Fwp%2Fv2%2Fcomments&post=74857"}],"version-history":[{"count":1,"href":"https:\/\/folhadosudeste.com\/site\/index.php?rest_route=\/wp\/v2\/posts\/74857\/revisions"}],"predecessor-version":[{"id":74859,"href":"https:\/\/folhadosudeste.com\/site\/index.php?rest_route=\/wp\/v2\/posts\/74857\/revisions\/74859"}],"wp:attachment":[{"href":"https:\/\/folhadosudeste.com\/site\/index.php?rest_route=%2Fwp%2Fv2%2Fmedia&parent=74857"}],"wp:term":[{"taxonomy":"category","embeddable":true,"href":"https:\/\/folhadosudeste.com\/site\/index.php?rest_route=%2Fwp%2Fv2%2Fcategories&post=74857"},{"taxonomy":"post_tag","embeddable":true,"href":"https:\/\/folhadosudeste.com\/site\/index.php?rest_route=%2Fwp%2Fv2%2Ftags&post=74857"}],"curies":[{"name":"wp","href":"https:\/\/api.w.org\/{rel}","templated":true}]}}