{"id":74860,"date":"2021-06-03T01:44:36","date_gmt":"2021-06-03T01:44:36","guid":{"rendered":"http:\/\/folhadosudeste.com\/site\/?p=74860"},"modified":"2021-06-03T01:44:36","modified_gmt":"2021-06-03T01:44:36","slug":"prefeito-recebe-membros-de-cooperativa-da-agricultura-familiar","status":"publish","type":"post","link":"https:\/\/folhadosudeste.com\/site\/?p=74860","title":{"rendered":"Prefeito recebe membros de cooperativa da Agricultura Familiar"},"content":{"rendered":"<p><a href=\"http:\/\/folhadosudeste.com\/site\/wp-content\/uploads\/2021\/06\/prefeito.4-1.jpg\"><img loading=\"lazy\" decoding=\"async\" class=\"alignnone size-full wp-image-74861\" src=\"http:\/\/folhadosudeste.com\/site\/wp-content\/uploads\/2021\/06\/prefeito.4-1.jpg\" alt=\"\" width=\"1280\" height=\"960\" srcset=\"https:\/\/folhadosudeste.com\/site\/wp-content\/uploads\/2021\/06\/prefeito.4-1.jpg 1280w, https:\/\/folhadosudeste.com\/site\/wp-content\/uploads\/2021\/06\/prefeito.4-1-300x225.jpg 300w, https:\/\/folhadosudeste.com\/site\/wp-content\/uploads\/2021\/06\/prefeito.4-1-768x576.jpg 768w, https:\/\/folhadosudeste.com\/site\/wp-content\/uploads\/2021\/06\/prefeito.4-1-1024x768.jpg 1024w\" sizes=\"auto, (max-width: 1280px) 100vw, 1280px\" \/><\/a><\/p>\n<p align=\"justify\">O prefeito Jos\u00e9 Braz recebeu os membros da Cooperativa dos Produtores da Agricultura Familiar Solid\u00e1ria (Coopaf) em seu gabinete para tratarem da possibilidade de estabelecer um conv\u00eanio junto ao Minist\u00e9rio do Desenvolvimento Social, por meio do Programa de Aquisi\u00e7\u00e3o de Alimentos (PAA), objetivando que o munic\u00edpio obtenha recursos da Uni\u00e3o para fortalecer os pequenos produtores rurais.<\/p>\n<p align=\"justify\"><!--more--><\/p>\n<p align=\"justify\">Os repasses, seriam para a Prefeitura investir nas cooperativas dos produtores da Agricultura Familiar, adquirindo, de tais fam\u00edlias do campo, os gr\u00e3os e hortifrutigranjeiros, que ser\u00e3o utilizados na alimenta\u00e7\u00e3o escolar.<\/p>\n<p align=\"justify\">Estavam presentes na reuni\u00e3o o diretor-presidente da Coopaf, Ant\u00f4nio Carlos Magle, o gerente Adenilson Roberto Pereira e uma das colaboradoras, membro do Conselho Administrativo, Adriana Aparecida de Morais Ribeiro.<\/p>\n<p align=\"justify\">O prefeito Jos\u00e9 Braz e os secret\u00e1rios de Agricultura e Meio Ambiente, Carlos Kneip, da Educa\u00e7\u00e3o, Maria Am\u00e9lia Xaia e a Adjunta da pasta, Andr\u00e9a Medina, ficaram de estudar a viabilidade do conv\u00eanio para que o Governo Federal realize os repasses.<\/p>\n<p align=\"justify\"><a href=\"http:\/\/folhadosudeste.com\/site\/wp-content\/uploads\/2021\/06\/Prefeito-e-Coopaf-1.jpg\"><img loading=\"lazy\" decoding=\"async\" class=\"alignnone size-full wp-image-74862\" src=\"http:\/\/folhadosudeste.com\/site\/wp-content\/uploads\/2021\/06\/Prefeito-e-Coopaf-1.jpg\" alt=\"\" width=\"1280\" height=\"960\" srcset=\"https:\/\/folhadosudeste.com\/site\/wp-content\/uploads\/2021\/06\/Prefeito-e-Coopaf-1.jpg 1280w, https:\/\/folhadosudeste.com\/site\/wp-content\/uploads\/2021\/06\/Prefeito-e-Coopaf-1-300x225.jpg 300w, https:\/\/folhadosudeste.com\/site\/wp-content\/uploads\/2021\/06\/Prefeito-e-Coopaf-1-768x576.jpg 768w, https:\/\/folhadosudeste.com\/site\/wp-content\/uploads\/2021\/06\/Prefeito-e-Coopaf-1-1024x768.jpg 1024w\" sizes=\"auto, (max-width: 1280px) 100vw, 1280px\" \/><\/a> <a href=\"http:\/\/folhadosudeste.com\/site\/wp-content\/uploads\/2021\/06\/Prefeito-e-coopaf.2-1.jpg\"><img loading=\"lazy\" decoding=\"async\" class=\"alignnone size-full wp-image-74863\" src=\"http:\/\/folhadosudeste.com\/site\/wp-content\/uploads\/2021\/06\/Prefeito-e-coopaf.2-1.jpg\" alt=\"\" width=\"1280\" height=\"960\" srcset=\"https:\/\/folhadosudeste.com\/site\/wp-content\/uploads\/2021\/06\/Prefeito-e-coopaf.2-1.jpg 1280w, https:\/\/folhadosudeste.com\/site\/wp-content\/uploads\/2021\/06\/Prefeito-e-coopaf.2-1-300x225.jpg 300w, https:\/\/folhadosudeste.com\/site\/wp-content\/uploads\/2021\/06\/Prefeito-e-coopaf.2-1-768x576.jpg 768w, https:\/\/folhadosudeste.com\/site\/wp-content\/uploads\/2021\/06\/Prefeito-e-coopaf.2-1-1024x768.jpg 1024w\" sizes=\"auto, (max-width: 1280px) 100vw, 1280px\" \/><\/a><\/p>\n<p align=\"justify\">Fonte: PMM<\/p>\n","protected":false},"excerpt":{"rendered":"<p>O prefeito Jos\u00e9 Braz recebeu os membros da Cooperativa dos Produtores da Agricultura Familiar Solid\u00e1ria (Coopaf) em seu gabinete para tratarem da possibilidade de estabelecer um conv\u00eanio junto ao Minist\u00e9rio do Desenvolvimento Social, por meio do Programa de Aquisi\u00e7\u00e3o de Alimentos (PAA), objetivando que o munic\u00edpio obtenha recursos da Uni\u00e3o para fortalecer os pequenos produtores [&hellip;]<\/p>\n","protected":false},"author":6,"featured_media":0,"comment_status":"open","ping_status":"closed","sticky":false,"template":"","format":"standard","meta":{"_joinchat":[],"footnotes":""},"categories":[1],"tags":[],"class_list":["post-74860","post","type-post","status-publish","format-standard","hentry","category-sem-categoria"],"_links":{"self":[{"href":"https:\/\/folhadosudeste.com\/site\/index.php?rest_route=\/wp\/v2\/posts\/74860","targetHints":{"allow":["GET"]}}],"collection":[{"href":"https:\/\/folhadosudeste.com\/site\/index.php?rest_route=\/wp\/v2\/posts"}],"about":[{"href":"https:\/\/folhadosudeste.com\/site\/index.php?rest_route=\/wp\/v2\/types\/post"}],"author":[{"embeddable":true,"href":"https:\/\/folhadosudeste.com\/site\/index.php?rest_route=\/wp\/v2\/users\/6"}],"replies":[{"embeddable":true,"href":"https:\/\/folhadosudeste.com\/site\/index.php?rest_route=%2Fwp%2Fv2%2Fcomments&post=74860"}],"version-history":[{"count":1,"href":"https:\/\/folhadosudeste.com\/site\/index.php?rest_route=\/wp\/v2\/posts\/74860\/revisions"}],"predecessor-version":[{"id":74864,"href":"https:\/\/folhadosudeste.com\/site\/index.php?rest_route=\/wp\/v2\/posts\/74860\/revisions\/74864"}],"wp:attachment":[{"href":"https:\/\/folhadosudeste.com\/site\/index.php?rest_route=%2Fwp%2Fv2%2Fmedia&parent=74860"}],"wp:term":[{"taxonomy":"category","embeddable":true,"href":"https:\/\/folhadosudeste.com\/site\/index.php?rest_route=%2Fwp%2Fv2%2Fcategories&post=74860"},{"taxonomy":"post_tag","embeddable":true,"href":"https:\/\/folhadosudeste.com\/site\/index.php?rest_route=%2Fwp%2Fv2%2Ftags&post=74860"}],"curies":[{"name":"wp","href":"https:\/\/api.w.org\/{rel}","templated":true}]}}