{"id":74872,"date":"2021-06-03T02:02:55","date_gmt":"2021-06-03T02:02:55","guid":{"rendered":"http:\/\/folhadosudeste.com\/site\/?p=74872"},"modified":"2021-06-03T02:02:55","modified_gmt":"2021-06-03T02:02:55","slug":"muriae-inicia-vacinacao-de-trabalhadores-da-educacao-nesta-sexta","status":"publish","type":"post","link":"https:\/\/folhadosudeste.com\/site\/?p=74872","title":{"rendered":"Muria\u00e9 inicia vacina\u00e7\u00e3o de trabalhadores da educa\u00e7\u00e3o nesta sexta"},"content":{"rendered":"<p><a href=\"http:\/\/folhadosudeste.com\/site\/wp-content\/uploads\/2021\/06\/educacao.jpeg\"><img loading=\"lazy\" decoding=\"async\" class=\"alignnone size-full wp-image-74871\" src=\"http:\/\/folhadosudeste.com\/site\/wp-content\/uploads\/2021\/06\/educacao.jpeg\" alt=\"\" width=\"1024\" height=\"1280\" srcset=\"https:\/\/folhadosudeste.com\/site\/wp-content\/uploads\/2021\/06\/educacao.jpeg 1024w, https:\/\/folhadosudeste.com\/site\/wp-content\/uploads\/2021\/06\/educacao-240x300.jpeg 240w, https:\/\/folhadosudeste.com\/site\/wp-content\/uploads\/2021\/06\/educacao-768x960.jpeg 768w, https:\/\/folhadosudeste.com\/site\/wp-content\/uploads\/2021\/06\/educacao-819x1024.jpeg 819w\" sizes=\"auto, (max-width: 1024px) 100vw, 1024px\" \/><\/a><\/p>\n<div>Os trabalhadores da educa\u00e7\u00e3o de Muria\u00e9 come\u00e7ar\u00e3o a se vacinar contra a covid-19 na pr\u00f3xima sexta-feira, dia 4 de junho. O atendimento ser\u00e1 das 8h \u00e0s 16h, na unidade b\u00e1sica de sa\u00fade do bairro S\u00e3o Francisco, e o imunizante ser\u00e1 o da Astrazeneca\/Fiocruz.<\/div>\n<div>&nbsp;<\/div>\n<div>No primeiro dia desta nova fase da campanha, a vacina ser\u00e1 destinada exclusivamente aos colaboradores das 12 institui\u00e7\u00f5es que j\u00e1 retomaram as atividades escolares presenciais.&nbsp;<\/div>\n<div>&nbsp;<\/div>\n<p><!--more--><\/p>\n<div>&nbsp;<\/div>\n<div>S\u00e3o elas: Amiguinhos de Cristo; Brincando e Aprendendo; Educand\u00e1rio Batista; Equipe; Espa\u00e7o Arte; Favo de Mel; L\u00e1pis de Cor; Pinguinho de Gente; Pituxinha; Santa Marcelina; S\u00e3o Paulo; e Tia Filhinha. Vale lembrar que \u00e9 obrigat\u00f3rio apresentar contracheque atual comprovando o v\u00ednculo de trabalho com uma das escolas.<\/div>\n<div>&nbsp;<\/div>\n<div>J\u00e1 na semana seguinte, a partir de segunda-feira (7), ser\u00e1 a vez dos funcion\u00e1rios das escolas da rede p\u00fablica (municipal e estadual).&nbsp;<\/div>\n<div>&nbsp;<\/div>\n<div>Os trabalhadores das institui\u00e7\u00f5es de Ensino Superior e do Instituto Federal, por sua vez, ser\u00e3o inclu\u00eddos no cronograma em breve, ap\u00f3s a remessa de mais vacinas para Muria\u00e9.<\/div>\n<div>&nbsp;<\/div>\n<div>Fonte: PMM<\/div>\n","protected":false},"excerpt":{"rendered":"<p>Os trabalhadores da educa\u00e7\u00e3o de Muria\u00e9 come\u00e7ar\u00e3o a se vacinar contra a covid-19 na pr\u00f3xima sexta-feira, dia 4 de junho. O atendimento ser\u00e1 das 8h \u00e0s 16h, na unidade b\u00e1sica de sa\u00fade do bairro S\u00e3o Francisco, e o imunizante ser\u00e1 o da Astrazeneca\/Fiocruz. &nbsp; No primeiro dia desta nova fase da campanha, a vacina ser\u00e1 [&hellip;]<\/p>\n","protected":false},"author":6,"featured_media":0,"comment_status":"open","ping_status":"closed","sticky":false,"template":"","format":"standard","meta":{"_joinchat":[],"footnotes":""},"categories":[1],"tags":[],"class_list":["post-74872","post","type-post","status-publish","format-standard","hentry","category-sem-categoria"],"_links":{"self":[{"href":"https:\/\/folhadosudeste.com\/site\/index.php?rest_route=\/wp\/v2\/posts\/74872","targetHints":{"allow":["GET"]}}],"collection":[{"href":"https:\/\/folhadosudeste.com\/site\/index.php?rest_route=\/wp\/v2\/posts"}],"about":[{"href":"https:\/\/folhadosudeste.com\/site\/index.php?rest_route=\/wp\/v2\/types\/post"}],"author":[{"embeddable":true,"href":"https:\/\/folhadosudeste.com\/site\/index.php?rest_route=\/wp\/v2\/users\/6"}],"replies":[{"embeddable":true,"href":"https:\/\/folhadosudeste.com\/site\/index.php?rest_route=%2Fwp%2Fv2%2Fcomments&post=74872"}],"version-history":[{"count":1,"href":"https:\/\/folhadosudeste.com\/site\/index.php?rest_route=\/wp\/v2\/posts\/74872\/revisions"}],"predecessor-version":[{"id":74873,"href":"https:\/\/folhadosudeste.com\/site\/index.php?rest_route=\/wp\/v2\/posts\/74872\/revisions\/74873"}],"wp:attachment":[{"href":"https:\/\/folhadosudeste.com\/site\/index.php?rest_route=%2Fwp%2Fv2%2Fmedia&parent=74872"}],"wp:term":[{"taxonomy":"category","embeddable":true,"href":"https:\/\/folhadosudeste.com\/site\/index.php?rest_route=%2Fwp%2Fv2%2Fcategories&post=74872"},{"taxonomy":"post_tag","embeddable":true,"href":"https:\/\/folhadosudeste.com\/site\/index.php?rest_route=%2Fwp%2Fv2%2Ftags&post=74872"}],"curies":[{"name":"wp","href":"https:\/\/api.w.org\/{rel}","templated":true}]}}