{"id":74878,"date":"2021-06-07T19:23:58","date_gmt":"2021-06-07T19:23:58","guid":{"rendered":"http:\/\/folhadosudeste.com\/site\/?p=74878"},"modified":"2021-06-07T20:05:49","modified_gmt":"2021-06-07T20:05:49","slug":"vacinacao-de-trabalhadores-da-educacao-prossegue-em-muriae-na-proxima-semana-veja-calendario","status":"publish","type":"post","link":"https:\/\/folhadosudeste.com\/site\/?p=74878","title":{"rendered":"Vacina\u00e7\u00e3o de trabalhadores da educa\u00e7\u00e3o prossegue em Muria\u00e9 nesta semana; veja calend\u00e1rio"},"content":{"rendered":"<p><a href=\"http:\/\/folhadosudeste.com\/site\/wp-content\/uploads\/2021\/06\/educacao-1.jpeg\"><img loading=\"lazy\" decoding=\"async\" class=\"alignnone size-full wp-image-74879\" src=\"http:\/\/folhadosudeste.com\/site\/wp-content\/uploads\/2021\/06\/educacao-1.jpeg\" alt=\"\" width=\"1024\" height=\"1280\" srcset=\"https:\/\/folhadosudeste.com\/site\/wp-content\/uploads\/2021\/06\/educacao-1.jpeg 1024w, https:\/\/folhadosudeste.com\/site\/wp-content\/uploads\/2021\/06\/educacao-1-240x300.jpeg 240w, https:\/\/folhadosudeste.com\/site\/wp-content\/uploads\/2021\/06\/educacao-1-768x960.jpeg 768w, https:\/\/folhadosudeste.com\/site\/wp-content\/uploads\/2021\/06\/educacao-1-819x1024.jpeg 819w\" sizes=\"auto, (max-width: 1024px) 100vw, 1024px\" \/><\/a><\/p>\n<div>A vacina\u00e7\u00e3o de primeira dose dos trabalhadores da educa\u00e7\u00e3o de Muria\u00e9 prossegue na pr\u00f3xima semana. A partir de segunda-feira (7), ser\u00e1 a vez dos profissionais que atuam nas institui\u00e7\u00f5es de ensino da rede p\u00fablica municipal, estadual e federal.<\/div>\n<div>&nbsp;<\/div>\n<p><!--more--><\/p>\n<div>&nbsp;<\/div>\n<div>O atendimento ser\u00e1 das 8h \u00e0s 11h, nas seguintes escolas municipais: Dr. Ant\u00f4nio Can\u00eado (Centro); Odal\u00e9ia Morais de Azevedo (Barra); Maria Hastenreiter (Dornelas); Clara de Castro Rog\u00e9rio (Porto). O imunizante utilizado ser\u00e1 o Oxford \/ AstraZeneca \/ Fiocruz.<\/div>\n<div>&nbsp;<\/div>\n<div>Est\u00e3o inclu\u00eddas as seguintes categorias: diretores e vice-diretores; coordenadores pedag\u00f3gicos e supervisores pedag\u00f3gicos; professores e pedagogos; secret\u00e1rios escolares; merendeiras e auxiliares de servi\u00e7os.<\/div>\n<div>&nbsp;<\/div>\n<div>A escala da vacina\u00e7\u00e3o dos trabalhadores da educa\u00e7\u00e3o ser\u00e1 da seguinte forma:<\/div>\n<div>&nbsp;<\/div>\n<div>Segunda (7 de junho): funcion\u00e1rios com idade a partir de 45 anos;<\/div>\n<div>Ter\u00e7a e quarta (8 e 9): a partir de 35 anos;<\/div>\n<div>Quinta e sexta (10 e 11): a partir de 18 anos.<\/div>\n<div>&nbsp;<\/div>\n<div>Vale ressaltar que ser\u00e1 obrigat\u00f3rio apresentar documento de identidade com foto e comprovante atual de v\u00ednculo de trabalho na \u00e1rea da educa\u00e7\u00e3o.<\/div>\n<div>&nbsp;<\/div>\n<div>Outros p\u00fablicos &#8211; Paralelamente aos trabalhadores da educa\u00e7\u00e3o, a vacina\u00e7\u00e3o de primeira dose contra covid-19 tamb\u00e9m continuar\u00e1 acontecendo junto \u00e0s pessoas com comorbidades que tenham idade a partir de 18 anos.<\/div>\n<div>&nbsp;<\/div>\n<div>J\u00e1 os idosos que receberam a primeira aplica\u00e7\u00e3o de AstraZeneca no in\u00edcio de mar\u00e7o tamb\u00e9m devem procurar um dos quatro postos de vacina\u00e7\u00e3o para receber a dose de refor\u00e7o.<\/div>\n<div class=\"yj6qo\">&nbsp;<\/div>\n<div class=\"adL\">Fonte: PMM<\/div>\n<div class=\"adL\">&nbsp;<\/div>\n<div class=\"adL\">&nbsp;<\/div>\n","protected":false},"excerpt":{"rendered":"<p>A vacina\u00e7\u00e3o de primeira dose dos trabalhadores da educa\u00e7\u00e3o de Muria\u00e9 prossegue na pr\u00f3xima semana. A partir de segunda-feira (7), ser\u00e1 a vez dos profissionais que atuam nas institui\u00e7\u00f5es de ensino da rede p\u00fablica municipal, estadual e federal. &nbsp;<\/p>\n","protected":false},"author":6,"featured_media":0,"comment_status":"open","ping_status":"closed","sticky":false,"template":"","format":"standard","meta":{"_joinchat":[],"footnotes":""},"categories":[1],"tags":[],"class_list":["post-74878","post","type-post","status-publish","format-standard","hentry","category-sem-categoria"],"_links":{"self":[{"href":"https:\/\/folhadosudeste.com\/site\/index.php?rest_route=\/wp\/v2\/posts\/74878","targetHints":{"allow":["GET"]}}],"collection":[{"href":"https:\/\/folhadosudeste.com\/site\/index.php?rest_route=\/wp\/v2\/posts"}],"about":[{"href":"https:\/\/folhadosudeste.com\/site\/index.php?rest_route=\/wp\/v2\/types\/post"}],"author":[{"embeddable":true,"href":"https:\/\/folhadosudeste.com\/site\/index.php?rest_route=\/wp\/v2\/users\/6"}],"replies":[{"embeddable":true,"href":"https:\/\/folhadosudeste.com\/site\/index.php?rest_route=%2Fwp%2Fv2%2Fcomments&post=74878"}],"version-history":[{"count":3,"href":"https:\/\/folhadosudeste.com\/site\/index.php?rest_route=\/wp\/v2\/posts\/74878\/revisions"}],"predecessor-version":[{"id":74882,"href":"https:\/\/folhadosudeste.com\/site\/index.php?rest_route=\/wp\/v2\/posts\/74878\/revisions\/74882"}],"wp:attachment":[{"href":"https:\/\/folhadosudeste.com\/site\/index.php?rest_route=%2Fwp%2Fv2%2Fmedia&parent=74878"}],"wp:term":[{"taxonomy":"category","embeddable":true,"href":"https:\/\/folhadosudeste.com\/site\/index.php?rest_route=%2Fwp%2Fv2%2Fcategories&post=74878"},{"taxonomy":"post_tag","embeddable":true,"href":"https:\/\/folhadosudeste.com\/site\/index.php?rest_route=%2Fwp%2Fv2%2Ftags&post=74878"}],"curies":[{"name":"wp","href":"https:\/\/api.w.org\/{rel}","templated":true}]}}