{"id":74899,"date":"2021-06-08T12:47:55","date_gmt":"2021-06-08T12:47:55","guid":{"rendered":"http:\/\/folhadosudeste.com\/site\/?p=74899"},"modified":"2021-06-08T12:47:55","modified_gmt":"2021-06-08T12:47:55","slug":"bairro-joao-xxiii-tem-nova-diretoria-para-a-associacao-de-moradores","status":"publish","type":"post","link":"https:\/\/folhadosudeste.com\/site\/?p=74899","title":{"rendered":"BAIRRO JO\u00c3O XXIII TEM NOVA DIRETORIA PARA A ASSOCIA\u00c7\u00c3O DE MORADORES"},"content":{"rendered":"<p><a href=\"http:\/\/folhadosudeste.com\/site\/wp-content\/uploads\/2021\/06\/9b5c3b86-b69b-467c-939c-716cbed958dd-1.jpg\"><img loading=\"lazy\" decoding=\"async\" class=\"alignnone size-full wp-image-74900\" src=\"http:\/\/folhadosudeste.com\/site\/wp-content\/uploads\/2021\/06\/9b5c3b86-b69b-467c-939c-716cbed958dd-1.jpg\" alt=\"\" width=\"1280\" height=\"960\" srcset=\"https:\/\/folhadosudeste.com\/site\/wp-content\/uploads\/2021\/06\/9b5c3b86-b69b-467c-939c-716cbed958dd-1.jpg 1280w, https:\/\/folhadosudeste.com\/site\/wp-content\/uploads\/2021\/06\/9b5c3b86-b69b-467c-939c-716cbed958dd-1-300x225.jpg 300w, https:\/\/folhadosudeste.com\/site\/wp-content\/uploads\/2021\/06\/9b5c3b86-b69b-467c-939c-716cbed958dd-1-768x576.jpg 768w, https:\/\/folhadosudeste.com\/site\/wp-content\/uploads\/2021\/06\/9b5c3b86-b69b-467c-939c-716cbed958dd-1-1024x768.jpg 1024w\" sizes=\"auto, (max-width: 1280px) 100vw, 1280px\" \/><\/a><\/p>\n<p>No \u00faltimo domingo de maio, dia 30, uma centena de moradores do bairro Jo\u00e3o XXIII se dirigiram ao Sal\u00e3o Comunit\u00e1rio da Igreja S\u00e3o Jo\u00e3o Evangelista para realizarem a escolha da nova diretoria de sua Associa\u00e7\u00e3o de Moradores para o bi\u00eanio 2021-2023.<\/p>\n<p>Tendo tudo transcorrido de forma tranquila, \u00e0s 12:00 horas o pleito foi encerrado com a confirma\u00e7\u00e3o da elei\u00e7\u00e3o da Chapa Caminhando tendo na presid\u00eancia Jo\u00e3o Bramila, que pela terceira vez estar\u00e1 \u00e0 frente desta Associa\u00e7\u00e3o.<\/p>\n<p><!--more--><\/p>\n<p>Muitos dos moradores que passaram pelo sal\u00e3o da Igreja aproveitaram o momento para tamb\u00e9m exporem algumas de suas reivindica\u00e7\u00f5es e problemas que certamente ser\u00e3o objetos da aten\u00e7\u00e3o da diretoria eleita, que conta com v\u00e1rios membros das gest\u00f5es anteriores entre os anos de 2005-2009, juntamente com o presidente eleito, Jo\u00e3o Bramila.<\/p>\n<p>E para j\u00e1 organizarem sua pauta de trabalho, uma primeira reuni\u00e3o da diretoria rec\u00e9m-eleita j\u00e1 ocorreu no dia 02\/06 e quest\u00f5es levadas por moradores como poda das \u00e1rvores, instala\u00e7\u00e3o de redutores de velocidade, coleta de lixo, dejetos fecais de c\u00e3es, bem como a quest\u00e3o sobre a lentid\u00e3o da obra de reforma da pra\u00e7a, etc., foram alguns dos temas discutidos, afim de orientar quais ser\u00e3o os primeiros passos de nossos trabalhos.<\/p>\n<p>N\u00f3s, da diretoria da AMBJXXIII, reafirmamos que nosso principal objetivo \u00e9 o trabalho em prol da coletividade e esperamos justificar o apoio recebido dos moradores que estiveram no pleito do dia 30, bem como dos demais que l\u00e1 n\u00e3o puderam comparecer, afim de quest\u00f5es que digam respeito ao bairro e aos seus moradores possam ser ouvidas e atendidas, como j\u00e1 o foram em oportunidades anteriores, pelos \u00f3rg\u00e3os p\u00fablicos municipais e prestadores de servi\u00e7os.<\/p>\n<p>O mestre Paulo Freire, em seu caminhar, escreveu que, <em>\u201cningu\u00e9m caminha sem aprender a caminhar, sem aprender a fazer o caminho, refazendo e retocando o sonho pelo qual se p\u00f4s a caminhar\u201d.<\/em> E \u00e9 assim que queremos nortear nossa gest\u00e3o, sonhando, fazendo, refazendo e caminhando para atingir os prop\u00f3sitos que nos conduziram at\u00e9 aqui.<\/p>\n<p>&nbsp;<\/p>\n<p><strong>Prof. W. Clark<\/strong><\/p>\n<p><strong>(Vice-presidente da AMBJXXIII)<\/strong><\/p>\n<p>Composi\u00e7\u00e3o da diretoria da AMBJXXIII, gest\u00e3o Caminhando, para o bi\u00eanio 2021 \u2013 2023:<\/p>\n<p>Presidente: Jo\u00e3o Bramila<\/p>\n<p>Vice-pres.: prof. W. Clark<\/p>\n<p>1\u00ba secret\u00e1rio: M\u00e1rio L\u00facio<\/p>\n<p>2\u00ba secret\u00e1rio: Ivonaldo de Souza<\/p>\n<p>1\u00ba tesoureiro: Silair Reis<\/p>\n<p>2\u00ba tesoureiro: Alex Petrilo<\/p>\n<p>Diretor social: Wellington Barbosa (Tuca)<\/p>\n<p>Conselho Fiscal: Andreia Aparecida<\/p>\n<p>&nbsp; &nbsp; &nbsp; &nbsp; &nbsp; &nbsp; &nbsp; &nbsp; &nbsp; &nbsp; &nbsp; &nbsp; &nbsp; &nbsp; &nbsp; Geraldo Ribeiro<\/p>\n<p>&nbsp; &nbsp; &nbsp; &nbsp; &nbsp; &nbsp; &nbsp; &nbsp; &nbsp; &nbsp; &nbsp; &nbsp; &nbsp; &nbsp; &nbsp;\u00c1ureo L\u00facio (China)<\/p>\n<p><a href=\"http:\/\/folhadosudeste.com\/site\/wp-content\/uploads\/2021\/06\/fb4c3cb0-61c1-4131-ad3a-69b00430d6c9.jpg\"><img loading=\"lazy\" decoding=\"async\" class=\"alignnone size-full wp-image-74901\" src=\"http:\/\/folhadosudeste.com\/site\/wp-content\/uploads\/2021\/06\/fb4c3cb0-61c1-4131-ad3a-69b00430d6c9.jpg\" alt=\"\" width=\"960\" height=\"1280\" srcset=\"https:\/\/folhadosudeste.com\/site\/wp-content\/uploads\/2021\/06\/fb4c3cb0-61c1-4131-ad3a-69b00430d6c9.jpg 960w, https:\/\/folhadosudeste.com\/site\/wp-content\/uploads\/2021\/06\/fb4c3cb0-61c1-4131-ad3a-69b00430d6c9-225x300.jpg 225w, https:\/\/folhadosudeste.com\/site\/wp-content\/uploads\/2021\/06\/fb4c3cb0-61c1-4131-ad3a-69b00430d6c9-768x1024.jpg 768w\" sizes=\"auto, (max-width: 960px) 100vw, 960px\" \/><\/a> <a href=\"http:\/\/folhadosudeste.com\/site\/wp-content\/uploads\/2021\/06\/57c1c02c-a2df-4abb-92bf-9fdc7465f9ae.jpg\"><img loading=\"lazy\" decoding=\"async\" class=\"alignnone size-full wp-image-74902\" src=\"http:\/\/folhadosudeste.com\/site\/wp-content\/uploads\/2021\/06\/57c1c02c-a2df-4abb-92bf-9fdc7465f9ae.jpg\" alt=\"\" width=\"960\" height=\"1280\" srcset=\"https:\/\/folhadosudeste.com\/site\/wp-content\/uploads\/2021\/06\/57c1c02c-a2df-4abb-92bf-9fdc7465f9ae.jpg 960w, https:\/\/folhadosudeste.com\/site\/wp-content\/uploads\/2021\/06\/57c1c02c-a2df-4abb-92bf-9fdc7465f9ae-225x300.jpg 225w, https:\/\/folhadosudeste.com\/site\/wp-content\/uploads\/2021\/06\/57c1c02c-a2df-4abb-92bf-9fdc7465f9ae-768x1024.jpg 768w\" sizes=\"auto, (max-width: 960px) 100vw, 960px\" \/><\/a> <a href=\"http:\/\/folhadosudeste.com\/site\/wp-content\/uploads\/2021\/06\/b6f6c598-1862-423c-98ab-3a4b382ddb4c.jpg\"><img loading=\"lazy\" decoding=\"async\" class=\"alignnone size-full wp-image-74903\" src=\"http:\/\/folhadosudeste.com\/site\/wp-content\/uploads\/2021\/06\/b6f6c598-1862-423c-98ab-3a4b382ddb4c.jpg\" alt=\"\" width=\"720\" height=\"1280\" srcset=\"https:\/\/folhadosudeste.com\/site\/wp-content\/uploads\/2021\/06\/b6f6c598-1862-423c-98ab-3a4b382ddb4c.jpg 720w, https:\/\/folhadosudeste.com\/site\/wp-content\/uploads\/2021\/06\/b6f6c598-1862-423c-98ab-3a4b382ddb4c-169x300.jpg 169w, https:\/\/folhadosudeste.com\/site\/wp-content\/uploads\/2021\/06\/b6f6c598-1862-423c-98ab-3a4b382ddb4c-576x1024.jpg 576w\" sizes=\"auto, (max-width: 720px) 100vw, 720px\" \/><\/a><\/p>\n<p><a href=\"http:\/\/folhadosudeste.com\/site\/wp-content\/uploads\/2021\/06\/86447910-d8f2-469d-9381-559b4831979d.jpg\"><img loading=\"lazy\" decoding=\"async\" class=\"alignnone size-full wp-image-74904\" src=\"http:\/\/folhadosudeste.com\/site\/wp-content\/uploads\/2021\/06\/86447910-d8f2-469d-9381-559b4831979d.jpg\" alt=\"\" width=\"960\" height=\"1280\" srcset=\"https:\/\/folhadosudeste.com\/site\/wp-content\/uploads\/2021\/06\/86447910-d8f2-469d-9381-559b4831979d.jpg 960w, https:\/\/folhadosudeste.com\/site\/wp-content\/uploads\/2021\/06\/86447910-d8f2-469d-9381-559b4831979d-225x300.jpg 225w, https:\/\/folhadosudeste.com\/site\/wp-content\/uploads\/2021\/06\/86447910-d8f2-469d-9381-559b4831979d-768x1024.jpg 768w\" sizes=\"auto, (max-width: 960px) 100vw, 960px\" \/><\/a><\/p>\n<p style=\"text-align: left;\"><strong>&nbsp;&nbsp;&nbsp;&nbsp;&nbsp;&nbsp;&nbsp;&nbsp;&nbsp;&nbsp;&nbsp;&nbsp;&nbsp;&nbsp;&nbsp;&nbsp;&nbsp;&nbsp;&nbsp;&nbsp;&nbsp;&nbsp;&nbsp;&nbsp;&nbsp;&nbsp;&nbsp;&nbsp;&nbsp;&nbsp;&nbsp;&nbsp;&nbsp;&nbsp;&nbsp;&nbsp;&nbsp;&nbsp;&nbsp;&nbsp;&nbsp;&nbsp;&nbsp;&nbsp;&nbsp;&nbsp;&nbsp;&nbsp;&nbsp;&nbsp;&nbsp;&nbsp;&nbsp;&nbsp;&nbsp;&nbsp;&nbsp;&nbsp;&nbsp;&nbsp;&nbsp;&nbsp;&nbsp;&nbsp;&nbsp;&nbsp;&nbsp;&nbsp;&nbsp;&nbsp;&nbsp;&nbsp;&nbsp;&nbsp;&nbsp;&nbsp;&nbsp;&nbsp;&nbsp;&nbsp;&nbsp;&nbsp;&nbsp;&nbsp;&nbsp;&nbsp;&nbsp;&nbsp;<\/strong><\/p>\n","protected":false},"excerpt":{"rendered":"<p>No \u00faltimo domingo de maio, dia 30, uma centena de moradores do bairro Jo\u00e3o XXIII se dirigiram ao Sal\u00e3o Comunit\u00e1rio da Igreja S\u00e3o Jo\u00e3o Evangelista para realizarem a escolha da nova diretoria de sua Associa\u00e7\u00e3o de Moradores para o bi\u00eanio 2021-2023. Tendo tudo transcorrido de forma tranquila, \u00e0s 12:00 horas o pleito foi encerrado com [&hellip;]<\/p>\n","protected":false},"author":6,"featured_media":0,"comment_status":"open","ping_status":"closed","sticky":false,"template":"","format":"standard","meta":{"_joinchat":[],"footnotes":""},"categories":[1],"tags":[],"class_list":["post-74899","post","type-post","status-publish","format-standard","hentry","category-sem-categoria"],"_links":{"self":[{"href":"https:\/\/folhadosudeste.com\/site\/index.php?rest_route=\/wp\/v2\/posts\/74899","targetHints":{"allow":["GET"]}}],"collection":[{"href":"https:\/\/folhadosudeste.com\/site\/index.php?rest_route=\/wp\/v2\/posts"}],"about":[{"href":"https:\/\/folhadosudeste.com\/site\/index.php?rest_route=\/wp\/v2\/types\/post"}],"author":[{"embeddable":true,"href":"https:\/\/folhadosudeste.com\/site\/index.php?rest_route=\/wp\/v2\/users\/6"}],"replies":[{"embeddable":true,"href":"https:\/\/folhadosudeste.com\/site\/index.php?rest_route=%2Fwp%2Fv2%2Fcomments&post=74899"}],"version-history":[{"count":1,"href":"https:\/\/folhadosudeste.com\/site\/index.php?rest_route=\/wp\/v2\/posts\/74899\/revisions"}],"predecessor-version":[{"id":74905,"href":"https:\/\/folhadosudeste.com\/site\/index.php?rest_route=\/wp\/v2\/posts\/74899\/revisions\/74905"}],"wp:attachment":[{"href":"https:\/\/folhadosudeste.com\/site\/index.php?rest_route=%2Fwp%2Fv2%2Fmedia&parent=74899"}],"wp:term":[{"taxonomy":"category","embeddable":true,"href":"https:\/\/folhadosudeste.com\/site\/index.php?rest_route=%2Fwp%2Fv2%2Fcategories&post=74899"},{"taxonomy":"post_tag","embeddable":true,"href":"https:\/\/folhadosudeste.com\/site\/index.php?rest_route=%2Fwp%2Fv2%2Ftags&post=74899"}],"curies":[{"name":"wp","href":"https:\/\/api.w.org\/{rel}","templated":true}]}}