{"id":74913,"date":"2021-06-09T12:22:34","date_gmt":"2021-06-09T12:22:34","guid":{"rendered":"http:\/\/folhadosudeste.com\/site\/?p=74913"},"modified":"2021-06-09T12:22:34","modified_gmt":"2021-06-09T12:22:34","slug":"vacinacao-contra-covid-chega-para-professores-particulares-e-de-formacao-complementar-em-muriae","status":"publish","type":"post","link":"https:\/\/folhadosudeste.com\/site\/?p=74913","title":{"rendered":"Vacina\u00e7\u00e3o contra covid chega para professores particulares e de forma\u00e7\u00e3o complementar em Muria\u00e9"},"content":{"rendered":"<p><a href=\"http:\/\/folhadosudeste.com\/site\/wp-content\/uploads\/2021\/06\/vacina-professores.jpeg\"><img loading=\"lazy\" decoding=\"async\" class=\"alignnone size-full wp-image-74914\" src=\"http:\/\/folhadosudeste.com\/site\/wp-content\/uploads\/2021\/06\/vacina-professores.jpeg\" alt=\"\" width=\"1024\" height=\"1280\" srcset=\"https:\/\/folhadosudeste.com\/site\/wp-content\/uploads\/2021\/06\/vacina-professores.jpeg 1024w, https:\/\/folhadosudeste.com\/site\/wp-content\/uploads\/2021\/06\/vacina-professores-240x300.jpeg 240w, https:\/\/folhadosudeste.com\/site\/wp-content\/uploads\/2021\/06\/vacina-professores-768x960.jpeg 768w, https:\/\/folhadosudeste.com\/site\/wp-content\/uploads\/2021\/06\/vacina-professores-819x1024.jpeg 819w\" sizes=\"auto, (max-width: 1024px) 100vw, 1024px\" \/><\/a><\/p>\n<div>Trabalhadores de escolas de idiomas, musicaliza\u00e7\u00e3o e estimula\u00e7\u00e3o cognitiva, al\u00e9m de professores particulares, poder\u00e3o se vacinar contra a covid-19 a partir desta quarta-feira (9) em Muria\u00e9.<\/div>\n<div>&nbsp;<\/div>\n<div>O atendimento a este p\u00fablico ser\u00e1 at\u00e9 sexta-feira, sempre das 8h \u00e0s 11h, nos mesmos locais onde a vacina\u00e7\u00e3o j\u00e1 vem acontecendo para os demais profissionais da educa\u00e7\u00e3o: nas escolas municipais Dr. Ant\u00f4nio Can\u00eado (Centro), Odal\u00e9ia Morais de Azevedo (Barra), Maria Hastenreiter (Dornelas) e Clara de Castro Rog\u00e9rio (Porto).<\/div>\n<div>&nbsp;<\/div>\n<p><!--more--><\/p>\n<div>&nbsp;<\/div>\n<div>Vale lembrar que \u00e9 obrigat\u00f3rio apresentar documento de identidade com foto e comprovante atual de atividade na \u00e1rea (contracheque, contrato, carteira de trabalho ou declara\u00e7\u00e3o da institui\u00e7\u00e3o de ensino).<\/div>\n<div>&nbsp;<\/div>\n<div>J\u00e1 quem trabalha unicamente como professor particular pode apresentar a inscri\u00e7\u00e3o como Microempreendedor Individual (MEI).<\/div>\n<div>&nbsp;<\/div>\n<div>Fonte: PMM<\/div>\n","protected":false},"excerpt":{"rendered":"<p>Trabalhadores de escolas de idiomas, musicaliza\u00e7\u00e3o e estimula\u00e7\u00e3o cognitiva, al\u00e9m de professores particulares, poder\u00e3o se vacinar contra a covid-19 a partir desta quarta-feira (9) em Muria\u00e9. &nbsp; O atendimento a este p\u00fablico ser\u00e1 at\u00e9 sexta-feira, sempre das 8h \u00e0s 11h, nos mesmos locais onde a vacina\u00e7\u00e3o j\u00e1 vem acontecendo para os demais profissionais da educa\u00e7\u00e3o: [&hellip;]<\/p>\n","protected":false},"author":6,"featured_media":0,"comment_status":"open","ping_status":"closed","sticky":false,"template":"","format":"standard","meta":{"_joinchat":[],"footnotes":""},"categories":[1],"tags":[],"class_list":["post-74913","post","type-post","status-publish","format-standard","hentry","category-sem-categoria"],"_links":{"self":[{"href":"https:\/\/folhadosudeste.com\/site\/index.php?rest_route=\/wp\/v2\/posts\/74913","targetHints":{"allow":["GET"]}}],"collection":[{"href":"https:\/\/folhadosudeste.com\/site\/index.php?rest_route=\/wp\/v2\/posts"}],"about":[{"href":"https:\/\/folhadosudeste.com\/site\/index.php?rest_route=\/wp\/v2\/types\/post"}],"author":[{"embeddable":true,"href":"https:\/\/folhadosudeste.com\/site\/index.php?rest_route=\/wp\/v2\/users\/6"}],"replies":[{"embeddable":true,"href":"https:\/\/folhadosudeste.com\/site\/index.php?rest_route=%2Fwp%2Fv2%2Fcomments&post=74913"}],"version-history":[{"count":1,"href":"https:\/\/folhadosudeste.com\/site\/index.php?rest_route=\/wp\/v2\/posts\/74913\/revisions"}],"predecessor-version":[{"id":74915,"href":"https:\/\/folhadosudeste.com\/site\/index.php?rest_route=\/wp\/v2\/posts\/74913\/revisions\/74915"}],"wp:attachment":[{"href":"https:\/\/folhadosudeste.com\/site\/index.php?rest_route=%2Fwp%2Fv2%2Fmedia&parent=74913"}],"wp:term":[{"taxonomy":"category","embeddable":true,"href":"https:\/\/folhadosudeste.com\/site\/index.php?rest_route=%2Fwp%2Fv2%2Fcategories&post=74913"},{"taxonomy":"post_tag","embeddable":true,"href":"https:\/\/folhadosudeste.com\/site\/index.php?rest_route=%2Fwp%2Fv2%2Ftags&post=74913"}],"curies":[{"name":"wp","href":"https:\/\/api.w.org\/{rel}","templated":true}]}}