{"id":74916,"date":"2021-06-09T12:38:52","date_gmt":"2021-06-09T12:38:52","guid":{"rendered":"http:\/\/folhadosudeste.com\/site\/?p=74916"},"modified":"2021-06-09T12:38:52","modified_gmt":"2021-06-09T12:38:52","slug":"camara-autoriza-mais-de-r590-mil-para-combate-a-covid-e-manutencao-do-centro-especializado-odontologico","status":"publish","type":"post","link":"https:\/\/folhadosudeste.com\/site\/?p=74916","title":{"rendered":"C\u00e2mara autoriza mais de R$590 mil para combate \u00e0 covid e manuten\u00e7\u00e3o do Centro Especializado Odontol\u00f3gico"},"content":{"rendered":"<p><a href=\"http:\/\/folhadosudeste.com\/site\/wp-content\/uploads\/2021\/06\/a8cb3726-25b7-48e3-95bd-cc59dda61294.jpg\"><img loading=\"lazy\" decoding=\"async\" class=\"alignnone size-full wp-image-74917\" src=\"http:\/\/folhadosudeste.com\/site\/wp-content\/uploads\/2021\/06\/a8cb3726-25b7-48e3-95bd-cc59dda61294.jpg\" alt=\"\" width=\"1280\" height=\"827\" srcset=\"https:\/\/folhadosudeste.com\/site\/wp-content\/uploads\/2021\/06\/a8cb3726-25b7-48e3-95bd-cc59dda61294.jpg 1280w, https:\/\/folhadosudeste.com\/site\/wp-content\/uploads\/2021\/06\/a8cb3726-25b7-48e3-95bd-cc59dda61294-300x194.jpg 300w, https:\/\/folhadosudeste.com\/site\/wp-content\/uploads\/2021\/06\/a8cb3726-25b7-48e3-95bd-cc59dda61294-768x496.jpg 768w, https:\/\/folhadosudeste.com\/site\/wp-content\/uploads\/2021\/06\/a8cb3726-25b7-48e3-95bd-cc59dda61294-1024x662.jpg 1024w\" sizes=\"auto, (max-width: 1280px) 100vw, 1280px\" \/><\/a><\/p>\n<p>Na sess\u00e3o desta ter\u00e7a-feira, dia 8, os vereadores autorizaram, em primeira vota\u00e7\u00e3o, recursos de R$592 mil para a\u00e7\u00f5es de combate \u00e0 covid na cidade e para manuten\u00e7\u00e3o do Centro Especializado Odontol\u00f3gico (CEO). De autoria do Executivo municipal, o PL 113\/2021 de que trata a mat\u00e9ria foi aprovado por unanimidade.<\/p>\n<p>Os 15 PL\u2019s votados nesta sess\u00e3o foram colocados em pauta por determina\u00e7\u00e3o do presidente da Casa, Afonso da Sa\u00fade (PTB). Importante lembrar que, de acordo com o artigo 170 do Regimento Interno da C\u00e2mara, os projetos devem ser aprovados em tr\u00eas vota\u00e7\u00f5es subsequentes. Ou seja, estas mat\u00e9rias passar\u00e3o ainda por mais dois turnos de vota\u00e7\u00e3o.<\/p>\n<p><!--more--><\/p>\n<p>Projetos aprovados pelos vereadores tamb\u00e9m incluem instala\u00e7\u00e3o de c\u00e2meras de vigil\u00e2ncia dos ambientes escolares de Muria\u00e9 (PL 105\/2021 \u2013 autoria do vereador Christian Tanus Bahia\/PTB); ensino de no\u00e7\u00f5es de Direito e cidadania a serem abordados no Ensino Fundamental II (6\u00ba ao 9\u00ba ano) nas escolas do munic\u00edpio (PL 108\/2021 \u2013 autoria do vereador Delegado Rangel\/PSB).<\/p>\n<p>Tamb\u00e9m foram aprovados o PL que disp\u00f5e sobre a implanta\u00e7\u00e3o de coleta seletiva de res\u00edduos s\u00f3lidos para recebimento de material recicl\u00e1vel de empresas comerciais e industriais de grande e m\u00e9dio porte, reparti\u00e7\u00f5es p\u00fablicas municipais, hipermercados e supermercados (PL 120\/2021 \u2013 autoria do vereador Anderson\/PSD); e o que altera o art. 1\u00ba das Leis Municipais 5.074\/2015, 5.075\/2015 e 5.076\/2015 (PL 110\/2021 \u2013 autoria do vereador e presidente da C\u00e2mara, Afonso da Sa\u00fade\/PTB).<\/p>\n<p>Associa\u00e7\u00f5es consideradas de utilidade p\u00fablica \u2013 Tr\u00eas associa\u00e7\u00f5es foram declaradas como sendo de utilidade p\u00fablica: Associa\u00e7\u00e3o Mineira dos Gestores e Educadores P\u00fablicos (PL 121\/2021 \u2013 autoria do vereador Carlos Delfim\/PDT), Associa\u00e7\u00e3o Trabalho Arte e Vida Zona da Mata (PL 122\/2021) e Associa\u00e7\u00e3o S.O.S Minas Gerais (PL 123\/2021), ambas de autoria do vereador e presidente da Casa, Afonso da Sa\u00fade (PTB).<\/p>\n<p>Assim como os demais PL\u2019s, estas mat\u00e9rias seguem para mais duas vota\u00e7\u00f5es.<\/p>\n<p>Fonte: CMM<\/p>\n","protected":false},"excerpt":{"rendered":"<p>Na sess\u00e3o desta ter\u00e7a-feira, dia 8, os vereadores autorizaram, em primeira vota\u00e7\u00e3o, recursos de R$592 mil para a\u00e7\u00f5es de combate \u00e0 covid na cidade e para manuten\u00e7\u00e3o do Centro Especializado Odontol\u00f3gico (CEO). De autoria do Executivo municipal, o PL 113\/2021 de que trata a mat\u00e9ria foi aprovado por unanimidade. Os 15 PL\u2019s votados nesta sess\u00e3o [&hellip;]<\/p>\n","protected":false},"author":6,"featured_media":0,"comment_status":"open","ping_status":"closed","sticky":false,"template":"","format":"standard","meta":{"_joinchat":[],"footnotes":""},"categories":[1],"tags":[],"class_list":["post-74916","post","type-post","status-publish","format-standard","hentry","category-sem-categoria"],"_links":{"self":[{"href":"https:\/\/folhadosudeste.com\/site\/index.php?rest_route=\/wp\/v2\/posts\/74916","targetHints":{"allow":["GET"]}}],"collection":[{"href":"https:\/\/folhadosudeste.com\/site\/index.php?rest_route=\/wp\/v2\/posts"}],"about":[{"href":"https:\/\/folhadosudeste.com\/site\/index.php?rest_route=\/wp\/v2\/types\/post"}],"author":[{"embeddable":true,"href":"https:\/\/folhadosudeste.com\/site\/index.php?rest_route=\/wp\/v2\/users\/6"}],"replies":[{"embeddable":true,"href":"https:\/\/folhadosudeste.com\/site\/index.php?rest_route=%2Fwp%2Fv2%2Fcomments&post=74916"}],"version-history":[{"count":1,"href":"https:\/\/folhadosudeste.com\/site\/index.php?rest_route=\/wp\/v2\/posts\/74916\/revisions"}],"predecessor-version":[{"id":74918,"href":"https:\/\/folhadosudeste.com\/site\/index.php?rest_route=\/wp\/v2\/posts\/74916\/revisions\/74918"}],"wp:attachment":[{"href":"https:\/\/folhadosudeste.com\/site\/index.php?rest_route=%2Fwp%2Fv2%2Fmedia&parent=74916"}],"wp:term":[{"taxonomy":"category","embeddable":true,"href":"https:\/\/folhadosudeste.com\/site\/index.php?rest_route=%2Fwp%2Fv2%2Fcategories&post=74916"},{"taxonomy":"post_tag","embeddable":true,"href":"https:\/\/folhadosudeste.com\/site\/index.php?rest_route=%2Fwp%2Fv2%2Ftags&post=74916"}],"curies":[{"name":"wp","href":"https:\/\/api.w.org\/{rel}","templated":true}]}}