{"id":74919,"date":"2021-06-09T12:43:21","date_gmt":"2021-06-09T12:43:21","guid":{"rendered":"http:\/\/folhadosudeste.com\/site\/?p=74919"},"modified":"2021-06-09T12:43:21","modified_gmt":"2021-06-09T12:43:21","slug":"inscricoes-abertas-para-14-cursos-de-capacitacao-profissional-em-muriae","status":"publish","type":"post","link":"https:\/\/folhadosudeste.com\/site\/?p=74919","title":{"rendered":"Inscri\u00e7\u00f5es abertas para 14 cursos de capacita\u00e7\u00e3o profissional em Muria\u00e9"},"content":{"rendered":"<p><a href=\"http:\/\/folhadosudeste.com\/site\/wp-content\/uploads\/2021\/06\/cursos-uaitec-768x769.jpeg\"><img loading=\"lazy\" decoding=\"async\" class=\"alignnone size-full wp-image-74920\" src=\"http:\/\/folhadosudeste.com\/site\/wp-content\/uploads\/2021\/06\/cursos-uaitec-768x769.jpeg\" alt=\"\" width=\"768\" height=\"769\" srcset=\"https:\/\/folhadosudeste.com\/site\/wp-content\/uploads\/2021\/06\/cursos-uaitec-768x769.jpeg 768w, https:\/\/folhadosudeste.com\/site\/wp-content\/uploads\/2021\/06\/cursos-uaitec-768x769-150x150.jpeg 150w, https:\/\/folhadosudeste.com\/site\/wp-content\/uploads\/2021\/06\/cursos-uaitec-768x769-300x300.jpeg 300w\" sizes=\"auto, (max-width: 768px) 100vw, 768px\" \/><\/a><\/p>\n<div class=\"gs\">\n<div class=\"\">\n<div id=\":1g5\" class=\"ii gt\">\n<div id=\":1g4\" class=\"a3s aiL \">\n<div>\n<div>\n<div>\n<div>A Prefeitura de Muria\u00e9 est\u00e1 com inscri\u00e7\u00f5es abertas para 14 cursos profissionalizantes gratuitos. Os interessados devem comparecer ao Centro de Treinamento Profissional da Uaitec at\u00e9 o pr\u00f3ximo dia 18 de junho. A unidade fica localizada \u00e0 rua Itagiba de Oliveira, 410, na Barra, pr\u00f3ximo \u00e0 pra\u00e7a situada atr\u00e1s da UPA.<\/div>\n<div>&nbsp;<\/div>\n<div>O atendimento \u00e9 de segunda a sexta-feira, das 8h \u00e0s 11 e das 13h \u00e0s 16h. Para se inscrever, basta apresentar documento de identidade, CPF e comprovante de resid\u00eancia no munic\u00edpio de Muria\u00e9 (inclusive distritos).<\/div>\n<\/div>\n<\/div>\n<\/div>\n<\/div>\n<\/div>\n<\/div>\n<\/div>\n<p><!--more--><\/p>\n<p>Veja as informa\u00e7\u00f5es sobre cada curso:<\/p>\n<div id=\":1g5\" class=\"ii gt\">\n<div id=\":1g4\" class=\"a3s aiL \">\n<div>&nbsp;<\/div>\n<div>ASSISTENTE ADMINISTRATIVO<\/div>\n<div>Modalidade: Remota (online).<\/div>\n<div>Dura\u00e7\u00e3o: 2 meses (Segunda-Feira a Sexta-Feira \u2013 19h \u00e0s 22h)<\/div>\n<div>Requisitos: ser maior de 14 anos e ter Ensino Fundamental Incompleto<\/div>\n<div>&nbsp;<\/div>\n<div>ASSISTENTE PESSOAL<\/div>\n<div>Modalidade: Remota (online).<\/div>\n<div>Dura\u00e7\u00e3o: 2 meses (Segunda-Feira a Sexta-Feira \u2013 13h30min \u00e0s 17h30min)<\/div>\n<div>Requisitos: ser maior de 18 anos e ter Ensino M\u00e9dio Completo<\/div>\n<div>&nbsp;<\/div>\n<div>ASSISTENTE DE RECURSOS HUMANOS<\/div>\n<div>Modalidade: Remota (online).<\/div>\n<div>Dura\u00e7\u00e3o: 2 meses (Segunda-Feira a Sexta-Feira \u2013 13h30min \u00e0s 17h30min)<\/div>\n<div>Requisitos: ser maior de 18 anos e ter Ensino M\u00e9dio Completo<\/div>\n<div>&nbsp;<\/div>\n<div>ASSISTENTE FINANCEIRO<\/div>\n<div>Modalidade: Remota (online).<\/div>\n<div>Dura\u00e7\u00e3o: 2 meses (Segunda-Feira a Sexta-Feira \u2013 13h30min \u00e0s 17h30min)<\/div>\n<div>Requisitos: ser maior de 18 anos e ter Ensino M\u00e9dio Completo<\/div>\n<div>&nbsp;<\/div>\n<div>E-COMMERCE: VENDENDO NO COM\u00c9RCIO ELETR\u00d4NICO<\/div>\n<div>Modalidade: Remota (online).<\/div>\n<div>Dura\u00e7\u00e3o: 1 m\u00eas (Segunda-Feira a Sexta-Feira \u2013 19h \u00e0s 22h)<\/div>\n<div>Requisitos: ser maior de 16 anos e ter Ensino Fundamental Completo<\/div>\n<div>&nbsp;<\/div>\n<div>EMPREENDEDORISMO DIGITAL<\/div>\n<div>Modalidade: Remota (online).<\/div>\n<div>Dura\u00e7\u00e3o: 1 m\u00eas (Segunda-Feira a Sexta-Feira \u2013 13h \u00e0s 17h)<\/div>\n<div>Requisitos: ser maior de 16 anos e ter Ensino Fundamental Incompleto<\/div>\n<div>&nbsp;<\/div>\n<div>CUIDADOR DE IDOSO<\/div>\n<div>Modalidade: Remota (online).<\/div>\n<div>Dura\u00e7\u00e3o: 2 meses (Segunda-Feira a Sexta-Feira \u2013 13h \u00e0s 17h)<\/div>\n<div>Requisitos: ser maior de 18 anos e ter Ensino Fundamental Completo<\/div>\n<div>&nbsp;<\/div>\n<div>ORGANIZADOR DE EVENTOS<\/div>\n<div>Modalidade: Remota (online).<\/div>\n<div>Dura\u00e7\u00e3o: a definir.<\/div>\n<div>Requisitos: ser maior de 17 anos e ter o Ensino Fundamental Completo<\/div>\n<div>&nbsp;<\/div>\n<div>REPRESENTA\u00c7\u00c3O COMERCIAL<\/div>\n<div>Modalidade: Remota (online).<\/div>\n<div>Dura\u00e7\u00e3o: 2 meses (Segunda-Feira a Sexta-Feira \u2013 19h \u00e0s 22h)<\/div>\n<div>Requisitos: ser maior de 18 anos e ter Ensino Fundamental Completo<\/div>\n<div>&nbsp;<\/div>\n<div>RECEPCIONISTA<\/div>\n<div>Modalidade: Remota (online).<\/div>\n<div>Dura\u00e7\u00e3o: 2 meses (Segunda-Feira a Sexta-Feira \u2013 13h30min \u00e0s 17h30min)<\/div>\n<div>Requisitos: ser maior de 15 anos e ter Ensino Fundamental Completo<\/div>\n<div>&nbsp;<\/div>\n<div>VENDEDOR<\/div>\n<div>Modalidade: Remota (online).<\/div>\n<div>Dura\u00e7\u00e3o: 2 meses (Segunda-Feira a Sexta-Feira \u2013 13h \u00e0s 17h)<\/div>\n<div>Requisitos: ser maior de 17 anos e ter o Ensino M\u00e9dio Incompleto<\/div>\n<div>&nbsp;<\/div>\n<div>CONSULTOR DE IMAGEM<\/div>\n<div>Modalidade: Remota (online).<\/div>\n<div>Dura\u00e7\u00e3o: 1 m\u00eas (Segunda-Feira a Sexta-Feira \u2013 13h \u00e0s 17h)<\/div>\n<div>Requisitos: ser maior de 18 anos e ter o Ensino M\u00e9dio Completo<\/div>\n<div>&nbsp;<\/div>\n<div>PENTEADOS<\/div>\n<div>Modalidade: Remota (online).<\/div>\n<div>Dura\u00e7\u00e3o: 15 dias (Segunda-Feira a Sexta-Feira \u2013 09h \u00e0s 13h)<\/div>\n<div>Requisitos: ser maior de 16 anos e ser profissional da \u00e1rea<\/div>\n<div>&nbsp;<\/div>\n<div>MANICURE E PEDICURE<\/div>\n<div>Modalidade: Presencial<\/div>\n<div>Dura\u00e7\u00e3o: 2 meses (Segunda-Feira a Sexta-Feira \u2013 08h \u00e0s 12h)<\/div>\n<div>Requisitos: ser maior de 18 anos e ter o Ensino Fundamental Completo<\/div>\n<div>&nbsp;<\/div>\n<div>A realiza\u00e7\u00e3o dos cursos acontece atrav\u00e9s da parceria entre as secretarias municipais de Desenvolvimento Econ\u00f4mico (atrav\u00e9s da Uaitec) e Desenvolvimento Social (atrav\u00e9s do programa Acessuas Trabalho) com o Senac &#8211; Servi\u00e7o Nacional de Aprendizagem Comercial.<\/div>\n<div>&nbsp;<\/div>\n<div>Para mais informa\u00e7\u00f5es, entre em contato com o Centro de Treinamento Profissional da Uaitec Muria\u00e9 pelo email&nbsp;<a href=\"mailto:muriae@uaitec.mg.gov.br\" target=\"_blank\" rel=\"noopener\">muriae@uaitec.mg.gov.br<\/a>&nbsp;ou pelo telefone (32) 3721-0993.<\/div>\n<div class=\"adL\">&nbsp;<\/div>\n<\/div>\n<\/div>\n<div class=\"hi\">Fonte: PMM<\/div>\n<p>&nbsp;<\/p>\n","protected":false},"excerpt":{"rendered":"<p>A Prefeitura de Muria\u00e9 est\u00e1 com inscri\u00e7\u00f5es abertas para 14 cursos profissionalizantes gratuitos. Os interessados devem comparecer ao Centro de Treinamento Profissional da Uaitec at\u00e9 o pr\u00f3ximo dia 18 de junho. A unidade fica localizada \u00e0 rua Itagiba de Oliveira, 410, na Barra, pr\u00f3ximo \u00e0 pra\u00e7a situada atr\u00e1s da UPA. &nbsp; O atendimento \u00e9 de [&hellip;]<\/p>\n","protected":false},"author":6,"featured_media":0,"comment_status":"open","ping_status":"closed","sticky":false,"template":"","format":"standard","meta":{"_joinchat":[],"footnotes":""},"categories":[1],"tags":[],"class_list":["post-74919","post","type-post","status-publish","format-standard","hentry","category-sem-categoria"],"_links":{"self":[{"href":"https:\/\/folhadosudeste.com\/site\/index.php?rest_route=\/wp\/v2\/posts\/74919","targetHints":{"allow":["GET"]}}],"collection":[{"href":"https:\/\/folhadosudeste.com\/site\/index.php?rest_route=\/wp\/v2\/posts"}],"about":[{"href":"https:\/\/folhadosudeste.com\/site\/index.php?rest_route=\/wp\/v2\/types\/post"}],"author":[{"embeddable":true,"href":"https:\/\/folhadosudeste.com\/site\/index.php?rest_route=\/wp\/v2\/users\/6"}],"replies":[{"embeddable":true,"href":"https:\/\/folhadosudeste.com\/site\/index.php?rest_route=%2Fwp%2Fv2%2Fcomments&post=74919"}],"version-history":[{"count":1,"href":"https:\/\/folhadosudeste.com\/site\/index.php?rest_route=\/wp\/v2\/posts\/74919\/revisions"}],"predecessor-version":[{"id":74921,"href":"https:\/\/folhadosudeste.com\/site\/index.php?rest_route=\/wp\/v2\/posts\/74919\/revisions\/74921"}],"wp:attachment":[{"href":"https:\/\/folhadosudeste.com\/site\/index.php?rest_route=%2Fwp%2Fv2%2Fmedia&parent=74919"}],"wp:term":[{"taxonomy":"category","embeddable":true,"href":"https:\/\/folhadosudeste.com\/site\/index.php?rest_route=%2Fwp%2Fv2%2Fcategories&post=74919"},{"taxonomy":"post_tag","embeddable":true,"href":"https:\/\/folhadosudeste.com\/site\/index.php?rest_route=%2Fwp%2Fv2%2Ftags&post=74919"}],"curies":[{"name":"wp","href":"https:\/\/api.w.org\/{rel}","templated":true}]}}