{"id":74952,"date":"2021-06-11T13:37:59","date_gmt":"2021-06-11T13:37:59","guid":{"rendered":"http:\/\/folhadosudeste.com\/site\/?p=74952"},"modified":"2021-06-11T13:37:59","modified_gmt":"2021-06-11T13:37:59","slug":"vestibular-de-medicina-da-faminas-ultimos-dias-para-se-inscrever","status":"publish","type":"post","link":"https:\/\/folhadosudeste.com\/site\/?p=74952","title":{"rendered":"Vestibular de Medicina da FAMINAS: \u00faltimos dias para se inscrever!"},"content":{"rendered":"<p><a href=\"http:\/\/folhadosudeste.com\/site\/wp-content\/uploads\/2021\/06\/\u00daltimos-dias-para-se-inscrever-no-Vestibular-de-Medicina-da-FAMINAS-2-semestre-2.jpg\"><img loading=\"lazy\" decoding=\"async\" class=\"alignnone size-full wp-image-74953\" src=\"http:\/\/folhadosudeste.com\/site\/wp-content\/uploads\/2021\/06\/\u00daltimos-dias-para-se-inscrever-no-Vestibular-de-Medicina-da-FAMINAS-2-semestre-2.jpg\" alt=\"\" width=\"1080\" height=\"720\" srcset=\"https:\/\/folhadosudeste.com\/site\/wp-content\/uploads\/2021\/06\/\u00daltimos-dias-para-se-inscrever-no-Vestibular-de-Medicina-da-FAMINAS-2-semestre-2.jpg 1080w, https:\/\/folhadosudeste.com\/site\/wp-content\/uploads\/2021\/06\/\u00daltimos-dias-para-se-inscrever-no-Vestibular-de-Medicina-da-FAMINAS-2-semestre-2-300x200.jpg 300w, https:\/\/folhadosudeste.com\/site\/wp-content\/uploads\/2021\/06\/\u00daltimos-dias-para-se-inscrever-no-Vestibular-de-Medicina-da-FAMINAS-2-semestre-2-768x512.jpg 768w, https:\/\/folhadosudeste.com\/site\/wp-content\/uploads\/2021\/06\/\u00daltimos-dias-para-se-inscrever-no-Vestibular-de-Medicina-da-FAMINAS-2-semestre-2-1024x683.jpg 1024w, https:\/\/folhadosudeste.com\/site\/wp-content\/uploads\/2021\/06\/\u00daltimos-dias-para-se-inscrever-no-Vestibular-de-Medicina-da-FAMINAS-2-semestre-2-120x80.jpg 120w, https:\/\/folhadosudeste.com\/site\/wp-content\/uploads\/2021\/06\/\u00daltimos-dias-para-se-inscrever-no-Vestibular-de-Medicina-da-FAMINAS-2-semestre-2-345x230.jpg 345w\" sizes=\"auto, (max-width: 1080px) 100vw, 1080px\" \/><\/a><\/p>\n<p>Educa\u00e7\u00e3o m\u00e9dica contempor\u00e2nea, humana e cr\u00edtica, com a melhor infraestrutura \u00e0 disposi\u00e7\u00e3o dos alunos, \u00e9 na FAMINAS! Ent\u00e3o, n\u00e3o perca tempo e inscreva-se j\u00e1 no Vestibular de Medicina \u2013 2\u00ba semestre, pelo site&nbsp;<a href=\"http:\/\/www.faminas.edu.br\/\" target=\"_blank\" rel=\"noopener\" data-saferedirecturl=\"https:\/\/www.google.com\/url?q=http:\/\/www.faminas.edu.br\/&amp;source=gmail&amp;ust=1623504409015000&amp;usg=AFQjCNFRnlXJneiYrGCZJYRl3R1nCvOOyg\">www.faminas.edu.br<\/a>. Faltam poucos dias tem para garantir a inscri\u00e7\u00e3o na modalidade de ingresso Vestibular Tradicional, que consiste em uma prova presencial, prevista para 19\/6. A taxa de inscri\u00e7\u00e3o \u00e9 de R$ 350 e os candidatos podem se inscrever at\u00e9 14\/6.&nbsp;<u><\/u>&nbsp;<u><\/u><\/p>\n<p><!--more--><\/p>\n<p>O processo seletivo acontece de forma unificada, entre as unidades de Muria\u00e9 e Belo Horizonte. Al\u00e9m do Tradicional, tamb\u00e9m foi poss\u00edvel se candidatar pela nota do Enem, mas as inscri\u00e7\u00f5es encerraram no dia 27\/5.&nbsp;<u><\/u>&nbsp;<u><\/u><\/p>\n<p><b>&nbsp;<\/b><u><\/u>&nbsp;<u><\/u><\/p>\n<p><b>Mais chances de aprova\u00e7\u00e3o&nbsp;<\/b><b>&nbsp;<\/b><u><\/u>&nbsp;<u><\/u><\/p>\n<p><b>&nbsp;&nbsp;<\/b><b>&nbsp;<\/b><u><\/u>&nbsp;<u><\/u><\/p>\n<p>Para dobrar as chances de aprova\u00e7\u00e3o, o edital contempla a possibilidade de se inscrever tanto para a FAMINAS BH quanto para a FAMINAS Muria\u00e9, de forma unificada. Nesta modalidade, o candidato paga R$ 450 e pode escolher a unidade onde vai fazer a prova presencial. A nota obtida valer\u00e1 para a sele\u00e7\u00e3o nas duas institui\u00e7\u00f5es.&nbsp;<u><\/u>&nbsp;<u><\/u><\/p>\n<p><b>&nbsp;&nbsp;<\/b><b>&nbsp;<\/b><u><\/u>&nbsp;<u><\/u><\/p>\n<p><b>Forma\u00e7\u00e3o m\u00e9dica de excel\u00eancia &nbsp;&nbsp;<\/b><b>&nbsp;<\/b><u><\/u>&nbsp;<u><\/u><\/p>\n<p><b>&nbsp;&nbsp;<\/b><b>&nbsp;<\/b><u><\/u>&nbsp;<u><\/u><\/p>\n<p>Com foco na \u00e1rea da sa\u00fade, a FAMINAS BH \u00e9 uma das principais Institui\u00e7\u00f5es de Ensino Superior de Belo Horizonte e regi\u00e3o metropolitana. Nos \u00faltimos anos, vem investindo na educa\u00e7\u00e3o m\u00e9dica contempor\u00e2nea para formar profissionais necess\u00e1rios para o tempo presente e para o futuro. J\u00e1 a FAMINAS Muria\u00e9 possui a melhor infraestrutura da regi\u00e3o, destacando-se pela excel\u00eancia do curso de Medicina, que, desde os primeiros anos, integra os estudantes ao dia a dia da rotina m\u00e9dica.&nbsp;&nbsp;<u><\/u>&nbsp;<u><\/u><\/p>\n<p>&nbsp;&nbsp;&nbsp;<u><\/u>&nbsp;<u><\/u><\/p>\n<p>As duas unidades da FAMINAS garantem ao acad\u00eamico de Medicina um curr\u00edculo inovador, ensino humanizado, al\u00e9m de laborat\u00f3rios com tecnologia de \u00faltima gera\u00e7\u00e3o para que possam simular experi\u00eancias que ter\u00e3o no mercado de trabalho. Tudo isso com o suporte de um corpo docente, fundamentalmente composto por mestres e doutores, reconhecido nacional e, muitas vezes, internacionalmente. &nbsp;&nbsp;&nbsp;<u><\/u>&nbsp;<u><\/u><\/p>\n<p><a title=\"https:\/\/www2.faminas.edu.br\/\" href=\"https:\/\/www2.faminas.edu.br\/\" target=\"_blank\" rel=\"noopener\" data-saferedirecturl=\"https:\/\/www.google.com\/url?q=https:\/\/www2.faminas.edu.br\/&amp;source=gmail&amp;ust=1623504409015000&amp;usg=AFQjCNEsbuLVkEzWjvx8tkpPFkppVwXOdQ\">CLIQUE AQUI<\/a>&nbsp;para saber mais sobre os diferenciais dos cursos de Medicina da FAMINAS BH e da FAMINAS Muria\u00e9. Em caso de d\u00favidas, \u00e9 s\u00f3 entrar em contato pelo WhatsApp (32) 3729-7500.<\/p>\n<p><a href=\"http:\/\/folhadosudeste.com\/site\/wp-content\/uploads\/2021\/06\/\u00daltimos-dias-para-se-inscrever-no-Vestibular-de-Medicina-da-FAMINAS-2-semestre-1.jpg\"><img loading=\"lazy\" decoding=\"async\" class=\"alignnone size-full wp-image-74954\" src=\"http:\/\/folhadosudeste.com\/site\/wp-content\/uploads\/2021\/06\/\u00daltimos-dias-para-se-inscrever-no-Vestibular-de-Medicina-da-FAMINAS-2-semestre-1.jpg\" alt=\"\" width=\"1080\" height=\"720\" srcset=\"https:\/\/folhadosudeste.com\/site\/wp-content\/uploads\/2021\/06\/\u00daltimos-dias-para-se-inscrever-no-Vestibular-de-Medicina-da-FAMINAS-2-semestre-1.jpg 1080w, https:\/\/folhadosudeste.com\/site\/wp-content\/uploads\/2021\/06\/\u00daltimos-dias-para-se-inscrever-no-Vestibular-de-Medicina-da-FAMINAS-2-semestre-1-300x200.jpg 300w, https:\/\/folhadosudeste.com\/site\/wp-content\/uploads\/2021\/06\/\u00daltimos-dias-para-se-inscrever-no-Vestibular-de-Medicina-da-FAMINAS-2-semestre-1-768x512.jpg 768w, https:\/\/folhadosudeste.com\/site\/wp-content\/uploads\/2021\/06\/\u00daltimos-dias-para-se-inscrever-no-Vestibular-de-Medicina-da-FAMINAS-2-semestre-1-1024x683.jpg 1024w, https:\/\/folhadosudeste.com\/site\/wp-content\/uploads\/2021\/06\/\u00daltimos-dias-para-se-inscrever-no-Vestibular-de-Medicina-da-FAMINAS-2-semestre-1-120x80.jpg 120w, https:\/\/folhadosudeste.com\/site\/wp-content\/uploads\/2021\/06\/\u00daltimos-dias-para-se-inscrever-no-Vestibular-de-Medicina-da-FAMINAS-2-semestre-1-345x230.jpg 345w\" sizes=\"auto, (max-width: 1080px) 100vw, 1080px\" \/><\/a>&nbsp;<\/p>\n<p>Fonte: PMM<\/p>\n","protected":false},"excerpt":{"rendered":"<p>Educa\u00e7\u00e3o m\u00e9dica contempor\u00e2nea, humana e cr\u00edtica, com a melhor infraestrutura \u00e0 disposi\u00e7\u00e3o dos alunos, \u00e9 na FAMINAS! Ent\u00e3o, n\u00e3o perca tempo e inscreva-se j\u00e1 no Vestibular de Medicina \u2013 2\u00ba semestre, pelo site&nbsp;www.faminas.edu.br. Faltam poucos dias tem para garantir a inscri\u00e7\u00e3o na modalidade de ingresso Vestibular Tradicional, que consiste em uma prova presencial, prevista para [&hellip;]<\/p>\n","protected":false},"author":6,"featured_media":0,"comment_status":"open","ping_status":"closed","sticky":false,"template":"","format":"standard","meta":{"_joinchat":[],"footnotes":""},"categories":[1],"tags":[],"class_list":["post-74952","post","type-post","status-publish","format-standard","hentry","category-sem-categoria"],"_links":{"self":[{"href":"https:\/\/folhadosudeste.com\/site\/index.php?rest_route=\/wp\/v2\/posts\/74952","targetHints":{"allow":["GET"]}}],"collection":[{"href":"https:\/\/folhadosudeste.com\/site\/index.php?rest_route=\/wp\/v2\/posts"}],"about":[{"href":"https:\/\/folhadosudeste.com\/site\/index.php?rest_route=\/wp\/v2\/types\/post"}],"author":[{"embeddable":true,"href":"https:\/\/folhadosudeste.com\/site\/index.php?rest_route=\/wp\/v2\/users\/6"}],"replies":[{"embeddable":true,"href":"https:\/\/folhadosudeste.com\/site\/index.php?rest_route=%2Fwp%2Fv2%2Fcomments&post=74952"}],"version-history":[{"count":1,"href":"https:\/\/folhadosudeste.com\/site\/index.php?rest_route=\/wp\/v2\/posts\/74952\/revisions"}],"predecessor-version":[{"id":74955,"href":"https:\/\/folhadosudeste.com\/site\/index.php?rest_route=\/wp\/v2\/posts\/74952\/revisions\/74955"}],"wp:attachment":[{"href":"https:\/\/folhadosudeste.com\/site\/index.php?rest_route=%2Fwp%2Fv2%2Fmedia&parent=74952"}],"wp:term":[{"taxonomy":"category","embeddable":true,"href":"https:\/\/folhadosudeste.com\/site\/index.php?rest_route=%2Fwp%2Fv2%2Fcategories&post=74952"},{"taxonomy":"post_tag","embeddable":true,"href":"https:\/\/folhadosudeste.com\/site\/index.php?rest_route=%2Fwp%2Fv2%2Ftags&post=74952"}],"curies":[{"name":"wp","href":"https:\/\/api.w.org\/{rel}","templated":true}]}}