{"id":74956,"date":"2021-06-11T15:03:43","date_gmt":"2021-06-11T15:03:43","guid":{"rendered":"http:\/\/folhadosudeste.com\/site\/?p=74956"},"modified":"2021-06-11T15:03:43","modified_gmt":"2021-06-11T15:03:43","slug":"associacao-dos-feirantes-de-muriae-e-regiao-adjacentes-tem-nova-diretoria","status":"publish","type":"post","link":"https:\/\/folhadosudeste.com\/site\/?p=74956","title":{"rendered":"Associa\u00e7\u00e3o dos Feirantes de Muria\u00e9 e Regi\u00e3o Adjacentes tem nova diretoria"},"content":{"rendered":"<p><a href=\"http:\/\/folhadosudeste.com\/site\/wp-content\/uploads\/2021\/06\/cf67e590-416e-4f58-ae91-2a5775ee705f.jpg\"><img loading=\"lazy\" decoding=\"async\" class=\"alignnone size-full wp-image-74957\" src=\"http:\/\/folhadosudeste.com\/site\/wp-content\/uploads\/2021\/06\/cf67e590-416e-4f58-ae91-2a5775ee705f.jpg\" alt=\"\" width=\"1280\" height=\"960\" srcset=\"https:\/\/folhadosudeste.com\/site\/wp-content\/uploads\/2021\/06\/cf67e590-416e-4f58-ae91-2a5775ee705f.jpg 1280w, https:\/\/folhadosudeste.com\/site\/wp-content\/uploads\/2021\/06\/cf67e590-416e-4f58-ae91-2a5775ee705f-300x225.jpg 300w, https:\/\/folhadosudeste.com\/site\/wp-content\/uploads\/2021\/06\/cf67e590-416e-4f58-ae91-2a5775ee705f-768x576.jpg 768w, https:\/\/folhadosudeste.com\/site\/wp-content\/uploads\/2021\/06\/cf67e590-416e-4f58-ae91-2a5775ee705f-1024x768.jpg 1024w\" sizes=\"auto, (max-width: 1280px) 100vw, 1280px\" \/><\/a><\/p>\n<p>Aconteceu na manh\u00e3 de 6 de junho no pr\u00f3prio local, onde est\u00e1 acontecendo a feira de domingo uma Assembleia Geral Ordin\u00e1ria que elegeu a nova diretoria da Associa\u00e7\u00e3o dos Feirantes de Muria\u00e9 e Regi\u00e3o Adjacentes.<\/p>\n<p>Em chapa \u00fanica, v\u00e1rios associados compareceram para votar e elegeram o feirante do distrito de Macuco Mauricio Milton da Silva, que vai dar continuidade ao trabalho do ex-Presidente M\u00e1rio Vaz Lorete, que ficou no cargo durante 6 anos e meio.<\/p>\n<p><!--more--><\/p>\n<p>O novo presidente Mauricio, em entrevista \u00e0 nossa reportagem falou da satisfa\u00e7\u00e3o e da responsabilidade que estar\u00e1 assumindo junto aos feirantes. \u201cDepois de muitas reuni\u00f5es, ap\u00f3s o Sr. M\u00e1rio falar que n\u00e3o poderia mais assumir, formamos um grupo com 12 pessoas, corremos atr\u00e1s e regularizamos tudo, muitos foram aceitando os outros cargos, ent\u00e3o chegaram a um consenso e me indicaram na hora da Assembleia para ser o presidente, j\u00e1 que n\u00e3o foi formada a outra chapa. Mas \u00e9 uma responsabilidade muito grande assumir esse cargo.\u201d Quando perguntado sobre a constru\u00e7\u00e3o do novo galp\u00e3o da Feira do Produtor, ele respondeu: \u201cO que sabemos \u00e9 que a promotoria barrou a continua\u00e7\u00e3o da obra, mas a prefeitura est\u00e1 providenciando a documenta\u00e7\u00e3o e tem um novo projeto para nos apresentar, que depende da aprova\u00e7\u00e3o de todos os feirantes, que l\u00e1 ser\u00e1 muito maior do que a constru\u00e7\u00e3o que est\u00e1 sendo feita, precisamos um pouco mais de tempo para entendermos o que vai ser feito. J\u00e1 a feira de quarta e s\u00e1bado vai voltar a funcionar atr\u00e1s do Supermercado BH.\u201d<\/p>\n<p>Para o Sr. M\u00e1rio Vaz Lorete que deu a sua contribui\u00e7\u00e3o durante quase 7 anos \u00e0 frente da presid\u00eancia da Associa\u00e7\u00e3o dos Feirantes, entrega o cargo com a certeza e a satisfa\u00e7\u00e3o de dever cumprido. \u201cAgrade\u00e7o a Deus pela for\u00e7a que tem me dado e tamb\u00e9m a todos os feirantes que apoiaram o Mauricio, estamos satisfeitos com essa diretoria e eles ter\u00e3o o meu o total apoio, deixando bem claro que qualquer grupo que entrasse teria o meu suporte. O que eu pude fazer pelos os feirantes eu fiz, o que o pai faz por um filho, eu fiz mais pra eles, do que pros meus filhos, eu lutei muito a favor deles, gostaria que fosse melhor, mas fiz o que estava no meu alcance, infelizmente por causa da pandemia do Covid-19, a feira teve que ser trocada de lugar, mas em breve se Deus quiser, tudo vai voltar ao normal, poderemos voltar para o in\u00edcio da JK, facilitando a vida dos feirantes e da popula\u00e7\u00e3o, porque a feira \u00e9 pra todos. Parabenizo o novo presidente Mauricio e toda diretoria e desejo a eles sabedoria para administrar com intelig\u00eancia, para que tudo d\u00ea certo\u201d, finaliza emocionado.<\/p>\n<p>A Associa\u00e7\u00e3o dos Feirantes conta com mais ou menos 200 feirantes cadastrados, sendo que abrange Muria\u00e9 e regi\u00e3o que vai at\u00e9 o estado do Rio de Janeiro, ela re\u00fane v\u00e1rias cidades, que trazem os seus produtos para comercializarem aqui.<\/p>\n<p>A feira hoje est\u00e1 localizada na Av. Alfredo Pedro Carneiro, bairro Boa Vista, atr\u00e1s da Ferrobras, Muria\u00e9 MG. &nbsp;&nbsp;&nbsp;&nbsp;&nbsp;&nbsp;&nbsp;&nbsp;&nbsp;&nbsp;&nbsp;&nbsp;&nbsp;<\/p>\n<p><a href=\"http:\/\/folhadosudeste.com\/site\/wp-content\/uploads\/2021\/06\/cf67e590-416e-4f58-ae91-2a5775ee705f-1.jpg\"><img loading=\"lazy\" decoding=\"async\" class=\"alignnone size-full wp-image-74958\" src=\"http:\/\/folhadosudeste.com\/site\/wp-content\/uploads\/2021\/06\/cf67e590-416e-4f58-ae91-2a5775ee705f-1.jpg\" alt=\"\" width=\"1280\" height=\"960\" srcset=\"https:\/\/folhadosudeste.com\/site\/wp-content\/uploads\/2021\/06\/cf67e590-416e-4f58-ae91-2a5775ee705f-1.jpg 1280w, https:\/\/folhadosudeste.com\/site\/wp-content\/uploads\/2021\/06\/cf67e590-416e-4f58-ae91-2a5775ee705f-1-300x225.jpg 300w, https:\/\/folhadosudeste.com\/site\/wp-content\/uploads\/2021\/06\/cf67e590-416e-4f58-ae91-2a5775ee705f-1-768x576.jpg 768w, https:\/\/folhadosudeste.com\/site\/wp-content\/uploads\/2021\/06\/cf67e590-416e-4f58-ae91-2a5775ee705f-1-1024x768.jpg 1024w\" sizes=\"auto, (max-width: 1280px) 100vw, 1280px\" \/><\/a> <a href=\"http:\/\/folhadosudeste.com\/site\/wp-content\/uploads\/2021\/06\/203ae1ec-3b4c-42c7-941f-ac20448a54b3.jpg\"><img loading=\"lazy\" decoding=\"async\" class=\"alignnone size-full wp-image-74959\" src=\"http:\/\/folhadosudeste.com\/site\/wp-content\/uploads\/2021\/06\/203ae1ec-3b4c-42c7-941f-ac20448a54b3.jpg\" alt=\"\" width=\"1280\" height=\"960\" srcset=\"https:\/\/folhadosudeste.com\/site\/wp-content\/uploads\/2021\/06\/203ae1ec-3b4c-42c7-941f-ac20448a54b3.jpg 1280w, https:\/\/folhadosudeste.com\/site\/wp-content\/uploads\/2021\/06\/203ae1ec-3b4c-42c7-941f-ac20448a54b3-300x225.jpg 300w, https:\/\/folhadosudeste.com\/site\/wp-content\/uploads\/2021\/06\/203ae1ec-3b4c-42c7-941f-ac20448a54b3-768x576.jpg 768w, https:\/\/folhadosudeste.com\/site\/wp-content\/uploads\/2021\/06\/203ae1ec-3b4c-42c7-941f-ac20448a54b3-1024x768.jpg 1024w\" sizes=\"auto, (max-width: 1280px) 100vw, 1280px\" \/><\/a> <a href=\"http:\/\/folhadosudeste.com\/site\/wp-content\/uploads\/2021\/06\/8734fea1-79bc-4a0d-9b47-6dd5380e6954.jpg\"><img loading=\"lazy\" decoding=\"async\" class=\"alignnone size-full wp-image-74960\" src=\"http:\/\/folhadosudeste.com\/site\/wp-content\/uploads\/2021\/06\/8734fea1-79bc-4a0d-9b47-6dd5380e6954.jpg\" alt=\"\" width=\"1280\" height=\"960\" srcset=\"https:\/\/folhadosudeste.com\/site\/wp-content\/uploads\/2021\/06\/8734fea1-79bc-4a0d-9b47-6dd5380e6954.jpg 1280w, https:\/\/folhadosudeste.com\/site\/wp-content\/uploads\/2021\/06\/8734fea1-79bc-4a0d-9b47-6dd5380e6954-300x225.jpg 300w, https:\/\/folhadosudeste.com\/site\/wp-content\/uploads\/2021\/06\/8734fea1-79bc-4a0d-9b47-6dd5380e6954-768x576.jpg 768w, https:\/\/folhadosudeste.com\/site\/wp-content\/uploads\/2021\/06\/8734fea1-79bc-4a0d-9b47-6dd5380e6954-1024x768.jpg 1024w\" sizes=\"auto, (max-width: 1280px) 100vw, 1280px\" \/><\/a><\/p>\n","protected":false},"excerpt":{"rendered":"<p>Aconteceu na manh\u00e3 de 6 de junho no pr\u00f3prio local, onde est\u00e1 acontecendo a feira de domingo uma Assembleia Geral Ordin\u00e1ria que elegeu a nova diretoria da Associa\u00e7\u00e3o dos Feirantes de Muria\u00e9 e Regi\u00e3o Adjacentes. Em chapa \u00fanica, v\u00e1rios associados compareceram para votar e elegeram o feirante do distrito de Macuco Mauricio Milton da Silva, [&hellip;]<\/p>\n","protected":false},"author":6,"featured_media":0,"comment_status":"open","ping_status":"closed","sticky":false,"template":"","format":"standard","meta":{"_joinchat":[],"footnotes":""},"categories":[1],"tags":[],"class_list":["post-74956","post","type-post","status-publish","format-standard","hentry","category-sem-categoria"],"_links":{"self":[{"href":"https:\/\/folhadosudeste.com\/site\/index.php?rest_route=\/wp\/v2\/posts\/74956","targetHints":{"allow":["GET"]}}],"collection":[{"href":"https:\/\/folhadosudeste.com\/site\/index.php?rest_route=\/wp\/v2\/posts"}],"about":[{"href":"https:\/\/folhadosudeste.com\/site\/index.php?rest_route=\/wp\/v2\/types\/post"}],"author":[{"embeddable":true,"href":"https:\/\/folhadosudeste.com\/site\/index.php?rest_route=\/wp\/v2\/users\/6"}],"replies":[{"embeddable":true,"href":"https:\/\/folhadosudeste.com\/site\/index.php?rest_route=%2Fwp%2Fv2%2Fcomments&post=74956"}],"version-history":[{"count":1,"href":"https:\/\/folhadosudeste.com\/site\/index.php?rest_route=\/wp\/v2\/posts\/74956\/revisions"}],"predecessor-version":[{"id":74961,"href":"https:\/\/folhadosudeste.com\/site\/index.php?rest_route=\/wp\/v2\/posts\/74956\/revisions\/74961"}],"wp:attachment":[{"href":"https:\/\/folhadosudeste.com\/site\/index.php?rest_route=%2Fwp%2Fv2%2Fmedia&parent=74956"}],"wp:term":[{"taxonomy":"category","embeddable":true,"href":"https:\/\/folhadosudeste.com\/site\/index.php?rest_route=%2Fwp%2Fv2%2Fcategories&post=74956"},{"taxonomy":"post_tag","embeddable":true,"href":"https:\/\/folhadosudeste.com\/site\/index.php?rest_route=%2Fwp%2Fv2%2Ftags&post=74956"}],"curies":[{"name":"wp","href":"https:\/\/api.w.org\/{rel}","templated":true}]}}