{"id":74974,"date":"2021-06-15T13:19:10","date_gmt":"2021-06-15T13:19:10","guid":{"rendered":"http:\/\/folhadosudeste.com\/site\/?p=74974"},"modified":"2021-06-15T13:19:10","modified_gmt":"2021-06-15T13:19:10","slug":"sessao-ordinaria-votacoes-e-debate-de-projetos-requerimentos-indicacoes-e-mocoes","status":"publish","type":"post","link":"https:\/\/folhadosudeste.com\/site\/?p=74974","title":{"rendered":"Sess\u00e3o Ordin\u00e1ria: Vota\u00e7\u00f5es e Debate de projetos, requerimentos, indica\u00e7\u00f5es e mo\u00e7\u00f5es"},"content":{"rendered":"<p><a href=\"http:\/\/folhadosudeste.com\/site\/wp-content\/uploads\/2021\/06\/ea9dd868-dd15-401a-88b7-f8a623c5909d.jpg\"><img loading=\"lazy\" decoding=\"async\" class=\"alignnone size-full wp-image-74975\" src=\"http:\/\/folhadosudeste.com\/site\/wp-content\/uploads\/2021\/06\/ea9dd868-dd15-401a-88b7-f8a623c5909d.jpg\" alt=\"\" width=\"1080\" height=\"1080\" srcset=\"https:\/\/folhadosudeste.com\/site\/wp-content\/uploads\/2021\/06\/ea9dd868-dd15-401a-88b7-f8a623c5909d.jpg 1080w, https:\/\/folhadosudeste.com\/site\/wp-content\/uploads\/2021\/06\/ea9dd868-dd15-401a-88b7-f8a623c5909d-150x150.jpg 150w, https:\/\/folhadosudeste.com\/site\/wp-content\/uploads\/2021\/06\/ea9dd868-dd15-401a-88b7-f8a623c5909d-300x300.jpg 300w, https:\/\/folhadosudeste.com\/site\/wp-content\/uploads\/2021\/06\/ea9dd868-dd15-401a-88b7-f8a623c5909d-768x768.jpg 768w, https:\/\/folhadosudeste.com\/site\/wp-content\/uploads\/2021\/06\/ea9dd868-dd15-401a-88b7-f8a623c5909d-1024x1024.jpg 1024w\" sizes=\"auto, (max-width: 1080px) 100vw, 1080px\" \/><\/a><\/p>\n<p>Por determina\u00e7\u00e3o do presidente da C\u00e2mara, Afonso da Sa\u00fade (PTB), ser\u00e3o colocados em pauta, em primeira vota\u00e7\u00e3o, na sess\u00e3o desta ter\u00e7a-feira, dia 15, os seguintes projetos de lei:<\/p>\n<p><!--more--><\/p>\n<p>Em primeira vota\u00e7\u00e3o:<br \/>\n&#8211; PL 99\/2021: disp\u00f5e sobre a Pol\u00edtica Municipal de Compensa\u00e7\u00e3o Ambiental, a fiscaliza\u00e7\u00e3o de supress\u00e3o e poda de \u00e1rvores e a interven\u00e7\u00e3o em \u00e1rea de preserva\u00e7\u00e3o permanente (APP).<br \/>\nAutoria: Executivo municipal<\/p>\n<p>&#8211; PL 124\/202: autoriza o munic\u00edpio a implantar o Servi\u00e7o Municipal de Transporte Coletivos de Muria\u00e9 (SMTCM).<br \/>\nAutoria conjunta dos vereadores: Afonso da Sa\u00fade (PTB), Carlos Delfim (PDT), Celsinho (PSD), Ciso (PL), Delcinho Amaro (Solidariedade), Dr. Frederico (PTB), Dr. Gerson Varella Neto (PSL), Evandro Cheroso (Cidadania), Forim (Solidariedade) e Lelei (PSD).<\/p>\n<p>&#8211; PL 127\/2021: altera a Lei n\u00ba 2.890\/2003, que institui o Conselho de Seguran\u00e7a Alimentar e Nutricional de Muria\u00e9.<\/p>\n<p>Em cumprimento \u00e0s medidas sanit\u00e1rias de preven\u00e7\u00e3o ao coronav\u00edrus, a sess\u00e3o acontecer\u00e1 de forma presencial no plen\u00e1rio, por\u00e9m, somente com a presen\u00e7a dos vereadores, equipe da C\u00e2mara e imprensa.<\/p>\n<p>Fonte: PMM<\/p>\n","protected":false},"excerpt":{"rendered":"<p>Por determina\u00e7\u00e3o do presidente da C\u00e2mara, Afonso da Sa\u00fade (PTB), ser\u00e3o colocados em pauta, em primeira vota\u00e7\u00e3o, na sess\u00e3o desta ter\u00e7a-feira, dia 15, os seguintes projetos de lei:<\/p>\n","protected":false},"author":6,"featured_media":0,"comment_status":"open","ping_status":"closed","sticky":false,"template":"","format":"standard","meta":{"_joinchat":[],"footnotes":""},"categories":[1],"tags":[],"class_list":["post-74974","post","type-post","status-publish","format-standard","hentry","category-sem-categoria"],"_links":{"self":[{"href":"https:\/\/folhadosudeste.com\/site\/index.php?rest_route=\/wp\/v2\/posts\/74974","targetHints":{"allow":["GET"]}}],"collection":[{"href":"https:\/\/folhadosudeste.com\/site\/index.php?rest_route=\/wp\/v2\/posts"}],"about":[{"href":"https:\/\/folhadosudeste.com\/site\/index.php?rest_route=\/wp\/v2\/types\/post"}],"author":[{"embeddable":true,"href":"https:\/\/folhadosudeste.com\/site\/index.php?rest_route=\/wp\/v2\/users\/6"}],"replies":[{"embeddable":true,"href":"https:\/\/folhadosudeste.com\/site\/index.php?rest_route=%2Fwp%2Fv2%2Fcomments&post=74974"}],"version-history":[{"count":1,"href":"https:\/\/folhadosudeste.com\/site\/index.php?rest_route=\/wp\/v2\/posts\/74974\/revisions"}],"predecessor-version":[{"id":74976,"href":"https:\/\/folhadosudeste.com\/site\/index.php?rest_route=\/wp\/v2\/posts\/74974\/revisions\/74976"}],"wp:attachment":[{"href":"https:\/\/folhadosudeste.com\/site\/index.php?rest_route=%2Fwp%2Fv2%2Fmedia&parent=74974"}],"wp:term":[{"taxonomy":"category","embeddable":true,"href":"https:\/\/folhadosudeste.com\/site\/index.php?rest_route=%2Fwp%2Fv2%2Fcategories&post=74974"},{"taxonomy":"post_tag","embeddable":true,"href":"https:\/\/folhadosudeste.com\/site\/index.php?rest_route=%2Fwp%2Fv2%2Ftags&post=74974"}],"curies":[{"name":"wp","href":"https:\/\/api.w.org\/{rel}","templated":true}]}}