{"id":74986,"date":"2021-06-16T13:35:25","date_gmt":"2021-06-16T13:35:25","guid":{"rendered":"http:\/\/folhadosudeste.com\/site\/?p=74986"},"modified":"2021-06-16T13:35:25","modified_gmt":"2021-06-16T13:35:25","slug":"em-primeira-votacao-vereadores-autorizam-municipio-a-implantar-servico-municipal-de-transportes-coletivos","status":"publish","type":"post","link":"https:\/\/folhadosudeste.com\/site\/?p=74986","title":{"rendered":"Em primeira vota\u00e7\u00e3o, vereadores autorizam munic\u00edpio a implantar Servi\u00e7o Municipal de Transportes Coletivos"},"content":{"rendered":"<p><a href=\"http:\/\/folhadosudeste.com\/site\/wp-content\/uploads\/2021\/06\/DSC_2945.jpg\"><img loading=\"lazy\" decoding=\"async\" class=\"alignnone size-full wp-image-74987\" src=\"http:\/\/folhadosudeste.com\/site\/wp-content\/uploads\/2021\/06\/DSC_2945.jpg\" alt=\"\" width=\"1500\" height=\"1016\" srcset=\"https:\/\/folhadosudeste.com\/site\/wp-content\/uploads\/2021\/06\/DSC_2945.jpg 1500w, https:\/\/folhadosudeste.com\/site\/wp-content\/uploads\/2021\/06\/DSC_2945-300x203.jpg 300w, https:\/\/folhadosudeste.com\/site\/wp-content\/uploads\/2021\/06\/DSC_2945-768x520.jpg 768w, https:\/\/folhadosudeste.com\/site\/wp-content\/uploads\/2021\/06\/DSC_2945-1024x694.jpg 1024w, https:\/\/folhadosudeste.com\/site\/wp-content\/uploads\/2021\/06\/DSC_2945-120x80.jpg 120w, https:\/\/folhadosudeste.com\/site\/wp-content\/uploads\/2021\/06\/DSC_2945-220x150.jpg 220w\" sizes=\"auto, (max-width: 1500px) 100vw, 1500px\" \/><\/a><\/p>\n<p>Em primeira vota\u00e7\u00e3o, a C\u00e2mara de Muria\u00e9 autorizou na sess\u00e3o desta ter\u00e7a-feira (15) o Executivo a implementar o Servi\u00e7o Municipal de Transportes Coletivos de Muria\u00e9 (SMTCM). Segundo o texto, o objetivo da municipaliza\u00e7\u00e3o do transporte p\u00fablico \u00e9 oferecer uma alternativa para sanar de vez o problema enfrentado na presta\u00e7\u00e3o do servi\u00e7o.<\/p>\n<p><!--more--><\/p>\n<p>De autoria conjunta dos vereadores Afonso da Sa\u00fade (PTB), Carlos Delfim (PDT), Celsinho (PSD), Ciso (PL), Delcinho Amaro (Solidariedade), Dr. Frederico (PTB), Dr. Gerson Varella Neto (PSL), Evandro Cheroso (Cidadania), Forim (Solidariedade) e Lelei (PSD), o PL 124\/2021 foi aprovado por 10 votos a 4 \u2013 com uma absten\u00e7\u00e3o.<\/p>\n<p>Pelo texto, s\u00e3o obriga\u00e7\u00f5es do SMTCM: manter seguro contra riscos de passageiros; permitir o acesso de fiscais credenciados nos ve\u00edculos e instala\u00e7\u00f5es; dispor de carros reserva para substituir ve\u00edculos em pane; observar rigorosamente hor\u00e1rios e itiner\u00e1rios; fixar, em cada ve\u00edculo, numera\u00e7\u00e3o pr\u00f3pria, al\u00e9m de painel indicando linha ou rota; e instalar sistema de cobran\u00e7a eletr\u00f4nico.<\/p>\n<p>Al\u00e9m disso, \u00e9 obrigat\u00f3ria a passagem em frente &#8211; ou quando da impossibilidade &#8211; do mais pr\u00f3ximo poss\u00edvel de estabelecimentos de ensino, sa\u00fade e pr\u00e9dios p\u00fablicos. Os ve\u00edculos dever\u00e3o tamb\u00e9m seguir rigorosamente a lei de acessibilidade para pessoas com defici\u00eancia.<\/p>\n<p>Na sess\u00e3o desta semana foi aprovado ainda o PL 127\/2021, que altera a Lei n\u00ba 2.890\/2003, a qual institui o Conselho de Seguran\u00e7a Alimentar e Nutricional de Muria\u00e9. A modifica\u00e7\u00e3o acontece a fim de cumprir o princ\u00edpio da paridade, em que determina que os Conselhos tenham o mesmo n\u00famero de representantes do governo e da sociedade civil em sua composi\u00e7\u00e3o.<\/p>\n<p>Em cumprimento ao artigo 170 do Regimento Interno da C\u00e2mara, os projetos devem ser aprovados em tr\u00eas vota\u00e7\u00f5es subsequentes.&nbsp;Ou seja, estes PL\u2019s passar\u00e3o ainda por mais dois turnos de vota\u00e7\u00e3o.<\/p>\n<p><a href=\"http:\/\/folhadosudeste.com\/site\/wp-content\/uploads\/2021\/06\/DSC_2965.jpg\"><img loading=\"lazy\" decoding=\"async\" class=\"alignnone size-full wp-image-74988\" src=\"http:\/\/folhadosudeste.com\/site\/wp-content\/uploads\/2021\/06\/DSC_2965.jpg\" alt=\"\" width=\"1500\" height=\"1003\" srcset=\"https:\/\/folhadosudeste.com\/site\/wp-content\/uploads\/2021\/06\/DSC_2965.jpg 1500w, https:\/\/folhadosudeste.com\/site\/wp-content\/uploads\/2021\/06\/DSC_2965-300x201.jpg 300w, https:\/\/folhadosudeste.com\/site\/wp-content\/uploads\/2021\/06\/DSC_2965-768x514.jpg 768w, https:\/\/folhadosudeste.com\/site\/wp-content\/uploads\/2021\/06\/DSC_2965-1024x685.jpg 1024w, https:\/\/folhadosudeste.com\/site\/wp-content\/uploads\/2021\/06\/DSC_2965-120x80.jpg 120w, https:\/\/folhadosudeste.com\/site\/wp-content\/uploads\/2021\/06\/DSC_2965-345x230.jpg 345w\" sizes=\"auto, (max-width: 1500px) 100vw, 1500px\" \/><\/a><\/p>\n<p>Fonte: CMM<\/p>\n","protected":false},"excerpt":{"rendered":"<p>Em primeira vota\u00e7\u00e3o, a C\u00e2mara de Muria\u00e9 autorizou na sess\u00e3o desta ter\u00e7a-feira (15) o Executivo a implementar o Servi\u00e7o Municipal de Transportes Coletivos de Muria\u00e9 (SMTCM). Segundo o texto, o objetivo da municipaliza\u00e7\u00e3o do transporte p\u00fablico \u00e9 oferecer uma alternativa para sanar de vez o problema enfrentado na presta\u00e7\u00e3o do servi\u00e7o.<\/p>\n","protected":false},"author":6,"featured_media":0,"comment_status":"open","ping_status":"closed","sticky":false,"template":"","format":"standard","meta":{"_joinchat":[],"footnotes":""},"categories":[1],"tags":[],"class_list":["post-74986","post","type-post","status-publish","format-standard","hentry","category-sem-categoria"],"_links":{"self":[{"href":"https:\/\/folhadosudeste.com\/site\/index.php?rest_route=\/wp\/v2\/posts\/74986","targetHints":{"allow":["GET"]}}],"collection":[{"href":"https:\/\/folhadosudeste.com\/site\/index.php?rest_route=\/wp\/v2\/posts"}],"about":[{"href":"https:\/\/folhadosudeste.com\/site\/index.php?rest_route=\/wp\/v2\/types\/post"}],"author":[{"embeddable":true,"href":"https:\/\/folhadosudeste.com\/site\/index.php?rest_route=\/wp\/v2\/users\/6"}],"replies":[{"embeddable":true,"href":"https:\/\/folhadosudeste.com\/site\/index.php?rest_route=%2Fwp%2Fv2%2Fcomments&post=74986"}],"version-history":[{"count":1,"href":"https:\/\/folhadosudeste.com\/site\/index.php?rest_route=\/wp\/v2\/posts\/74986\/revisions"}],"predecessor-version":[{"id":74989,"href":"https:\/\/folhadosudeste.com\/site\/index.php?rest_route=\/wp\/v2\/posts\/74986\/revisions\/74989"}],"wp:attachment":[{"href":"https:\/\/folhadosudeste.com\/site\/index.php?rest_route=%2Fwp%2Fv2%2Fmedia&parent=74986"}],"wp:term":[{"taxonomy":"category","embeddable":true,"href":"https:\/\/folhadosudeste.com\/site\/index.php?rest_route=%2Fwp%2Fv2%2Fcategories&post=74986"},{"taxonomy":"post_tag","embeddable":true,"href":"https:\/\/folhadosudeste.com\/site\/index.php?rest_route=%2Fwp%2Fv2%2Ftags&post=74986"}],"curies":[{"name":"wp","href":"https:\/\/api.w.org\/{rel}","templated":true}]}}