{"id":75025,"date":"2021-06-17T19:57:00","date_gmt":"2021-06-17T19:57:00","guid":{"rendered":"http:\/\/folhadosudeste.com\/site\/?p=75025"},"modified":"2021-06-17T19:58:53","modified_gmt":"2021-06-17T19:58:53","slug":"1a-rodada-de-negocios-do-centro-de-distribuicao-acontecera-nesta-quarta-23","status":"publish","type":"post","link":"https:\/\/folhadosudeste.com\/site\/?p=75025","title":{"rendered":"1\u00aa Rodada de Neg\u00f3cios do Centro de Distribui\u00e7\u00e3o acontecer\u00e1 nesta quarta (23)"},"content":{"rendered":"<p><a href=\"http:\/\/folhadosudeste.com\/site\/wp-content\/uploads\/2021\/06\/Banners-Rodada.-produtores.jpg\"><img loading=\"lazy\" decoding=\"async\" class=\"alignnone wp-image-75027\" src=\"http:\/\/folhadosudeste.com\/site\/wp-content\/uploads\/2021\/06\/Banners-Rodada.-produtores.jpg\" alt=\"\" width=\"639\" height=\"855\" srcset=\"https:\/\/folhadosudeste.com\/site\/wp-content\/uploads\/2021\/06\/Banners-Rodada.-produtores.jpg 266w, https:\/\/folhadosudeste.com\/site\/wp-content\/uploads\/2021\/06\/Banners-Rodada.-produtores-224x300.jpg 224w\" sizes=\"auto, (max-width: 639px) 100vw, 639px\" \/><\/a><\/p>\n<p align=\"justify\">As secretarias municipais de Agricultura, Meio Ambiente e Desenvolvimento Econ\u00f4mico realizar\u00e3o em parceria com Emater; Sebrae e Sicredi a 1\u00aa Rodada de Neg\u00f3cios do Centro de Distribui\u00e7\u00e3o Municipal. O encontro ser\u00e1 no Tatersal do Sindicato Rural de Muria\u00e9, no dia 23 de junho, \u00e0 partir de 14 horas.<\/p>\n<p align=\"justify\"><!--more--><\/p>\n<p align=\"justify\">O objetivo \u00e9 incentivar empres\u00e1rios e compradores do segmento de bares, restaurantes, hot\u00e9is e hospitais a adquirirem mercadorias dos produtores da Agricultura Familiar. \u201cHoje temos diversos produtores inscritos na Agricultura Familiar que produzem hortali\u00e7as e verduras; legumes como mandioca, berinjela, jil\u00f3, quiabo e chuchu, assim como fruticultores que precisam vender sua produ\u00e7\u00e3o diretamente aos compradores, sem a presen\u00e7a de intermedi\u00e1rios\u201d, explicou Carlos Kneip, secret\u00e1rio Interino de Agricultura.<\/p>\n<p align=\"justify\">Movimentar a produ\u00e7\u00e3o e ampliar o mercado para os produtores rurais \u00e9 um dos objetivos da Prefeitura de Muria\u00e9. \u201c\u00c9 preciso movimentar o mercado local, oferecendo oportunidades aos produtores e auxiliando propriet\u00e1rios do com\u00e9rcio local a adquirir bons produtos, obtendo melhores condi\u00e7\u00f5es. Nosso prop\u00f3sito \u00e9 que o dinheiro circule dentro do pr\u00f3prio munic\u00edpio\u201d, ressaltou.<\/p>\n<p align=\"justify\">Para viabilizar a 1\u00aa Rodada de Neg\u00f3cios, a Prefeitura contar\u00e1 com institui\u00e7\u00f5es parceiras e cada uma delas levar\u00e1 um tipo de benef\u00edcio para os agricultores. A Emater fornecer\u00e1 consultoria sobre aduba\u00e7\u00e3o e cuidados com hortifrutiranjeiros, legumes e frutas, o Sicredi estar\u00e1 oferecendo financiamentos para amplia\u00e7\u00e3o da produ\u00e7\u00e3o e o Sebrae entrar\u00e1 com a log\u00edstica para incentivar o crescimento ordenado do segmento de mercado.<\/p>\n<p align=\"justify\"><a href=\"http:\/\/folhadosudeste.com\/site\/wp-content\/uploads\/2021\/06\/negocios-rurais.jpeg\"><img loading=\"lazy\" decoding=\"async\" class=\"alignnone size-full wp-image-75026\" src=\"http:\/\/folhadosudeste.com\/site\/wp-content\/uploads\/2021\/06\/negocios-rurais.jpeg\" alt=\"\" width=\"1024\" height=\"683\" srcset=\"https:\/\/folhadosudeste.com\/site\/wp-content\/uploads\/2021\/06\/negocios-rurais.jpeg 1024w, https:\/\/folhadosudeste.com\/site\/wp-content\/uploads\/2021\/06\/negocios-rurais-300x200.jpeg 300w, https:\/\/folhadosudeste.com\/site\/wp-content\/uploads\/2021\/06\/negocios-rurais-768x512.jpeg 768w, https:\/\/folhadosudeste.com\/site\/wp-content\/uploads\/2021\/06\/negocios-rurais-120x80.jpeg 120w, https:\/\/folhadosudeste.com\/site\/wp-content\/uploads\/2021\/06\/negocios-rurais-345x230.jpeg 345w\" sizes=\"auto, (max-width: 1024px) 100vw, 1024px\" \/><\/a><\/p>\n<p align=\"justify\">Fonte: PMM<\/p>\n<p align=\"justify\">&nbsp;<\/p>\n","protected":false},"excerpt":{"rendered":"<p>As secretarias municipais de Agricultura, Meio Ambiente e Desenvolvimento Econ\u00f4mico realizar\u00e3o em parceria com Emater; Sebrae e Sicredi a 1\u00aa Rodada de Neg\u00f3cios do Centro de Distribui\u00e7\u00e3o Municipal. O encontro ser\u00e1 no Tatersal do Sindicato Rural de Muria\u00e9, no dia 23 de junho, \u00e0 partir de 14 horas.<\/p>\n","protected":false},"author":6,"featured_media":0,"comment_status":"open","ping_status":"closed","sticky":false,"template":"","format":"standard","meta":{"_joinchat":[],"footnotes":""},"categories":[1],"tags":[],"class_list":["post-75025","post","type-post","status-publish","format-standard","hentry","category-sem-categoria"],"_links":{"self":[{"href":"https:\/\/folhadosudeste.com\/site\/index.php?rest_route=\/wp\/v2\/posts\/75025","targetHints":{"allow":["GET"]}}],"collection":[{"href":"https:\/\/folhadosudeste.com\/site\/index.php?rest_route=\/wp\/v2\/posts"}],"about":[{"href":"https:\/\/folhadosudeste.com\/site\/index.php?rest_route=\/wp\/v2\/types\/post"}],"author":[{"embeddable":true,"href":"https:\/\/folhadosudeste.com\/site\/index.php?rest_route=\/wp\/v2\/users\/6"}],"replies":[{"embeddable":true,"href":"https:\/\/folhadosudeste.com\/site\/index.php?rest_route=%2Fwp%2Fv2%2Fcomments&post=75025"}],"version-history":[{"count":4,"href":"https:\/\/folhadosudeste.com\/site\/index.php?rest_route=\/wp\/v2\/posts\/75025\/revisions"}],"predecessor-version":[{"id":75033,"href":"https:\/\/folhadosudeste.com\/site\/index.php?rest_route=\/wp\/v2\/posts\/75025\/revisions\/75033"}],"wp:attachment":[{"href":"https:\/\/folhadosudeste.com\/site\/index.php?rest_route=%2Fwp%2Fv2%2Fmedia&parent=75025"}],"wp:term":[{"taxonomy":"category","embeddable":true,"href":"https:\/\/folhadosudeste.com\/site\/index.php?rest_route=%2Fwp%2Fv2%2Fcategories&post=75025"},{"taxonomy":"post_tag","embeddable":true,"href":"https:\/\/folhadosudeste.com\/site\/index.php?rest_route=%2Fwp%2Fv2%2Ftags&post=75025"}],"curies":[{"name":"wp","href":"https:\/\/api.w.org\/{rel}","templated":true}]}}