{"id":75034,"date":"2021-06-17T20:05:08","date_gmt":"2021-06-17T20:05:08","guid":{"rendered":"http:\/\/folhadosudeste.com\/site\/?p=75034"},"modified":"2021-06-17T20:05:08","modified_gmt":"2021-06-17T20:05:08","slug":"boletim-17-06","status":"publish","type":"post","link":"https:\/\/folhadosudeste.com\/site\/?p=75034","title":{"rendered":"Boletim &#8211; 17\/06"},"content":{"rendered":"<p><a href=\"http:\/\/folhadosudeste.com\/site\/wp-content\/uploads\/2021\/06\/17062021.jpeg\"><img loading=\"lazy\" decoding=\"async\" class=\"alignnone size-full wp-image-75035\" src=\"http:\/\/folhadosudeste.com\/site\/wp-content\/uploads\/2021\/06\/17062021.jpeg\" alt=\"\" width=\"1080\" height=\"1080\" srcset=\"https:\/\/folhadosudeste.com\/site\/wp-content\/uploads\/2021\/06\/17062021.jpeg 1080w, https:\/\/folhadosudeste.com\/site\/wp-content\/uploads\/2021\/06\/17062021-150x150.jpeg 150w, https:\/\/folhadosudeste.com\/site\/wp-content\/uploads\/2021\/06\/17062021-300x300.jpeg 300w, https:\/\/folhadosudeste.com\/site\/wp-content\/uploads\/2021\/06\/17062021-768x768.jpeg 768w, https:\/\/folhadosudeste.com\/site\/wp-content\/uploads\/2021\/06\/17062021-1024x1024.jpeg 1024w\" sizes=\"auto, (max-width: 1080px) 100vw, 1080px\" \/><\/a><\/p>\n<div id=\":vj\" class=\"ii gt\">\n<div id=\":vk\" class=\"a3s aiL \">\n<div>\n<div>\n<div>\n<div>O boletim desta quinta-feira confirmou que mais dois \u00f3bitos ocorridos em Muria\u00e9 recentemente foram provocados pela covid-19.<\/div>\n<div>&nbsp;<\/div>\n<div>Um deles ocorreu h\u00e1 quase um m\u00eas, mas ainda estava pendente o envio da documenta\u00e7\u00e3o, por parte da institui\u00e7\u00e3o hospitalar, para que a investiga\u00e7\u00e3o epidemiol\u00f3gica do caso pudesse ser finalizada.&nbsp;<\/div>\n<\/div>\n<\/div>\n<\/div>\n<\/div>\n<\/div>\n<p><!--more--><\/p>\n<div class=\"yj6qo\">\n<div>O paciente em quest\u00e3o era um homem de 76 anos, que tamb\u00e9m sofria de hipertens\u00e3o.<\/div>\n<div>&nbsp;<\/div>\n<div>O segundo \u00f3bito registrado foi tamb\u00e9m de um homem &#8211; este, de 51 anos, que tinha ainda diabetes e obesidade. A morte ocorreu na segunda-feira, dia 14 de junho.<\/div>\n<div>&nbsp;<\/div>\n<div><strong>Novos casos &#8211;<\/strong>&nbsp;Mais 51 casos de covid-19 foram confirmados em Muria\u00e9 nas \u00faltimas 24 horas, conforme mostra o boletim de hoje. O paciente mais jovem \u00e9 um beb\u00ea de seis meses, enquanto o mais idoso tem 75 anos.<\/div>\n<div>&nbsp;<\/div>\n<div>A divis\u00e3o de registros por faixa et\u00e1ria ficou da seguinte forma:<\/div>\n<div>&nbsp;<\/div>\n<div>De 0 a 9 anos: 1 caso (1,96%)<\/div>\n<div>De 10 a 19 anos: 4 casos (7,84%)<\/div>\n<div>De 20 a 29 anos: 12 casos (23,53%)<\/div>\n<div>De 30 a 39 anos: 12 casos (23,53%)<\/div>\n<div>De 40 a 49 anos: 8 casos (15,69%)<\/div>\n<div>De 50 a 59 anos: 7 casos (13,73%)<\/div>\n<div>De 60 a 69 anos: 3 casos (5,88%)<\/div>\n<div>De 70 a 79 anos: 4 casos (7,84%)<\/div>\n<div>&nbsp;<\/div>\n<div><strong>Interna\u00e7\u00f5es &#8211;<\/strong>&nbsp;Atualmente, 67 pessoas est\u00e3o internadas com suspeita ou confirma\u00e7\u00e3o de covid-19 em Muria\u00e9.<\/div>\n<div>&nbsp;<\/div>\n<div>Deste total, 38 est\u00e3o em UTIs, incluindo duas crian\u00e7as. Pacientes que fazem uso de ventila\u00e7\u00e3o mec\u00e2nica (ou seja, est\u00e3o intubados) s\u00e3o 21 no momento.<\/div>\n<div>&nbsp;<\/div>\n<div>Veja os n\u00fameros completos de hoje (17\/06\/2021):<\/div>\n<div>&nbsp;<\/div>\n<div>VACINA\u00c7\u00c3O<\/div>\n<div>Vacinados com uma dose: 37.602 (34,37% da popula\u00e7\u00e3o)<\/div>\n<div>Vacinados com duas doses: 16.755 (15,32% da popula\u00e7\u00e3o)<\/div>\n<div>&nbsp;<\/div>\n<div>PACIENTES<\/div>\n<div>Total de casos confirmados: 10.058 (+51)<\/div>\n<div>Pacientes ativos: 266<\/div>\n<div>Pacientes curados: 9.535<\/div>\n<div>\u00d3bitos: 257 (+02)<\/div>\n<div>Investigados \/ Monitorados: 142<\/div>\n<div>Negativos: 10.780<\/div>\n<\/div>\n<div>&nbsp;<\/div>\n<div>Fonte: PMM<\/div>\n<div id=\":vj\" class=\"ii gt\">\n<div class=\"yj6qo\">&nbsp;<\/div>\n<div class=\"yj6qo\">&nbsp;<\/div>\n<\/div>\n<p>&nbsp;<\/p>\n<div id=\":xj\" class=\"hq gt a10\">&nbsp;<\/div>\n","protected":false},"excerpt":{"rendered":"<p>O boletim desta quinta-feira confirmou que mais dois \u00f3bitos ocorridos em Muria\u00e9 recentemente foram provocados pela covid-19. &nbsp; Um deles ocorreu h\u00e1 quase um m\u00eas, mas ainda estava pendente o envio da documenta\u00e7\u00e3o, por parte da institui\u00e7\u00e3o hospitalar, para que a investiga\u00e7\u00e3o epidemiol\u00f3gica do caso pudesse ser finalizada.&nbsp;<\/p>\n","protected":false},"author":6,"featured_media":0,"comment_status":"open","ping_status":"closed","sticky":false,"template":"","format":"standard","meta":{"_joinchat":[],"footnotes":""},"categories":[1],"tags":[],"class_list":["post-75034","post","type-post","status-publish","format-standard","hentry","category-sem-categoria"],"_links":{"self":[{"href":"https:\/\/folhadosudeste.com\/site\/index.php?rest_route=\/wp\/v2\/posts\/75034","targetHints":{"allow":["GET"]}}],"collection":[{"href":"https:\/\/folhadosudeste.com\/site\/index.php?rest_route=\/wp\/v2\/posts"}],"about":[{"href":"https:\/\/folhadosudeste.com\/site\/index.php?rest_route=\/wp\/v2\/types\/post"}],"author":[{"embeddable":true,"href":"https:\/\/folhadosudeste.com\/site\/index.php?rest_route=\/wp\/v2\/users\/6"}],"replies":[{"embeddable":true,"href":"https:\/\/folhadosudeste.com\/site\/index.php?rest_route=%2Fwp%2Fv2%2Fcomments&post=75034"}],"version-history":[{"count":1,"href":"https:\/\/folhadosudeste.com\/site\/index.php?rest_route=\/wp\/v2\/posts\/75034\/revisions"}],"predecessor-version":[{"id":75036,"href":"https:\/\/folhadosudeste.com\/site\/index.php?rest_route=\/wp\/v2\/posts\/75034\/revisions\/75036"}],"wp:attachment":[{"href":"https:\/\/folhadosudeste.com\/site\/index.php?rest_route=%2Fwp%2Fv2%2Fmedia&parent=75034"}],"wp:term":[{"taxonomy":"category","embeddable":true,"href":"https:\/\/folhadosudeste.com\/site\/index.php?rest_route=%2Fwp%2Fv2%2Fcategories&post=75034"},{"taxonomy":"post_tag","embeddable":true,"href":"https:\/\/folhadosudeste.com\/site\/index.php?rest_route=%2Fwp%2Fv2%2Ftags&post=75034"}],"curies":[{"name":"wp","href":"https:\/\/api.w.org\/{rel}","templated":true}]}}