{"id":75047,"date":"2021-06-18T00:40:57","date_gmt":"2021-06-18T00:40:57","guid":{"rendered":"http:\/\/folhadosudeste.com\/site\/?p=75047"},"modified":"2021-06-18T00:40:57","modified_gmt":"2021-06-18T00:40:57","slug":"presidente-da-sicredi-botucarai-rs-mg-esteve-reunido-com-liderancas-de-argirita-mg","status":"publish","type":"post","link":"https:\/\/folhadosudeste.com\/site\/?p=75047","title":{"rendered":"Presidente da Sicredi Botucara\u00ed RS\/MG esteve reunido com lideran\u00e7as de Argirita (MG)"},"content":{"rendered":"<p><a href=\"http:\/\/folhadosudeste.com\/site\/wp-content\/uploads\/2021\/06\/81b53c3f-e6a1-4048-982c-b96a151735d2-1.jpg\"><img loading=\"lazy\" decoding=\"async\" class=\"alignnone size-full wp-image-75048\" src=\"http:\/\/folhadosudeste.com\/site\/wp-content\/uploads\/2021\/06\/81b53c3f-e6a1-4048-982c-b96a151735d2-1.jpg\" alt=\"\" width=\"836\" height=\"544\" srcset=\"https:\/\/folhadosudeste.com\/site\/wp-content\/uploads\/2021\/06\/81b53c3f-e6a1-4048-982c-b96a151735d2-1.jpg 836w, https:\/\/folhadosudeste.com\/site\/wp-content\/uploads\/2021\/06\/81b53c3f-e6a1-4048-982c-b96a151735d2-1-300x195.jpg 300w, https:\/\/folhadosudeste.com\/site\/wp-content\/uploads\/2021\/06\/81b53c3f-e6a1-4048-982c-b96a151735d2-1-768x500.jpg 768w\" sizes=\"auto, (max-width: 836px) 100vw, 836px\" \/><\/a><\/p>\n<p>No \u00faltimo dia 10 de junho o presidente da Sicredi Botucara\u00ed RS\/MG, Carlos Rog\u00e9rio Matuella esteve no munic\u00edpio de Argirita (MG), onde participou de uma reuni\u00e3o com empres\u00e1rios, produtores, representantes de associa\u00e7\u00f5es e lideran\u00e7as do munic\u00edpio, com objetivo de levar mais informa\u00e7\u00f5es \u00e0 comunidade quanto a instala\u00e7\u00e3o de uma ag\u00eancia do Sicredi no munic\u00edpio, de mais de 3 mil habitantes, localizado na Zona da Mata mineira.<\/p>\n<p><!--more--><\/p>\n<p>Os representantes de entidades, como sindicatos, Sebrae, Associa\u00e7\u00e3o Comercial, associa\u00e7\u00e3o de produtores, integrantes do Poder Executivo e Legislativo tiveram a oportunidade de falar sobre as expectativas em torno da chegada da institui\u00e7\u00e3o financeira ao munic\u00edpio.<\/p>\n<p>Ao destacar a ess\u00eancia do Sicredi e sua miss\u00e3o, Carlos Rog\u00e9rio Matuella apresentou dados da Cooperativa e do projeto de expans\u00e3o para Minas Gerais, citando que a escolha de Argirita para receber uma ag\u00eancia do Sicredi vem ao encontro do prop\u00f3sito de inclus\u00e3o financeira que o Sicredi tem na sua ess\u00eancia. \u201cN\u00e3o estamos aqui para competir com ningu\u00e9m, viemos para somar, para ajudar a desenvolver essa comunidade e realizar o sonho de cada um que aqui vive\u201d, afirmou.<\/p>\n<p>Matuella anunciou o local de instala\u00e7\u00e3o da ag\u00eancia no munic\u00edpio e apresentou o projeto de estrutura\u00e7\u00e3o interna do espa\u00e7o. \u201cEstaremos investindo nesta ag\u00eancia um valor consider\u00e1vel. Vamos entregar para essa comunidade um espa\u00e7o f\u00edsico bonito, moderno e estruturado para atender ao associado da melhor maneira poss\u00edvel. Por\u00e9m, quero destacar que o que realmente importa para n\u00f3s s\u00e3o as pessoas que far\u00e3o parte disso. Aqui n\u00f3s cuidamos de gente, entendemos que o ser humano merece ser respeitado, valorizado e, \u00e9 isso que faz a diferen\u00e7a\u201d, acrescentou.<\/p>\n<p>Ele ressaltou, ainda, que enquanto a obra da ag\u00eancia n\u00e3o ficar pronta, ser\u00e1 montado um ponto de atendimento provis\u00f3rio com um caixa eletr\u00f4nico e dois colaboradores para poder garantir o atendimento aos primeiros associados. A previs\u00e3o \u00e9 que a ag\u00eancia do Sicredi, em Argirita, seja inaugurada ainda no segundo semestre deste ano.<\/p>\n<p>O prefeito municipal, Alex Andrade Anzolin enfatizou que a chegada do Sicredi \u00e9 uma conquista de toda a comunidade, e que vai beneficiar a todos os moradores que hoje precisam se deslocar para Leopoldina, para realizar seus neg\u00f3cios banc\u00e1rios ou mesmo para receber seus pagamentos.<\/p>\n<p>Acompanharam o presidente da Sicredi Botucara\u00ed RS\/MG no evento, o Gerente de Desenvolvimento e Neg\u00f3cios da Cooperativa, Laoni da Cunha, o Gerente da Ag\u00eancia Muria\u00e9 Centro, Jefersson da Costa e colaboradores do Sicredi. A reuni\u00e3o realizada no Centro Cultural da cidade seguiu todos os protocolos de sa\u00fade de preven\u00e7\u00e3o ao Covid.<\/p>\n<p><a href=\"http:\/\/folhadosudeste.com\/site\/wp-content\/uploads\/2021\/06\/a8ecf5a8-d887-4906-bd2f-7d5241d33b9a-1.jpg\"><img loading=\"lazy\" decoding=\"async\" class=\"alignnone  wp-image-75050\" src=\"http:\/\/folhadosudeste.com\/site\/wp-content\/uploads\/2021\/06\/a8ecf5a8-d887-4906-bd2f-7d5241d33b9a-1.jpg\" alt=\"\" width=\"808\" height=\"607\" srcset=\"https:\/\/folhadosudeste.com\/site\/wp-content\/uploads\/2021\/06\/a8ecf5a8-d887-4906-bd2f-7d5241d33b9a-1.jpg 510w, https:\/\/folhadosudeste.com\/site\/wp-content\/uploads\/2021\/06\/a8ecf5a8-d887-4906-bd2f-7d5241d33b9a-1-300x225.jpg 300w\" sizes=\"auto, (max-width: 808px) 100vw, 808px\" \/><\/a>&nbsp;<\/p>\n<p><a href=\"http:\/\/folhadosudeste.com\/site\/wp-content\/uploads\/2021\/06\/e2ea3f65-4df5-4fc3-92ca-aac0b6943fcc-1.jpg\"><img loading=\"lazy\" decoding=\"async\" class=\"alignnone  wp-image-75049\" src=\"http:\/\/folhadosudeste.com\/site\/wp-content\/uploads\/2021\/06\/e2ea3f65-4df5-4fc3-92ca-aac0b6943fcc-1.jpg\" alt=\"\" width=\"626\" height=\"842\" srcset=\"https:\/\/folhadosudeste.com\/site\/wp-content\/uploads\/2021\/06\/e2ea3f65-4df5-4fc3-92ca-aac0b6943fcc-1.jpg 511w, https:\/\/folhadosudeste.com\/site\/wp-content\/uploads\/2021\/06\/e2ea3f65-4df5-4fc3-92ca-aac0b6943fcc-1-223x300.jpg 223w\" sizes=\"auto, (max-width: 626px) 100vw, 626px\" \/><\/a><\/p>\n<p>Fonte: sicredibotucari.com.br<\/p>\n","protected":false},"excerpt":{"rendered":"<p>No \u00faltimo dia 10 de junho o presidente da Sicredi Botucara\u00ed RS\/MG, Carlos Rog\u00e9rio Matuella esteve no munic\u00edpio de Argirita (MG), onde participou de uma reuni\u00e3o com empres\u00e1rios, produtores, representantes de associa\u00e7\u00f5es e lideran\u00e7as do munic\u00edpio, com objetivo de levar mais informa\u00e7\u00f5es \u00e0 comunidade quanto a instala\u00e7\u00e3o de uma ag\u00eancia do Sicredi no munic\u00edpio, de [&hellip;]<\/p>\n","protected":false},"author":6,"featured_media":0,"comment_status":"open","ping_status":"closed","sticky":false,"template":"","format":"standard","meta":{"_joinchat":[],"footnotes":""},"categories":[1],"tags":[],"class_list":["post-75047","post","type-post","status-publish","format-standard","hentry","category-sem-categoria"],"_links":{"self":[{"href":"https:\/\/folhadosudeste.com\/site\/index.php?rest_route=\/wp\/v2\/posts\/75047","targetHints":{"allow":["GET"]}}],"collection":[{"href":"https:\/\/folhadosudeste.com\/site\/index.php?rest_route=\/wp\/v2\/posts"}],"about":[{"href":"https:\/\/folhadosudeste.com\/site\/index.php?rest_route=\/wp\/v2\/types\/post"}],"author":[{"embeddable":true,"href":"https:\/\/folhadosudeste.com\/site\/index.php?rest_route=\/wp\/v2\/users\/6"}],"replies":[{"embeddable":true,"href":"https:\/\/folhadosudeste.com\/site\/index.php?rest_route=%2Fwp%2Fv2%2Fcomments&post=75047"}],"version-history":[{"count":1,"href":"https:\/\/folhadosudeste.com\/site\/index.php?rest_route=\/wp\/v2\/posts\/75047\/revisions"}],"predecessor-version":[{"id":75051,"href":"https:\/\/folhadosudeste.com\/site\/index.php?rest_route=\/wp\/v2\/posts\/75047\/revisions\/75051"}],"wp:attachment":[{"href":"https:\/\/folhadosudeste.com\/site\/index.php?rest_route=%2Fwp%2Fv2%2Fmedia&parent=75047"}],"wp:term":[{"taxonomy":"category","embeddable":true,"href":"https:\/\/folhadosudeste.com\/site\/index.php?rest_route=%2Fwp%2Fv2%2Fcategories&post=75047"},{"taxonomy":"post_tag","embeddable":true,"href":"https:\/\/folhadosudeste.com\/site\/index.php?rest_route=%2Fwp%2Fv2%2Ftags&post=75047"}],"curies":[{"name":"wp","href":"https:\/\/api.w.org\/{rel}","templated":true}]}}