{"id":75063,"date":"2021-06-18T17:12:51","date_gmt":"2021-06-18T17:12:51","guid":{"rendered":"http:\/\/folhadosudeste.com\/site\/?p=75063"},"modified":"2021-06-18T17:12:51","modified_gmt":"2021-06-18T17:12:51","slug":"mes-da-conscientizacao-da-violencia-contra-a-pessoa-idosa","status":"publish","type":"post","link":"https:\/\/folhadosudeste.com\/site\/?p=75063","title":{"rendered":"M\u00eas da Conscientiza\u00e7\u00e3o da Viol\u00eancia contra a Pessoa Idosa"},"content":{"rendered":"<p>Em parceria com o Conselho Municipal do Idoso, a Prefeitura de Muria\u00e9 realizou na \u00faltima ter\u00e7a-feira (15), na Pra\u00e7a Jo\u00e3o Pinheiro, ato p\u00fablico pelo Dia Mundial de Conscientiza\u00e7\u00e3o da Viol\u00eancia contra a Pessoa Idosa.<\/p>\n<p><a href=\"http:\/\/folhadosudeste.com\/site\/wp-content\/uploads\/2021\/06\/b676ff00-79e2-45d5-9510-386f1bcb3edb.jpg\"><img loading=\"lazy\" decoding=\"async\" class=\"alignnone size-full wp-image-75064\" src=\"http:\/\/folhadosudeste.com\/site\/wp-content\/uploads\/2021\/06\/b676ff00-79e2-45d5-9510-386f1bcb3edb.jpg\" alt=\"\" width=\"1280\" height=\"720\" srcset=\"https:\/\/folhadosudeste.com\/site\/wp-content\/uploads\/2021\/06\/b676ff00-79e2-45d5-9510-386f1bcb3edb.jpg 1280w, https:\/\/folhadosudeste.com\/site\/wp-content\/uploads\/2021\/06\/b676ff00-79e2-45d5-9510-386f1bcb3edb-300x169.jpg 300w, https:\/\/folhadosudeste.com\/site\/wp-content\/uploads\/2021\/06\/b676ff00-79e2-45d5-9510-386f1bcb3edb-768x432.jpg 768w, https:\/\/folhadosudeste.com\/site\/wp-content\/uploads\/2021\/06\/b676ff00-79e2-45d5-9510-386f1bcb3edb-1024x576.jpg 1024w\" sizes=\"auto, (max-width: 1280px) 100vw, 1280px\" \/><\/a><\/p>\n<p>A data \u00e9 celebrada em todo o planeta no dia 15 de junho e tem o objetivo de despertar a aten\u00e7\u00e3o das pessoas para a causa. Em Muria\u00e9, al\u00e9m do ato p\u00fablico, outras atividades neste sentido v\u00e3o acontecer ao longo da segunda quinzena de junho.<\/p>\n<p>\u201cTrabalhamos todos os dias para diminuir as desigualdades sejam quais forem. A Secretaria de Desenvolvimento Social est\u00e1 de portas abertas a acolher os idosos e valorizar a autonomia prevenindo as depend\u00eancias\u201d, explicou a secret\u00e1ria da pasta, Eveline Amaral.<\/p>\n<p><!--more--><\/p>\n<p>Larissa Cerqueira, presidente do Conselho Municipal do Idoso, destacou a import\u00e2ncia de sensibilizar a sociedade para a causa e falou sobre como as pessoas podem fazer den\u00fancias de maus tratos a idosos.<\/p>\n<p>\u201cTemos que lembrar que os idosos, muitas vezes, s\u00e3o v\u00edtimas em seus lares e, para que as pessoas informem se isto ocorre pr\u00f3ximo delas \u00e9 s\u00f3 utilizar o Disque 100. Temos o maior cuidado e precisamos acolher estas pessoas\u201d, enfatizou.<\/p>\n<p>Compareceram ao ato o prefeito Jos\u00e9 Braz, o secret\u00e1rio municipal de Governo Paulo S\u00e9rgio Amaral, o vereador Delegado Rangel e toda a equipe da Secretaria de Desenvolvimento Social.<\/p>\n<p><a href=\"http:\/\/folhadosudeste.com\/site\/wp-content\/uploads\/2021\/06\/WhatsApp-Image-2021-06-14-at-09.28.16.jpeg\"><img loading=\"lazy\" decoding=\"async\" class=\"alignnone size-full wp-image-75065\" src=\"http:\/\/folhadosudeste.com\/site\/wp-content\/uploads\/2021\/06\/WhatsApp-Image-2021-06-14-at-09.28.16.jpeg\" alt=\"\" width=\"1280\" height=\"1280\" srcset=\"https:\/\/folhadosudeste.com\/site\/wp-content\/uploads\/2021\/06\/WhatsApp-Image-2021-06-14-at-09.28.16.jpeg 1280w, https:\/\/folhadosudeste.com\/site\/wp-content\/uploads\/2021\/06\/WhatsApp-Image-2021-06-14-at-09.28.16-150x150.jpeg 150w, https:\/\/folhadosudeste.com\/site\/wp-content\/uploads\/2021\/06\/WhatsApp-Image-2021-06-14-at-09.28.16-300x300.jpeg 300w, https:\/\/folhadosudeste.com\/site\/wp-content\/uploads\/2021\/06\/WhatsApp-Image-2021-06-14-at-09.28.16-768x768.jpeg 768w, https:\/\/folhadosudeste.com\/site\/wp-content\/uploads\/2021\/06\/WhatsApp-Image-2021-06-14-at-09.28.16-1024x1024.jpeg 1024w\" sizes=\"auto, (max-width: 1280px) 100vw, 1280px\" \/><\/a> <a href=\"http:\/\/folhadosudeste.com\/site\/wp-content\/uploads\/2021\/06\/bed54921-b59b-4d6a-8b7f-5346d8237857.jpg\"><img loading=\"lazy\" decoding=\"async\" class=\"alignnone size-full wp-image-75066\" src=\"http:\/\/folhadosudeste.com\/site\/wp-content\/uploads\/2021\/06\/bed54921-b59b-4d6a-8b7f-5346d8237857.jpg\" alt=\"\" width=\"1280\" height=\"720\" srcset=\"https:\/\/folhadosudeste.com\/site\/wp-content\/uploads\/2021\/06\/bed54921-b59b-4d6a-8b7f-5346d8237857.jpg 1280w, https:\/\/folhadosudeste.com\/site\/wp-content\/uploads\/2021\/06\/bed54921-b59b-4d6a-8b7f-5346d8237857-300x169.jpg 300w, https:\/\/folhadosudeste.com\/site\/wp-content\/uploads\/2021\/06\/bed54921-b59b-4d6a-8b7f-5346d8237857-768x432.jpg 768w, https:\/\/folhadosudeste.com\/site\/wp-content\/uploads\/2021\/06\/bed54921-b59b-4d6a-8b7f-5346d8237857-1024x576.jpg 1024w\" sizes=\"auto, (max-width: 1280px) 100vw, 1280px\" \/><\/a> <a href=\"http:\/\/folhadosudeste.com\/site\/wp-content\/uploads\/2021\/06\/da69de22-4023-469b-8182-7d84bc794251.jpg\"><img loading=\"lazy\" decoding=\"async\" class=\"alignnone size-full wp-image-75067\" src=\"http:\/\/folhadosudeste.com\/site\/wp-content\/uploads\/2021\/06\/da69de22-4023-469b-8182-7d84bc794251.jpg\" alt=\"\" width=\"1280\" height=\"720\" srcset=\"https:\/\/folhadosudeste.com\/site\/wp-content\/uploads\/2021\/06\/da69de22-4023-469b-8182-7d84bc794251.jpg 1280w, https:\/\/folhadosudeste.com\/site\/wp-content\/uploads\/2021\/06\/da69de22-4023-469b-8182-7d84bc794251-300x169.jpg 300w, https:\/\/folhadosudeste.com\/site\/wp-content\/uploads\/2021\/06\/da69de22-4023-469b-8182-7d84bc794251-768x432.jpg 768w, https:\/\/folhadosudeste.com\/site\/wp-content\/uploads\/2021\/06\/da69de22-4023-469b-8182-7d84bc794251-1024x576.jpg 1024w\" sizes=\"auto, (max-width: 1280px) 100vw, 1280px\" \/><\/a><\/p>\n<p>Fonte: PMM<\/p>\n<p>&nbsp;<\/p>\n","protected":false},"excerpt":{"rendered":"<p>Em parceria com o Conselho Municipal do Idoso, a Prefeitura de Muria\u00e9 realizou na \u00faltima ter\u00e7a-feira (15), na Pra\u00e7a Jo\u00e3o Pinheiro, ato p\u00fablico pelo Dia Mundial de Conscientiza\u00e7\u00e3o da Viol\u00eancia contra a Pessoa Idosa. A data \u00e9 celebrada em todo o planeta no dia 15 de junho e tem o objetivo de despertar a aten\u00e7\u00e3o [&hellip;]<\/p>\n","protected":false},"author":6,"featured_media":0,"comment_status":"open","ping_status":"closed","sticky":false,"template":"","format":"standard","meta":{"_joinchat":[],"footnotes":""},"categories":[1],"tags":[],"class_list":["post-75063","post","type-post","status-publish","format-standard","hentry","category-sem-categoria"],"_links":{"self":[{"href":"https:\/\/folhadosudeste.com\/site\/index.php?rest_route=\/wp\/v2\/posts\/75063","targetHints":{"allow":["GET"]}}],"collection":[{"href":"https:\/\/folhadosudeste.com\/site\/index.php?rest_route=\/wp\/v2\/posts"}],"about":[{"href":"https:\/\/folhadosudeste.com\/site\/index.php?rest_route=\/wp\/v2\/types\/post"}],"author":[{"embeddable":true,"href":"https:\/\/folhadosudeste.com\/site\/index.php?rest_route=\/wp\/v2\/users\/6"}],"replies":[{"embeddable":true,"href":"https:\/\/folhadosudeste.com\/site\/index.php?rest_route=%2Fwp%2Fv2%2Fcomments&post=75063"}],"version-history":[{"count":1,"href":"https:\/\/folhadosudeste.com\/site\/index.php?rest_route=\/wp\/v2\/posts\/75063\/revisions"}],"predecessor-version":[{"id":75068,"href":"https:\/\/folhadosudeste.com\/site\/index.php?rest_route=\/wp\/v2\/posts\/75063\/revisions\/75068"}],"wp:attachment":[{"href":"https:\/\/folhadosudeste.com\/site\/index.php?rest_route=%2Fwp%2Fv2%2Fmedia&parent=75063"}],"wp:term":[{"taxonomy":"category","embeddable":true,"href":"https:\/\/folhadosudeste.com\/site\/index.php?rest_route=%2Fwp%2Fv2%2Fcategories&post=75063"},{"taxonomy":"post_tag","embeddable":true,"href":"https:\/\/folhadosudeste.com\/site\/index.php?rest_route=%2Fwp%2Fv2%2Ftags&post=75063"}],"curies":[{"name":"wp","href":"https:\/\/api.w.org\/{rel}","templated":true}]}}