{"id":75069,"date":"2021-06-19T00:25:18","date_gmt":"2021-06-19T00:25:18","guid":{"rendered":"http:\/\/folhadosudeste.com\/site\/?p=75069"},"modified":"2021-06-19T00:25:18","modified_gmt":"2021-06-19T00:25:18","slug":"muriae-quer-acelerar-ritmo-de-vacinacao-contra-covid-19","status":"publish","type":"post","link":"https:\/\/folhadosudeste.com\/site\/?p=75069","title":{"rendered":"Muria\u00e9 quer acelerar ritmo de vacina\u00e7\u00e3o contra covid-19"},"content":{"rendered":"<p><a href=\"http:\/\/folhadosudeste.com\/site\/wp-content\/uploads\/2021\/06\/assortment-vaccination-elements-covid19-768x432.jpg\"><img loading=\"lazy\" decoding=\"async\" class=\"alignnone size-full wp-image-75070\" src=\"http:\/\/folhadosudeste.com\/site\/wp-content\/uploads\/2021\/06\/assortment-vaccination-elements-covid19-768x432.jpg\" alt=\"\" width=\"768\" height=\"432\" srcset=\"https:\/\/folhadosudeste.com\/site\/wp-content\/uploads\/2021\/06\/assortment-vaccination-elements-covid19-768x432.jpg 768w, https:\/\/folhadosudeste.com\/site\/wp-content\/uploads\/2021\/06\/assortment-vaccination-elements-covid19-768x432-300x169.jpg 300w\" sizes=\"auto, (max-width: 768px) 100vw, 768px\" \/><\/a><\/p>\n<div>O vice-prefeito e secret\u00e1rio municipal de Sa\u00fade de Muria\u00e9, Marcos Guarino, informou nesta sexta-feira (18) que a Prefeitura pretende acelerar o ritmo da vacina\u00e7\u00e3o contra covid-19 na cidade.<\/div>\n<div>&nbsp;<\/div>\n<div>&#8220;A vacina \u00e9 o que temos de mais eficaz para controlar a pandemia. E quanto mais pessoas receberem imuniza\u00e7\u00e3o, menos casos de covid ser\u00e3o registrados&#8221;, disse.<\/div>\n<div>&nbsp;<\/div>\n<p><!--more--><\/p>\n<div>&nbsp;<\/div>\n<div>Hoje a vacina\u00e7\u00e3o foi para pessoas de 57 anos e, no s\u00e1bado, ser\u00e1 para as de 56. Mulheres ser\u00e3o atendidas na UBS S\u00e3o Francisco, enquanto homens dever\u00e3o comparecer \u00e0 UBS S\u00e3o Gotardo, ambos no hor\u00e1rio de 8h at\u00e9 11h.<\/div>\n<div>&nbsp;<\/div>\n<div>Na segunda-feira (21), ser\u00e1 a vez dos muriaeenses de 55 anos. A Secretaria Municipal de Sa\u00fade estuda ainda a possibilidade de abrir mais locais de vacina\u00e7\u00e3o e estender a campanha para duas idades a cada dia.<\/div>\n<div>&nbsp;<\/div>\n<div>&#8220;No momento, o que podemos afirmar \u00e9 que as pessoas de 50 anos ser\u00e3o vacinadas at\u00e9 o fim da pr\u00f3xima semana&#8221;, disse Marcos Guarino.<\/div>\n<div>&nbsp;<\/div>\n<div><strong>PR\u00d3XIMAS DATAS DE VACINA\u00c7\u00c3O EM MURIA\u00c9<\/strong><\/div>\n<div>&nbsp;<\/div>\n<div><strong>S\u00e1bado (19\/06)<\/strong><\/div>\n<div><strong>P\u00fablico:<\/strong>&nbsp;56 anos<\/div>\n<div><strong>Locais:<\/strong>&nbsp;mulheres na UBS S\u00e3o Francisco, homens na UBS Sao Gotardo<\/div>\n<div><strong>Hor\u00e1rio:<\/strong>&nbsp;das 8h \u00e0s 14h<\/div>\n<div><strong>Documentos:<\/strong>&nbsp;CPF e comprovante de resid\u00eancia em Muria\u00e9<\/div>\n<div>&nbsp;<\/div>\n<div><strong>Segunda-feira (21\/06)<\/strong><\/div>\n<div><strong>P\u00fablico:<\/strong>&nbsp;55 anos<\/div>\n<div><strong>Locais:<\/strong>&nbsp;escolas municipais Dr. Ant\u00f4nio Can\u00eado (Centro), Odal\u00e9ia Morais de Azevedo (Barra), Maria Hastenreiter (Dornelas) e Clara de Castro Rog\u00e9rio (Porto)<\/div>\n<div><strong>Hor\u00e1rio:<\/strong>&nbsp;das 8h \u00e0s 11h<\/div>\n<div><strong>Documentos:<\/strong>&nbsp;CPF e comprovante de resid\u00eancia em Muria\u00e9.<\/div>\n<div>&nbsp;<\/div>\n<div>Fonte: PMM<\/div>\n","protected":false},"excerpt":{"rendered":"<p>O vice-prefeito e secret\u00e1rio municipal de Sa\u00fade de Muria\u00e9, Marcos Guarino, informou nesta sexta-feira (18) que a Prefeitura pretende acelerar o ritmo da vacina\u00e7\u00e3o contra covid-19 na cidade. &nbsp; &#8220;A vacina \u00e9 o que temos de mais eficaz para controlar a pandemia. E quanto mais pessoas receberem imuniza\u00e7\u00e3o, menos casos de covid ser\u00e3o registrados&#8221;, disse. [&hellip;]<\/p>\n","protected":false},"author":6,"featured_media":0,"comment_status":"open","ping_status":"closed","sticky":false,"template":"","format":"standard","meta":{"_joinchat":[],"footnotes":""},"categories":[1],"tags":[],"class_list":["post-75069","post","type-post","status-publish","format-standard","hentry","category-sem-categoria"],"_links":{"self":[{"href":"https:\/\/folhadosudeste.com\/site\/index.php?rest_route=\/wp\/v2\/posts\/75069","targetHints":{"allow":["GET"]}}],"collection":[{"href":"https:\/\/folhadosudeste.com\/site\/index.php?rest_route=\/wp\/v2\/posts"}],"about":[{"href":"https:\/\/folhadosudeste.com\/site\/index.php?rest_route=\/wp\/v2\/types\/post"}],"author":[{"embeddable":true,"href":"https:\/\/folhadosudeste.com\/site\/index.php?rest_route=\/wp\/v2\/users\/6"}],"replies":[{"embeddable":true,"href":"https:\/\/folhadosudeste.com\/site\/index.php?rest_route=%2Fwp%2Fv2%2Fcomments&post=75069"}],"version-history":[{"count":1,"href":"https:\/\/folhadosudeste.com\/site\/index.php?rest_route=\/wp\/v2\/posts\/75069\/revisions"}],"predecessor-version":[{"id":75071,"href":"https:\/\/folhadosudeste.com\/site\/index.php?rest_route=\/wp\/v2\/posts\/75069\/revisions\/75071"}],"wp:attachment":[{"href":"https:\/\/folhadosudeste.com\/site\/index.php?rest_route=%2Fwp%2Fv2%2Fmedia&parent=75069"}],"wp:term":[{"taxonomy":"category","embeddable":true,"href":"https:\/\/folhadosudeste.com\/site\/index.php?rest_route=%2Fwp%2Fv2%2Fcategories&post=75069"},{"taxonomy":"post_tag","embeddable":true,"href":"https:\/\/folhadosudeste.com\/site\/index.php?rest_route=%2Fwp%2Fv2%2Ftags&post=75069"}],"curies":[{"name":"wp","href":"https:\/\/api.w.org\/{rel}","templated":true}]}}