{"id":75072,"date":"2021-06-19T00:27:30","date_gmt":"2021-06-19T00:27:30","guid":{"rendered":"http:\/\/folhadosudeste.com\/site\/?p=75072"},"modified":"2021-06-19T00:33:37","modified_gmt":"2021-06-19T00:33:37","slug":"o-vice-prefeito-e-secretario-municipal-de-saude-de-muriae-marcos-guarino-informou-nesta-sexta-feira-18-que-a-prefeitura-pretende-acelerar-o-ritmo-da-vacinacao-contra-covid-19-na-cidade-a-vacin","status":"publish","type":"post","link":"https:\/\/folhadosudeste.com\/site\/?p=75072","title":{"rendered":"Boletim 18\/06"},"content":{"rendered":"<p><a href=\"http:\/\/folhadosudeste.com\/site\/wp-content\/uploads\/2021\/06\/18062021.jpeg\"><img loading=\"lazy\" decoding=\"async\" class=\"alignnone size-full wp-image-75073\" src=\"http:\/\/folhadosudeste.com\/site\/wp-content\/uploads\/2021\/06\/18062021.jpeg\" alt=\"\" width=\"1080\" height=\"1080\" srcset=\"https:\/\/folhadosudeste.com\/site\/wp-content\/uploads\/2021\/06\/18062021.jpeg 1080w, https:\/\/folhadosudeste.com\/site\/wp-content\/uploads\/2021\/06\/18062021-150x150.jpeg 150w, https:\/\/folhadosudeste.com\/site\/wp-content\/uploads\/2021\/06\/18062021-300x300.jpeg 300w, https:\/\/folhadosudeste.com\/site\/wp-content\/uploads\/2021\/06\/18062021-768x768.jpeg 768w, https:\/\/folhadosudeste.com\/site\/wp-content\/uploads\/2021\/06\/18062021-1024x1024.jpeg 1024w\" sizes=\"auto, (max-width: 1080px) 100vw, 1080px\" \/><\/a><\/p>\n<div id=\":1ud\" class=\"ii gt\">\n<div id=\":1uc\" class=\"a3s aiL \">\n<div>\n<div>\n<div>\n<div>Muria\u00e9 teve 60 novos casos de covid-19 registrados nas \u00faltimas 24 horas, conforme mostra o boletim epidemiol\u00f3gico desta sexta-feira. O paciente mais jovem tem um ano de idade, enquanto o mais idoso tem 84.<\/div>\n<div>&nbsp;<\/div>\n<\/div>\n<\/div>\n<\/div>\n<\/div>\n<\/div>\n<p><!--more--><\/p>\n<div id=\":1v7\" class=\"hq gt a10\">\n<div id=\":1uc\" class=\"a3s aiL \">\n<div>\n<div>\n<div>\n<div>A divis\u00e3o de registros por faixa et\u00e1ria ficou assim:<\/div>\n<div>&nbsp;<\/div>\n<div>De 00 a 09 anos: 6 casos (10% do total)<\/div>\n<div>De 10 a 19 anos: 2 casos (3,33% do total)<\/div>\n<div>De 20 a 29 anos: 6 casos (10% do total)<\/div>\n<div>De 30 a 39 anos: 15 casos (25% do total)<\/div>\n<div>De 40 a 49 anos: 14 casos (23,34% do total)<\/div>\n<div>De 50 a 59 anos: 6 casos (10% do total)<\/div>\n<div>De 60 a 69 anos: 6 casos (10% do total)<\/div>\n<div>De 70 a 79 anos: 3 casos (5% do total)<\/div>\n<div>De 80 a 89 anos: 2 casos (3,33% do total)<\/div>\n<div>&nbsp;<\/div>\n<div>Interna\u00e7\u00f5es &#8211; Atualmente, 62 pessoas est\u00e3o internadas com suspeita ou confirma\u00e7\u00e3o de covid-19 em Muria\u00e9.<\/div>\n<div>&nbsp;<\/div>\n<div>Deste total, 36 est\u00e3o em UTIs, incluindo duas crian\u00e7as. Pacientes que fazem uso de ventila\u00e7\u00e3o mec\u00e2nica (ou seja, est\u00e3o intubados) totalizam 20 no momento.<\/div>\n<div>&nbsp;<\/div>\n<div>Veja os n\u00fameros completos de hoje (18\/06\/2021):<\/div>\n<div>&nbsp;<\/div>\n<div>VACINA\u00c7\u00c3O<\/div>\n<div>Vacinados com uma dose: 38.501 (35,19% da popula\u00e7\u00e3o)<\/div>\n<div>Vacinados com duas doses: 16.755 (15,32% da popula\u00e7\u00e3o)<\/div>\n<div>&nbsp;<\/div>\n<div>PACIENTES<\/div>\n<div>Total de casos confirmados: 10.118 (+60)<\/div>\n<div>Pacientes ativos: 268<\/div>\n<div>Pacientes curados: 9.593<\/div>\n<div>\u00d3bitos: 257<\/div>\n<div>Investigados \/ Monitorados: 171<\/div>\n<div>Negativos: 10.857<\/div>\n<\/div>\n<\/div>\n<\/div>\n<\/div>\n<div class=\"yj6qo\">&nbsp;<\/div>\n<div class=\"yj6qo\">Fonte: PMM<\/div>\n<\/div>\n","protected":false},"excerpt":{"rendered":"<p>Muria\u00e9 teve 60 novos casos de covid-19 registrados nas \u00faltimas 24 horas, conforme mostra o boletim epidemiol\u00f3gico desta sexta-feira. O paciente mais jovem tem um ano de idade, enquanto o mais idoso tem 84. &nbsp;<\/p>\n","protected":false},"author":6,"featured_media":0,"comment_status":"open","ping_status":"closed","sticky":false,"template":"","format":"standard","meta":{"_joinchat":[],"footnotes":""},"categories":[1],"tags":[],"class_list":["post-75072","post","type-post","status-publish","format-standard","hentry","category-sem-categoria"],"_links":{"self":[{"href":"https:\/\/folhadosudeste.com\/site\/index.php?rest_route=\/wp\/v2\/posts\/75072","targetHints":{"allow":["GET"]}}],"collection":[{"href":"https:\/\/folhadosudeste.com\/site\/index.php?rest_route=\/wp\/v2\/posts"}],"about":[{"href":"https:\/\/folhadosudeste.com\/site\/index.php?rest_route=\/wp\/v2\/types\/post"}],"author":[{"embeddable":true,"href":"https:\/\/folhadosudeste.com\/site\/index.php?rest_route=\/wp\/v2\/users\/6"}],"replies":[{"embeddable":true,"href":"https:\/\/folhadosudeste.com\/site\/index.php?rest_route=%2Fwp%2Fv2%2Fcomments&post=75072"}],"version-history":[{"count":2,"href":"https:\/\/folhadosudeste.com\/site\/index.php?rest_route=\/wp\/v2\/posts\/75072\/revisions"}],"predecessor-version":[{"id":75078,"href":"https:\/\/folhadosudeste.com\/site\/index.php?rest_route=\/wp\/v2\/posts\/75072\/revisions\/75078"}],"wp:attachment":[{"href":"https:\/\/folhadosudeste.com\/site\/index.php?rest_route=%2Fwp%2Fv2%2Fmedia&parent=75072"}],"wp:term":[{"taxonomy":"category","embeddable":true,"href":"https:\/\/folhadosudeste.com\/site\/index.php?rest_route=%2Fwp%2Fv2%2Fcategories&post=75072"},{"taxonomy":"post_tag","embeddable":true,"href":"https:\/\/folhadosudeste.com\/site\/index.php?rest_route=%2Fwp%2Fv2%2Ftags&post=75072"}],"curies":[{"name":"wp","href":"https:\/\/api.w.org\/{rel}","templated":true}]}}