{"id":75079,"date":"2021-06-21T10:28:48","date_gmt":"2021-06-21T10:28:48","guid":{"rendered":"http:\/\/folhadosudeste.com\/site\/?p=75079"},"modified":"2021-06-21T10:28:48","modified_gmt":"2021-06-21T10:28:48","slug":"muriae-quer-acelerar-ritmo-de-vacinacao-contra-covid-19-2","status":"publish","type":"post","link":"https:\/\/folhadosudeste.com\/site\/?p=75079","title":{"rendered":"Muria\u00e9 quer acelerar ritmo de vacina\u00e7\u00e3o contra covid-19"},"content":{"rendered":"<p><a href=\"http:\/\/folhadosudeste.com\/site\/wp-content\/uploads\/2021\/06\/WhatsApp-Image-2021-06-20-at-12.49.37-768x768.jpeg\"><img loading=\"lazy\" decoding=\"async\" class=\"alignnone size-full wp-image-75081\" src=\"http:\/\/folhadosudeste.com\/site\/wp-content\/uploads\/2021\/06\/WhatsApp-Image-2021-06-20-at-12.49.37-768x768.jpeg\" alt=\"\" width=\"768\" height=\"768\" srcset=\"https:\/\/folhadosudeste.com\/site\/wp-content\/uploads\/2021\/06\/WhatsApp-Image-2021-06-20-at-12.49.37-768x768.jpeg 768w, https:\/\/folhadosudeste.com\/site\/wp-content\/uploads\/2021\/06\/WhatsApp-Image-2021-06-20-at-12.49.37-768x768-150x150.jpeg 150w, https:\/\/folhadosudeste.com\/site\/wp-content\/uploads\/2021\/06\/WhatsApp-Image-2021-06-20-at-12.49.37-768x768-300x300.jpeg 300w\" sizes=\"auto, (max-width: 768px) 100vw, 768px\" \/><\/a><\/p>\n<p><!--more--><\/p>\n<p><a href=\"http:\/\/folhadosudeste.com\/site\/wp-content\/uploads\/2021\/06\/WhatsApp-Image-2021-06-20-at-12.49.38-768x768.jpeg\"><img loading=\"lazy\" decoding=\"async\" class=\"alignnone size-full wp-image-75080\" src=\"http:\/\/folhadosudeste.com\/site\/wp-content\/uploads\/2021\/06\/WhatsApp-Image-2021-06-20-at-12.49.38-768x768.jpeg\" alt=\"\" width=\"768\" height=\"768\" srcset=\"https:\/\/folhadosudeste.com\/site\/wp-content\/uploads\/2021\/06\/WhatsApp-Image-2021-06-20-at-12.49.38-768x768.jpeg 768w, https:\/\/folhadosudeste.com\/site\/wp-content\/uploads\/2021\/06\/WhatsApp-Image-2021-06-20-at-12.49.38-768x768-150x150.jpeg 150w, https:\/\/folhadosudeste.com\/site\/wp-content\/uploads\/2021\/06\/WhatsApp-Image-2021-06-20-at-12.49.38-768x768-300x300.jpeg 300w\" sizes=\"auto, (max-width: 768px) 100vw, 768px\" \/><\/a><\/p>\n<div style=\"text-align: left;\">O vice-prefeito e secret\u00e1rio municipal de Sa\u00fade de Muria\u00e9, Marcos Guarino, informou nesta sexta-feira (18) que a Prefeitura pretende acelerar o ritmo da vacina\u00e7\u00e3o contra covid-19 na cidade.<\/div>\n<div style=\"text-align: left;\">&nbsp;<\/div>\n<div style=\"text-align: left;\">&#8220;A vacina \u00e9 o que temos de mais eficaz para controlar a pandemia. E quanto mais pessoas receberem imuniza\u00e7\u00e3o, menos casos de covid ser\u00e3o registrados&#8221;, disse.<\/div>\n<div style=\"text-align: left;\">&nbsp;<\/div>\n<div style=\"text-align: left;\">Hoje a vacina\u00e7\u00e3o foi para pessoas de 57 anos e, no s\u00e1bado, ser\u00e1 para as de 56. Mulheres ser\u00e3o atendidas na UBS S\u00e3o Francisco, enquanto homens dever\u00e3o comparecer \u00e0 UBS S\u00e3o Gotardo, ambos no hor\u00e1rio de 8h at\u00e9 11h.<\/div>\n<div style=\"text-align: left;\">&nbsp;<\/div>\n<div style=\"text-align: left;\">Na segunda-feira (21), ser\u00e1 a vez dos muriaeenses de 55 anos. A Secretaria Municipal de Sa\u00fade estuda ainda a possibilidade de abrir mais locais de vacina\u00e7\u00e3o e estender a campanha para duas idades a cada dia.<\/div>\n<div style=\"text-align: left;\">&nbsp;<\/div>\n<div style=\"text-align: left;\">&#8220;No momento, o que podemos afirmar \u00e9 que as pessoas de 50 anos ser\u00e3o vacinadas at\u00e9 o fim da pr\u00f3xima semana&#8221;, disse Marcos Guarino.<\/div>\n<div style=\"text-align: left;\">&nbsp;<\/div>\n<div style=\"text-align: left;\">Fonte: PMM<\/div>\n","protected":false},"excerpt":{"rendered":"","protected":false},"author":6,"featured_media":0,"comment_status":"open","ping_status":"closed","sticky":false,"template":"","format":"standard","meta":{"_joinchat":[],"footnotes":""},"categories":[1],"tags":[],"class_list":["post-75079","post","type-post","status-publish","format-standard","hentry","category-sem-categoria"],"_links":{"self":[{"href":"https:\/\/folhadosudeste.com\/site\/index.php?rest_route=\/wp\/v2\/posts\/75079","targetHints":{"allow":["GET"]}}],"collection":[{"href":"https:\/\/folhadosudeste.com\/site\/index.php?rest_route=\/wp\/v2\/posts"}],"about":[{"href":"https:\/\/folhadosudeste.com\/site\/index.php?rest_route=\/wp\/v2\/types\/post"}],"author":[{"embeddable":true,"href":"https:\/\/folhadosudeste.com\/site\/index.php?rest_route=\/wp\/v2\/users\/6"}],"replies":[{"embeddable":true,"href":"https:\/\/folhadosudeste.com\/site\/index.php?rest_route=%2Fwp%2Fv2%2Fcomments&post=75079"}],"version-history":[{"count":1,"href":"https:\/\/folhadosudeste.com\/site\/index.php?rest_route=\/wp\/v2\/posts\/75079\/revisions"}],"predecessor-version":[{"id":75082,"href":"https:\/\/folhadosudeste.com\/site\/index.php?rest_route=\/wp\/v2\/posts\/75079\/revisions\/75082"}],"wp:attachment":[{"href":"https:\/\/folhadosudeste.com\/site\/index.php?rest_route=%2Fwp%2Fv2%2Fmedia&parent=75079"}],"wp:term":[{"taxonomy":"category","embeddable":true,"href":"https:\/\/folhadosudeste.com\/site\/index.php?rest_route=%2Fwp%2Fv2%2Fcategories&post=75079"},{"taxonomy":"post_tag","embeddable":true,"href":"https:\/\/folhadosudeste.com\/site\/index.php?rest_route=%2Fwp%2Fv2%2Ftags&post=75079"}],"curies":[{"name":"wp","href":"https:\/\/api.w.org\/{rel}","templated":true}]}}