{"id":75083,"date":"2021-06-21T10:47:21","date_gmt":"2021-06-21T10:47:21","guid":{"rendered":"http:\/\/folhadosudeste.com\/site\/?p=75083"},"modified":"2021-06-21T10:47:52","modified_gmt":"2021-06-21T10:47:52","slug":"estado-envia-mais-de-50-mil-vacinas-contra-a-covid-19-no-25o-lote-para-a-zona-da-mata-e-vertentes","status":"publish","type":"post","link":"https:\/\/folhadosudeste.com\/site\/?p=75083","title":{"rendered":"Estado envia mais de 50 mil vacinas contra a Covid-19 no 25\u00ba lote para a Zona da Mata e Vertentes"},"content":{"rendered":"<p>Distribui\u00e7\u00e3o come\u00e7ou neste s\u00e1bado (19) e vai at\u00e9 a segunda-feira (21); remessa conta com doses da CoronaVac, Pfizer e AstraZeneca. Veja o quantitativo por munic\u00edpio.<\/p>\n<figure id=\"attachment_75084\" aria-describedby=\"caption-attachment-75084\" style=\"width: 703px\" class=\"wp-caption alignnone\"><a href=\"http:\/\/folhadosudeste.com\/site\/wp-content\/uploads\/2021\/06\/190621-fabio-marchetto-8-1-.jpg\"><img loading=\"lazy\" decoding=\"async\" class=\"wp-image-75084 \" src=\"http:\/\/folhadosudeste.com\/site\/wp-content\/uploads\/2021\/06\/190621-fabio-marchetto-8-1-.jpg\" alt=\"\" width=\"703\" height=\"468\" srcset=\"https:\/\/folhadosudeste.com\/site\/wp-content\/uploads\/2021\/06\/190621-fabio-marchetto-8-1-.jpg 984w, https:\/\/folhadosudeste.com\/site\/wp-content\/uploads\/2021\/06\/190621-fabio-marchetto-8-1--300x200.jpg 300w, https:\/\/folhadosudeste.com\/site\/wp-content\/uploads\/2021\/06\/190621-fabio-marchetto-8-1--768x512.jpg 768w, https:\/\/folhadosudeste.com\/site\/wp-content\/uploads\/2021\/06\/190621-fabio-marchetto-8-1--120x80.jpg 120w, https:\/\/folhadosudeste.com\/site\/wp-content\/uploads\/2021\/06\/190621-fabio-marchetto-8-1--345x230.jpg 345w\" sizes=\"auto, (max-width: 703px) 100vw, 703px\" \/><\/a><figcaption id=\"caption-attachment-75084\" class=\"wp-caption-text\">Novo lote \u00e9 distribu\u00eddo pelo Governo de MG \u2014 Foto: F\u00e1bio Marchetto\/Ag\u00eancia Minas<\/figcaption><\/figure>\n<p style=\"text-align: justify;\">O Governo de Minas iniciou neste s\u00e1bado (19) o envio de mais de 50 mil vacinas contra a Covid-19 no 25\u00ba lote para as regionais de Sa\u00fade dos munic\u00edpios da Zona da Mata e Campo das Vertentes. A nova remessa conta com doses da CoronaVac, Pfizer e AstraZeneca. A distribui\u00e7\u00e3o vai at\u00e9 segunda-feira (21).<\/p>\n<p><!--more--><\/p>\n<p style=\"text-align: justify;\">Segundo o Estado, os imunizantes enviados neste lote da AstraZeneca s\u00e3o referentes ao 24\u00ba lote e \u00e0 parte da reserva t\u00e9cnica da Secretaria de Estado de Sa\u00fade de Minas Gerais (SES-MG).<\/p>\n<p style=\"text-align: justify;\">Confira abaixo o quantitativo de vacinas para cada munic\u00edpio.<\/p>\n<p><strong>P\u00fablico-alvo<\/strong><\/p>\n<p>De acordo com a SES-MG, tanto as vacinas da CoronaVac e da Pfizer ser\u00e3o destinadas \u00e0 continua\u00e7\u00e3o da imuniza\u00e7\u00e3o dos grupos priorit\u00e1rios, como pessoas com comorbidades e defici\u00eancia permanente, trabalhadores de educa\u00e7\u00e3o e For\u00e7as de Seguran\u00e7a e Salvamento e gestantes e pu\u00e9rperas (45 dias ap\u00f3s o parto) com alguma doen\u00e7a pr\u00e9-existente.<\/p>\n<p>J\u00e1 as doses da AstraZeneca ser\u00e3o destinadas \u00e0s For\u00e7as de Seguran\u00e7a e Salvamento e \u00e0s For\u00e7as Armadas.<\/p>\n<p><strong>Remessas<\/strong><\/p>\n<p>At\u00e9 o dia 19 de junho, Minas Gerais recebeu 25 lotes de vacinas contra a Covid-19 do Minist\u00e9rio da Sa\u00fade, no entanto, a SES-MG esclareceu ao G1 que a segunda e a terceira remessas foram enviadas juntas \u00e0s 28 URS e a 17\u00aa, com doses da Pfizer, ficou em Belo Horizonte.<\/p>\n<div class=\"mc-column content-text active-extra-styles \" data-block-type=\"unstyled\" data-block-weight=\"43\" data-block-id=\"13\">\n<p class=\"content-text__container \" data-track-category=\"Link no Texto\" data-track-links=\"\">Al\u00e9m disso, os lotes 23 e 24 tamb\u00e9m foram encaminhados no mesmo dia &#8211; o que explica os munic\u00edpios terem recebido 22 envios, ao inv\u00e9s de 25. A pasta ainda refor\u00e7ou que cada munic\u00edpio \u00e9 respons\u00e1vel pela retirada das vacinas nas respectivas URSs.<\/p>\n<\/div>\n<div class=\"mc-column content-text active-extra-styles\" data-block-type=\"raw\" data-block-weight=\"503\" data-block-id=\"14\">\n<ul class=\"content-unordered-list\">\n<li><strong>1\u00aa remessa:&nbsp;<\/strong>577.480 doses da CoronaVac enviadas no dia 18 de janeiro;<\/li>\n<li><strong>2\u00aa remessa:<\/strong>&nbsp;190.500 doses de AstraZeneca enviadas no dia 24 de janeiro + 3\u00aa remessa: 87.600 doses da CoronaVac enviadas no dia 25 de janeiro;<\/li>\n<li><strong>4\u00aa remessa (contabilizada pelos munic\u00edpios como 3\u00aa remessa):&nbsp;<\/strong>315.600 doses da CoronaVac enviadas no dia 7 de fevereiro;<\/li>\n<li><strong>5\u00aa remessa (contabilizada pelos munic\u00edpios como 4\u00aa remessa):<\/strong>&nbsp;357.400 doses da AstraZeneca e CoronaVac enviadas no dia 23 de fevereiro;<\/li>\n<li><strong>6\u00aa remessa (contabilizada pelos munic\u00edpios como 5\u00aa remessa):&nbsp;<\/strong>285.200 doses da CoronaVac enviadas no dia 3 de mar\u00e7o;<\/li>\n<li><strong>7\u00aa remessa (contabilizada pelos munic\u00edpios como 6\u00aa remessa):&nbsp;<\/strong>303.600 mil doses da CoronaVac no dia 9 de mar\u00e7o;<\/li>\n<li><strong>8\u00aa remessa (contabilizada pelos munic\u00edpios como 7\u00aa remessa):&nbsp;<\/strong>509.800 doses da CoronaVac no dia 17 de mar\u00e7o;<\/li>\n<li><strong>9\u00aa remessa (contabilizada pelos munic\u00edpios como 8\u00aa remessa):&nbsp;<\/strong>86.750 doses da AstraZeneca e 455.800 da CoronaVac no dia 20 de mar\u00e7o;<\/li>\n<li><strong>10\u00aa remessa (contabilizada pelos munic\u00edpios como 9\u00aa remessa):<\/strong>&nbsp;116.600 AstraZeneca e 359.000 Coronavac no dia 26 de mar\u00e7o;<\/li>\n<li><strong>11\u00aa remessa (contabilizada pelos munic\u00edpios como 10\u00aa remessa):&nbsp;<\/strong>73.250 doses de AstraZeneca e 943.400 doses de CoronaVac em 1\u00ba de abril;<\/li>\n<li><strong>12\u00aa remessa (contabilizada pelos munic\u00edpios como 11\u00aa remessa):&nbsp;<\/strong>257.750 da AstraZeneca e 220.400 da Coronavac em 8 de abril;<\/li>\n<li><strong>13\u00aa remessa (contabilizada pelos munic\u00edpios como 12\u00aa remessa):<\/strong>&nbsp;426.000 da AstraZeneca e 275.200 da Coronavac, em 16 de abril;<\/li>\n<li><strong>14\u00aa remessa (contabilizada pelos munic\u00edpios como 13\u00aa remessa):&nbsp;<\/strong>316.750 doses da AstraZeneca e 73.800 da CoronaVac, em 23 de abril;<\/li>\n<li><strong>15\u00aa remessa (contabilizada pelos munic\u00edpios como 14\u00aa remessa):&nbsp;<\/strong>578.000 da AstraZeneca e 11.800 da Coronavac, em 29 de abril;<\/li>\n<li><strong>16\u00aa remessa (contabilizada pelos munic\u00edpios como 15\u00aa remessa):<\/strong>&nbsp;676.250 doses da AstraZeneca, em 3 de maio e 30.400 doses da CoronaVac, em 1\u00ba de maio<\/li>\n<li><strong>17\u00aa remessa (n\u00e3o \u00e9 contabilizada pelos munic\u00edpios, j\u00e1 que a remessa ficou apenas em Belo Horizonte):&nbsp;<\/strong>50.310 doses da Pfizer, em 3\/5\/2021<\/li>\n<li><strong>18\u00aa remessa (contabilizada pelos munic\u00edpios como 16\u00aa remessa):&nbsp;<\/strong>396.500 doses da AstraZeneca, em 6 de maio, 100.200 doses da Coronavac, em 8 de maio, e 112.320 doses da Pfizer, em 10 de maio;<\/li>\n<li><strong>19\u00aa remessa (contabilizada pelos munic\u00edpios como 17\u00aa remessa):&nbsp;<\/strong>422.750 doses da AstraZeneca e 207.800 doses da CoronaVac, no dia 13 de maio, 101.600 doses da Coronavac, em 14 de maio;<\/li>\n<li><strong>20\u00aa remessa (contabilizada pelos munic\u00edpios como 18\u00aa remessa):&nbsp;<\/strong>435.500 doses da AstraZeneca, 8.200 doses da CoronaVac e 64.350 doses da Pfizer, em 18 de maio;<\/li>\n<li><strong>21\u00aa remessa (contabilizada pelos munic\u00edpios como 19\u00aa remessa):<\/strong>&nbsp;561.750 doses da AstraZeneca e 60.840 doses da Pfizer, nos dias 26 e 31 de maio;<\/li>\n<li><strong>22\u00aa remessa (contabilizada pelos munic\u00edpios como 20\u00aa remessa):<\/strong>&nbsp;588.500 doses da AstraZeneca, no dia 2 de junho e 62.010 doses da Pfizer, em tr\u00eas de junho;<\/li>\n<li><strong>23\u00aa remessa + 24\u00aa remessa (contabilizada pelos munic\u00edpios como 21\u00aa remessa):<\/strong>&nbsp;237.510 doses da Pfizer, em 8 de junho, e 362.750 doses da AstraZeneca, em 9 de junho;<\/li>\n<li><strong>25\u00aa remessa (contabilizada pelos munic\u00edpios como 22\u00aa remessa):&nbsp;<\/strong>235.170 doses da Pfizer e 273 mil doses da CoronaVac, em 18 de junho;<\/li>\n<li><strong>Total: 11.799.504 doses.<\/strong><\/li>\n<\/ul>\n<div class=\"mc-column content-text active-extra-styles\" data-block-type=\"raw\" data-block-weight=\"3\" data-block-id=\"16\">\n<div class=\"content-intertitle\">&nbsp;<\/div>\n<\/div>\n<div class=\"row medium-uncollapsed content-text\" data-block-type=\"table-plugin\" data-block-id=\"17\">\n<div class=\"column medium-centered medium-22 large-20\">\n<div class=\"show-table content-media content-media--normal\">\n<p class=\"mc-column show-table__title\">Fonte: G1\/Zona da Mata&nbsp;<\/p>\n<p>&nbsp;<\/p>\n<\/div>\n<\/div>\n<\/div>\n<\/div>\n","protected":false},"excerpt":{"rendered":"<p>Distribui\u00e7\u00e3o come\u00e7ou neste s\u00e1bado (19) e vai at\u00e9 a segunda-feira (21); remessa conta com doses da CoronaVac, Pfizer e AstraZeneca. Veja o quantitativo por munic\u00edpio. O Governo de Minas iniciou neste s\u00e1bado (19) o envio de mais de 50 mil vacinas contra a Covid-19 no 25\u00ba lote para as regionais de Sa\u00fade dos munic\u00edpios da [&hellip;]<\/p>\n","protected":false},"author":6,"featured_media":0,"comment_status":"open","ping_status":"closed","sticky":false,"template":"","format":"standard","meta":{"_joinchat":[],"footnotes":""},"categories":[1],"tags":[],"class_list":["post-75083","post","type-post","status-publish","format-standard","hentry","category-sem-categoria"],"_links":{"self":[{"href":"https:\/\/folhadosudeste.com\/site\/index.php?rest_route=\/wp\/v2\/posts\/75083","targetHints":{"allow":["GET"]}}],"collection":[{"href":"https:\/\/folhadosudeste.com\/site\/index.php?rest_route=\/wp\/v2\/posts"}],"about":[{"href":"https:\/\/folhadosudeste.com\/site\/index.php?rest_route=\/wp\/v2\/types\/post"}],"author":[{"embeddable":true,"href":"https:\/\/folhadosudeste.com\/site\/index.php?rest_route=\/wp\/v2\/users\/6"}],"replies":[{"embeddable":true,"href":"https:\/\/folhadosudeste.com\/site\/index.php?rest_route=%2Fwp%2Fv2%2Fcomments&post=75083"}],"version-history":[{"count":3,"href":"https:\/\/folhadosudeste.com\/site\/index.php?rest_route=\/wp\/v2\/posts\/75083\/revisions"}],"predecessor-version":[{"id":75087,"href":"https:\/\/folhadosudeste.com\/site\/index.php?rest_route=\/wp\/v2\/posts\/75083\/revisions\/75087"}],"wp:attachment":[{"href":"https:\/\/folhadosudeste.com\/site\/index.php?rest_route=%2Fwp%2Fv2%2Fmedia&parent=75083"}],"wp:term":[{"taxonomy":"category","embeddable":true,"href":"https:\/\/folhadosudeste.com\/site\/index.php?rest_route=%2Fwp%2Fv2%2Fcategories&post=75083"},{"taxonomy":"post_tag","embeddable":true,"href":"https:\/\/folhadosudeste.com\/site\/index.php?rest_route=%2Fwp%2Fv2%2Ftags&post=75083"}],"curies":[{"name":"wp","href":"https:\/\/api.w.org\/{rel}","templated":true}]}}