{"id":75094,"date":"2021-06-21T18:01:37","date_gmt":"2021-06-21T18:01:37","guid":{"rendered":"http:\/\/folhadosudeste.com\/site\/?p=75094"},"modified":"2021-06-21T18:37:43","modified_gmt":"2021-06-21T18:37:43","slug":"calendario-de-vacinacao-contra-covid-em-muriae-de-21-a-25-de-junho","status":"publish","type":"post","link":"https:\/\/folhadosudeste.com\/site\/?p=75094","title":{"rendered":"Calend\u00e1rio de vacina\u00e7\u00e3o contra covid em Muria\u00e9 &#8211; de 21 a 25 de junho"},"content":{"rendered":"<figure id=\"attachment_75096\" aria-describedby=\"caption-attachment-75096\" style=\"width: 584px\" class=\"wp-caption alignnone\"><a href=\"http:\/\/folhadosudeste.com\/site\/wp-content\/uploads\/2021\/06\/prefeitura-inicia-operacao-cidade-limpa-para-melhorar-limpeza-e-conservacao-urbana-em-muriae.jpg\"><img loading=\"lazy\" decoding=\"async\" class=\"wp-image-75096 \" src=\"http:\/\/folhadosudeste.com\/site\/wp-content\/uploads\/2021\/06\/prefeitura-inicia-operacao-cidade-limpa-para-melhorar-limpeza-e-conservacao-urbana-em-muriae.jpg\" alt=\"\" width=\"584\" height=\"389\" srcset=\"https:\/\/folhadosudeste.com\/site\/wp-content\/uploads\/2021\/06\/prefeitura-inicia-operacao-cidade-limpa-para-melhorar-limpeza-e-conservacao-urbana-em-muriae.jpg 984w, https:\/\/folhadosudeste.com\/site\/wp-content\/uploads\/2021\/06\/prefeitura-inicia-operacao-cidade-limpa-para-melhorar-limpeza-e-conservacao-urbana-em-muriae-300x200.jpg 300w, https:\/\/folhadosudeste.com\/site\/wp-content\/uploads\/2021\/06\/prefeitura-inicia-operacao-cidade-limpa-para-melhorar-limpeza-e-conservacao-urbana-em-muriae-768x512.jpg 768w, https:\/\/folhadosudeste.com\/site\/wp-content\/uploads\/2021\/06\/prefeitura-inicia-operacao-cidade-limpa-para-melhorar-limpeza-e-conservacao-urbana-em-muriae-120x80.jpg 120w, https:\/\/folhadosudeste.com\/site\/wp-content\/uploads\/2021\/06\/prefeitura-inicia-operacao-cidade-limpa-para-melhorar-limpeza-e-conservacao-urbana-em-muriae-345x230.jpg 345w\" sizes=\"auto, (max-width: 584px) 100vw, 584px\" \/><\/a><figcaption id=\"caption-attachment-75096\" class=\"wp-caption-text\">Foto: G1\/Prefeitura de Muria\u00e9\/Divulga\u00e7\u00e3o<\/figcaption><\/figure>\n<div>A Secretaria Municipal de Sa\u00fade divulgou o calend\u00e1rio da vacina\u00e7\u00e3o contra covid-19 v\u00e1lido para esta semana.&nbsp;<\/div>\n<div>&nbsp;<\/div>\n<div>O planejamento vale inicialmente at\u00e9 sexta-feira (25), podendo ser ampliado caso a Prefeitura de Muria\u00e9 receba doses al\u00e9m das que est\u00e3o previstas at\u00e9 o momento.<\/div>\n<div>&nbsp;<\/div>\n<p><!--more--><\/p>\n<div>&nbsp;<\/div>\n<div>Existem vacinas em quantidade suficiente para todos &#8211; ou seja, n\u00e3o precisa chegar de madrugada para garantir a aplica\u00e7\u00e3o. \u00c9 necess\u00e1rio apenas apresentar CPF e comprovante atual de resid\u00eancia em Muria\u00e9.<\/div>\n<div>&nbsp;<\/div>\n<div>&nbsp;<\/div>\n<div>Veja o calend\u00e1rio:<\/div>\n<div>&nbsp;<\/div>\n<div><strong>Segunda-feira (21\/06) &#8211; das 8h \u00e0s 11h<\/strong><\/div>\n<div>&#8211; 55 anos (mulheres e homens) | Locais: escolas municipais do Centro, Barra, Dornelas e Porto<\/div>\n<div>&#8211; 54 anos (somente mulheres) | Locais: UBSs S\u00e3o Francisco e S\u00e3o Gotardo<\/div>\n<div>&nbsp;<\/div>\n<div><strong>Ter\u00e7a-feira (22\/06) &#8211; das 8h \u00e0s 11h<\/strong><\/div>\n<div>&#8211; 54 anos (somente homens) | Locais: UBSs S\u00e3o Francisco e S\u00e3o Gotardo<\/div>\n<div>&#8211; 53 anos (mulheres e homens) | Locais: escolas municipais do Centro, Barra, Dornelas e Porto<\/div>\n<div>&#8211; Caminhoneiros e taxistas | Locais: escolas municipais do Centro, Barra, Dornelas e Porto<\/div>\n<div>&nbsp;<\/div>\n<div><strong>Quarta-feira (23\/06) &#8211; das 8h \u00e0s 11h<\/strong><\/div>\n<div>&#8211; 52 anos (mulheres e homens) | Locais: escolas municipais do Centro, Barra, Dornelas e Porto<\/div>\n<div>&#8211; Caminhoneiros e taxistas | Locais: escolas municipais do Centro, Barra, Dornelas e Porto<\/div>\n<div>&nbsp;<\/div>\n<div><strong>Quinta-feira (24\/06) &#8211; das 8h \u00e0s 11h<\/strong><\/div>\n<div>&#8211; 51 anos (mulheres e homens) | Locais: escolas municipais do Centro, Barra, Dornelas e Porto<\/div>\n<div>&#8211; Caminhoneiros e taxistas | Locais: escolas municipais do Centro, Barra, Dornelas e Porto<\/div>\n<div>&nbsp;<\/div>\n<div><strong>Sexta-feira (25\/06) &#8211; das 8h \u00e0s 11h<\/strong><\/div>\n<div>&#8211; 50 anos (mulheres e homens) | Locais: escolas municipais do Centro, Barra, Dornelas e Porto<\/div>\n<div>&#8211; Caminhoneiros e taxistas | Locais: escolas municipais do Centro, Barra, Dornelas e Porto<\/div>\n<div>&nbsp;<\/div>\n<div>Fonte: PMM<\/div>\n","protected":false},"excerpt":{"rendered":"<p>A Secretaria Municipal de Sa\u00fade divulgou o calend\u00e1rio da vacina\u00e7\u00e3o contra covid-19 v\u00e1lido para esta semana.&nbsp; &nbsp; O planejamento vale inicialmente at\u00e9 sexta-feira (25), podendo ser ampliado caso a Prefeitura de Muria\u00e9 receba doses al\u00e9m das que est\u00e3o previstas at\u00e9 o momento. &nbsp;<\/p>\n","protected":false},"author":6,"featured_media":0,"comment_status":"open","ping_status":"closed","sticky":false,"template":"","format":"standard","meta":{"_joinchat":[],"footnotes":""},"categories":[1],"tags":[],"class_list":["post-75094","post","type-post","status-publish","format-standard","hentry","category-sem-categoria"],"_links":{"self":[{"href":"https:\/\/folhadosudeste.com\/site\/index.php?rest_route=\/wp\/v2\/posts\/75094","targetHints":{"allow":["GET"]}}],"collection":[{"href":"https:\/\/folhadosudeste.com\/site\/index.php?rest_route=\/wp\/v2\/posts"}],"about":[{"href":"https:\/\/folhadosudeste.com\/site\/index.php?rest_route=\/wp\/v2\/types\/post"}],"author":[{"embeddable":true,"href":"https:\/\/folhadosudeste.com\/site\/index.php?rest_route=\/wp\/v2\/users\/6"}],"replies":[{"embeddable":true,"href":"https:\/\/folhadosudeste.com\/site\/index.php?rest_route=%2Fwp%2Fv2%2Fcomments&post=75094"}],"version-history":[{"count":5,"href":"https:\/\/folhadosudeste.com\/site\/index.php?rest_route=\/wp\/v2\/posts\/75094\/revisions"}],"predecessor-version":[{"id":75101,"href":"https:\/\/folhadosudeste.com\/site\/index.php?rest_route=\/wp\/v2\/posts\/75094\/revisions\/75101"}],"wp:attachment":[{"href":"https:\/\/folhadosudeste.com\/site\/index.php?rest_route=%2Fwp%2Fv2%2Fmedia&parent=75094"}],"wp:term":[{"taxonomy":"category","embeddable":true,"href":"https:\/\/folhadosudeste.com\/site\/index.php?rest_route=%2Fwp%2Fv2%2Fcategories&post=75094"},{"taxonomy":"post_tag","embeddable":true,"href":"https:\/\/folhadosudeste.com\/site\/index.php?rest_route=%2Fwp%2Fv2%2Ftags&post=75094"}],"curies":[{"name":"wp","href":"https:\/\/api.w.org\/{rel}","templated":true}]}}