{"id":75102,"date":"2021-06-22T00:08:56","date_gmt":"2021-06-22T00:08:56","guid":{"rendered":"http:\/\/folhadosudeste.com\/site\/?p=75102"},"modified":"2021-06-22T00:08:56","modified_gmt":"2021-06-22T00:08:56","slug":"boletim-21-06","status":"publish","type":"post","link":"https:\/\/folhadosudeste.com\/site\/?p=75102","title":{"rendered":"Boletim &#8211; 21\/06"},"content":{"rendered":"<p><a href=\"http:\/\/folhadosudeste.com\/site\/wp-content\/uploads\/2021\/06\/21062021.jpg\"><img loading=\"lazy\" decoding=\"async\" class=\"alignnone size-full wp-image-75103\" src=\"http:\/\/folhadosudeste.com\/site\/wp-content\/uploads\/2021\/06\/21062021.jpg\" alt=\"\" width=\"1080\" height=\"1080\" srcset=\"https:\/\/folhadosudeste.com\/site\/wp-content\/uploads\/2021\/06\/21062021.jpg 1080w, https:\/\/folhadosudeste.com\/site\/wp-content\/uploads\/2021\/06\/21062021-150x150.jpg 150w, https:\/\/folhadosudeste.com\/site\/wp-content\/uploads\/2021\/06\/21062021-300x300.jpg 300w, https:\/\/folhadosudeste.com\/site\/wp-content\/uploads\/2021\/06\/21062021-768x768.jpg 768w, https:\/\/folhadosudeste.com\/site\/wp-content\/uploads\/2021\/06\/21062021-1024x1024.jpg 1024w\" sizes=\"auto, (max-width: 1080px) 100vw, 1080px\" \/><\/a><\/p>\n<div>Nesta segunda-feira, o boletim sobre a situa\u00e7\u00e3o da covid-19 em Muria\u00e9 trouxe a confirma\u00e7\u00e3o de cinco mortes ocorridas recentemente na cidade que foram provocadas pela doen\u00e7a.&nbsp;<\/div>\n<div>&nbsp;<\/div>\n<p><!--more--><\/p>\n<div>&nbsp;<\/div>\n<div>Os \u00f3bitos referem-se aos seguintes casos:<\/div>\n<div>&nbsp;<\/div>\n<div>&#8211; Mulher | 27 anos | Obesidade | Morreu em 12\/06<\/div>\n<div>&#8211; Homem | 75 anos | Hipertens\u00e3o e hist\u00f3rico de AVC | \u00d3bito em 16\/06<\/div>\n<div>&#8211; Homem | 88 anos | Sem comorbidades | Morreu em 16\/06<\/div>\n<div>&#8211; Mulher | 59 anos | Sem comorbidades | Morreu em 17\/06<\/div>\n<div>&#8211; Mulher | 63 anos | Diabetes e hipertens\u00e3o | Morreu em 17\/06<\/div>\n<div>&nbsp;<\/div>\n<div>Novos casos &#8211; O boletim de hoje tamb\u00e9m registrou 42 novos casos de covid-19 em Muria\u00e9. O paciente mais jovem tem 11 anos, enquanto o mais idoso tem 89.<\/div>\n<div>&nbsp;<\/div>\n<div>A divis\u00e3o de registros por faixa et\u00e1ria ficou assim:<\/div>\n<div>&nbsp;<\/div>\n<div>10 a 19: 1 caso (2,38% do total)<\/div>\n<div>20 a 29: 5 casos (11,91% do total)<\/div>\n<div>30 a 39: 8 casos (19,04% do total)<\/div>\n<div>40 a 49: 10 casos (23,81% do total)<\/div>\n<div>50 a 59: 9 casos (21,43% do total)<\/div>\n<div>60 a 69: 4 casos (9,52% do total)<\/div>\n<div>70 a 79: 3 casos (7,15% do total)<\/div>\n<div>80 a 89: 2 casos (4,76% do total)<\/div>\n<div>&nbsp;<\/div>\n<div>Interna\u00e7\u00f5es &#8211; Atualmente, 58 pessoas est\u00e3o internadas com suspeita ou confirma\u00e7\u00e3o de covid-19 em Muria\u00e9.<\/div>\n<div>&nbsp;<\/div>\n<div>Deste total, 32 est\u00e3o em UTIs, incluindo duas crian\u00e7as. Pacientes que fazem uso de ventila\u00e7\u00e3o mec\u00e2nica (ou seja, est\u00e3o intubados) totalizam 18 no momento.<\/div>\n<div>&nbsp;<\/div>\n<div>Veja os n\u00fameros completos de hoje (21\/06\/2021):<\/div>\n<div>&nbsp;<\/div>\n<div>VACINA\u00c7\u00c3O<\/div>\n<div>Vacinados com uma dose: 39.777 (36,3% da popula\u00e7\u00e3o)<\/div>\n<div>Vacinados com duas doses: 16.755 (15,3% da popula\u00e7\u00e3o)<\/div>\n<div>&nbsp;<\/div>\n<div>PACIENTES<\/div>\n<div>Total de casos confirmados: 10.160 (+42)<\/div>\n<div>Pacientes ativos: 243<\/div>\n<div>Pacientes curados: 9.655<\/div>\n<div>\u00d3bitos: 262 (+5)<\/div>\n<div>Investigados \/ Monitorados: 142<\/div>\n<div>Negativos: 10.909<\/div>\n<div>&nbsp;<\/div>\n<div>Fonte: PMM<\/div>\n","protected":false},"excerpt":{"rendered":"<p>Nesta segunda-feira, o boletim sobre a situa\u00e7\u00e3o da covid-19 em Muria\u00e9 trouxe a confirma\u00e7\u00e3o de cinco mortes ocorridas recentemente na cidade que foram provocadas pela doen\u00e7a.&nbsp; &nbsp;<\/p>\n","protected":false},"author":6,"featured_media":0,"comment_status":"open","ping_status":"closed","sticky":false,"template":"","format":"standard","meta":{"_joinchat":[],"footnotes":""},"categories":[1],"tags":[],"class_list":["post-75102","post","type-post","status-publish","format-standard","hentry","category-sem-categoria"],"_links":{"self":[{"href":"https:\/\/folhadosudeste.com\/site\/index.php?rest_route=\/wp\/v2\/posts\/75102","targetHints":{"allow":["GET"]}}],"collection":[{"href":"https:\/\/folhadosudeste.com\/site\/index.php?rest_route=\/wp\/v2\/posts"}],"about":[{"href":"https:\/\/folhadosudeste.com\/site\/index.php?rest_route=\/wp\/v2\/types\/post"}],"author":[{"embeddable":true,"href":"https:\/\/folhadosudeste.com\/site\/index.php?rest_route=\/wp\/v2\/users\/6"}],"replies":[{"embeddable":true,"href":"https:\/\/folhadosudeste.com\/site\/index.php?rest_route=%2Fwp%2Fv2%2Fcomments&post=75102"}],"version-history":[{"count":1,"href":"https:\/\/folhadosudeste.com\/site\/index.php?rest_route=\/wp\/v2\/posts\/75102\/revisions"}],"predecessor-version":[{"id":75104,"href":"https:\/\/folhadosudeste.com\/site\/index.php?rest_route=\/wp\/v2\/posts\/75102\/revisions\/75104"}],"wp:attachment":[{"href":"https:\/\/folhadosudeste.com\/site\/index.php?rest_route=%2Fwp%2Fv2%2Fmedia&parent=75102"}],"wp:term":[{"taxonomy":"category","embeddable":true,"href":"https:\/\/folhadosudeste.com\/site\/index.php?rest_route=%2Fwp%2Fv2%2Fcategories&post=75102"},{"taxonomy":"post_tag","embeddable":true,"href":"https:\/\/folhadosudeste.com\/site\/index.php?rest_route=%2Fwp%2Fv2%2Ftags&post=75102"}],"curies":[{"name":"wp","href":"https:\/\/api.w.org\/{rel}","templated":true}]}}