{"id":75123,"date":"2021-06-23T02:32:54","date_gmt":"2021-06-23T02:32:54","guid":{"rendered":"http:\/\/folhadosudeste.com\/site\/?p=75123"},"modified":"2021-06-23T02:32:54","modified_gmt":"2021-06-23T02:32:54","slug":"filme-nacional-rodado-em-muriae-o-correndo-atras-vai-comecar-a-ser-exibido-no-telecine","status":"publish","type":"post","link":"https:\/\/folhadosudeste.com\/site\/?p=75123","title":{"rendered":"Filme nacional rodado em Muria\u00e9, o \u201cCorrendo Atr\u00e1s\u201d vai come\u00e7ar a ser exibido no Telecine"},"content":{"rendered":"<p><a href=\"http:\/\/folhadosudeste.com\/site\/wp-content\/uploads\/2021\/06\/2023625.jpg\"><img loading=\"lazy\" decoding=\"async\" class=\"alignnone size-full wp-image-75124\" src=\"http:\/\/folhadosudeste.com\/site\/wp-content\/uploads\/2021\/06\/2023625.jpg\" alt=\"\" width=\"600\" height=\"900\" srcset=\"https:\/\/folhadosudeste.com\/site\/wp-content\/uploads\/2021\/06\/2023625.jpg 600w, https:\/\/folhadosudeste.com\/site\/wp-content\/uploads\/2021\/06\/2023625-200x300.jpg 200w\" sizes=\"auto, (max-width: 600px) 100vw, 600px\" \/><\/a><\/p>\n<p>O filme nacional gravado em Muria\u00e9, em agosto de 2016 e lan\u00e7ado em 2018&nbsp;<strong>\u201cCORRENDO ATR\u00c1S<\/strong>\u201c, come\u00e7ou a ser exibido nos canais de TV&nbsp; fechados&nbsp; em 19 de junho . O Telecine Premium e Telecine Pipoca j\u00e1 enviaram a tabela de dia e hor\u00e1rio:&nbsp;<\/p>\n<p><!--more--><\/p>\n<p>23\/06 (Quarta) \u2013 22h Telecine Pipoca<br \/>\n24\/06 (Quinta) \u2013 23H55 Telecine Premium<br \/>\n25\/06 (Sexta) \u2013 18H10 Telecine Pipoca<br \/>\n27\/06 (Domingo) \u2013 08h40 Telecine Premium<\/p>\n<p>No filme que foi rodado em v\u00e1rias partes da cidade, do bairro S\u00e3o Joaquim ao Ros\u00e1rio, um grande elenco: Ailton Gra\u00e7a, Juan Paiva, H\u00e9lio de la Pena, Tonico Pereira, L\u00e1zaro Ramos, Juliana Alves, Lelezinha, Rocco Pitanga, Dad\u00e1 Coelho, Francisco Gaspar e Teka Romualdo. A Dire\u00e7\u00e3o \u00e9 de Jeferson De e a Produ\u00e7\u00e3o \u00e9 de Cl\u00e9lia Bessa.&nbsp;<\/p>\n<div class=\"titlebar \">\n<h2 class=\"titlebar-title titlebar-title-md\"><strong>SINOPSE<\/strong><\/h2>\n<\/div>\n<div class=\"certificate\"><span class=\"certificate-text\">N\u00e3o recomendado para menores de 12 anos<\/span><\/div>\n<div>&nbsp;<\/div>\n<div class=\"content-txt \">Ventania&nbsp;(A\u00edlton Gra\u00e7a) \u00e9 trabalhador e vai tentar de tudo para mudar de vida. J\u00e1 tendo aceitado diversos bicos para conseguir pagar as contas, ele foi de vendendor de produtos em sinais de tr\u00e2nsito at\u00e9 animador de festas infantis, mas nada parecia dar certo para ele. Com a grana cada vez mais curta, ele tem a ideia de ser um empres\u00e1rio de futebol e se torna um ca\u00e7a-talentos do esporte. \u00c9 a\u00ed que ele conhece&nbsp;Glanderson (Juan Paiva), um garoto pobre e deficiente f\u00edsico, que apesar das dificuldades, tem muito talento.<\/div>\n<div>&nbsp;<\/div>\n<div><strong>Assista o treiler:<\/strong>&nbsp;https:\/\/www.adorocinema.com\/filmes\/filme-249354\/ &nbsp;<\/div>\n<div>&nbsp;<\/div>\n<div>Fonte: adorocinema.com<\/div>\n","protected":false},"excerpt":{"rendered":"<p>O filme nacional gravado em Muria\u00e9, em agosto de 2016 e lan\u00e7ado em 2018&nbsp;\u201cCORRENDO ATR\u00c1S\u201c, come\u00e7ou a ser exibido nos canais de TV&nbsp; fechados&nbsp; em 19 de junho . O Telecine Premium e Telecine Pipoca j\u00e1 enviaram a tabela de dia e hor\u00e1rio:&nbsp;<\/p>\n","protected":false},"author":6,"featured_media":0,"comment_status":"open","ping_status":"closed","sticky":false,"template":"","format":"standard","meta":{"_joinchat":[],"footnotes":""},"categories":[1],"tags":[],"class_list":["post-75123","post","type-post","status-publish","format-standard","hentry","category-sem-categoria"],"_links":{"self":[{"href":"https:\/\/folhadosudeste.com\/site\/index.php?rest_route=\/wp\/v2\/posts\/75123","targetHints":{"allow":["GET"]}}],"collection":[{"href":"https:\/\/folhadosudeste.com\/site\/index.php?rest_route=\/wp\/v2\/posts"}],"about":[{"href":"https:\/\/folhadosudeste.com\/site\/index.php?rest_route=\/wp\/v2\/types\/post"}],"author":[{"embeddable":true,"href":"https:\/\/folhadosudeste.com\/site\/index.php?rest_route=\/wp\/v2\/users\/6"}],"replies":[{"embeddable":true,"href":"https:\/\/folhadosudeste.com\/site\/index.php?rest_route=%2Fwp%2Fv2%2Fcomments&post=75123"}],"version-history":[{"count":1,"href":"https:\/\/folhadosudeste.com\/site\/index.php?rest_route=\/wp\/v2\/posts\/75123\/revisions"}],"predecessor-version":[{"id":75125,"href":"https:\/\/folhadosudeste.com\/site\/index.php?rest_route=\/wp\/v2\/posts\/75123\/revisions\/75125"}],"wp:attachment":[{"href":"https:\/\/folhadosudeste.com\/site\/index.php?rest_route=%2Fwp%2Fv2%2Fmedia&parent=75123"}],"wp:term":[{"taxonomy":"category","embeddable":true,"href":"https:\/\/folhadosudeste.com\/site\/index.php?rest_route=%2Fwp%2Fv2%2Fcategories&post=75123"},{"taxonomy":"post_tag","embeddable":true,"href":"https:\/\/folhadosudeste.com\/site\/index.php?rest_route=%2Fwp%2Fv2%2Ftags&post=75123"}],"curies":[{"name":"wp","href":"https:\/\/api.w.org\/{rel}","templated":true}]}}