{"id":75131,"date":"2021-06-23T14:06:07","date_gmt":"2021-06-23T14:06:07","guid":{"rendered":"http:\/\/folhadosudeste.com\/site\/?p=75131"},"modified":"2021-06-23T14:06:44","modified_gmt":"2021-06-23T14:06:44","slug":"camara-municipal-de-muriae-entrega-titulo-de-cidadania-honoraria-ao-vice-governador-do-estado-de-minas-gerais-paulo-brant","status":"publish","type":"post","link":"https:\/\/folhadosudeste.com\/site\/?p=75131","title":{"rendered":"C\u00e2mara Municipal de Muria\u00e9 entrega T\u00edtulo de Cidadania Honor\u00e1ria ao vice-governador do Estado de Minas Gerais Paulo Brant"},"content":{"rendered":"<figure id=\"attachment_75132\" aria-describedby=\"caption-attachment-75132\" style=\"width: 739px\" class=\"wp-caption alignnone\"><a href=\"http:\/\/folhadosudeste.com\/site\/wp-content\/uploads\/2021\/06\/PAULO.jpg\"><img loading=\"lazy\" decoding=\"async\" class=\"wp-image-75132 \" src=\"http:\/\/folhadosudeste.com\/site\/wp-content\/uploads\/2021\/06\/PAULO.jpg\" alt=\"\" width=\"739\" height=\"563\" srcset=\"https:\/\/folhadosudeste.com\/site\/wp-content\/uploads\/2021\/06\/PAULO.jpg 1769w, https:\/\/folhadosudeste.com\/site\/wp-content\/uploads\/2021\/06\/PAULO-300x228.jpg 300w, https:\/\/folhadosudeste.com\/site\/wp-content\/uploads\/2021\/06\/PAULO-768x585.jpg 768w, https:\/\/folhadosudeste.com\/site\/wp-content\/uploads\/2021\/06\/PAULO-1024x780.jpg 1024w\" sizes=\"auto, (max-width: 739px) 100vw, 739px\" \/><\/a><figcaption id=\"caption-attachment-75132\" class=\"wp-caption-text\">Foto Folha do Sudeste: Visita a APAE de Muria\u00e9 em ago\/2020<\/figcaption><\/figure>\n<p style=\"text-align: justify;\">Na pr\u00f3xima segunda-feira, dia 28, a C\u00e2mara e a Prefeitura de Muria\u00e9 realizar\u00e3o o evento de outorga do T\u00edtulo de Cidadania Honor\u00e1ria ao vice-governador de Minas Gerias, Paulo Brant. O evento acontecer\u00e1 \u00e0s 19h, no Teatro Zaccaria Marques. Por\u00e9m, devido \u00e0 pandemia provocada pelo coronav\u00edrus, a solenidade ter\u00e1 restri\u00e7\u00e3o de p\u00fablico e controle rigoroso, participando somente as autoridades e a imprensa.<\/p>\n","protected":false},"excerpt":{"rendered":"<p>Na pr\u00f3xima segunda-feira, dia 28, a C\u00e2mara e a Prefeitura de Muria\u00e9 realizar\u00e3o o evento de outorga do T\u00edtulo de Cidadania Honor\u00e1ria ao vice-governador de Minas Gerias, Paulo Brant. O evento acontecer\u00e1 \u00e0s 19h, no Teatro Zaccaria Marques. Por\u00e9m, devido \u00e0 pandemia provocada pelo coronav\u00edrus, a solenidade ter\u00e1 restri\u00e7\u00e3o de p\u00fablico e controle rigoroso, participando [&hellip;]<\/p>\n","protected":false},"author":6,"featured_media":0,"comment_status":"open","ping_status":"closed","sticky":false,"template":"","format":"standard","meta":{"_joinchat":[],"footnotes":""},"categories":[1],"tags":[],"class_list":["post-75131","post","type-post","status-publish","format-standard","hentry","category-sem-categoria"],"_links":{"self":[{"href":"https:\/\/folhadosudeste.com\/site\/index.php?rest_route=\/wp\/v2\/posts\/75131","targetHints":{"allow":["GET"]}}],"collection":[{"href":"https:\/\/folhadosudeste.com\/site\/index.php?rest_route=\/wp\/v2\/posts"}],"about":[{"href":"https:\/\/folhadosudeste.com\/site\/index.php?rest_route=\/wp\/v2\/types\/post"}],"author":[{"embeddable":true,"href":"https:\/\/folhadosudeste.com\/site\/index.php?rest_route=\/wp\/v2\/users\/6"}],"replies":[{"embeddable":true,"href":"https:\/\/folhadosudeste.com\/site\/index.php?rest_route=%2Fwp%2Fv2%2Fcomments&post=75131"}],"version-history":[{"count":4,"href":"https:\/\/folhadosudeste.com\/site\/index.php?rest_route=\/wp\/v2\/posts\/75131\/revisions"}],"predecessor-version":[{"id":75136,"href":"https:\/\/folhadosudeste.com\/site\/index.php?rest_route=\/wp\/v2\/posts\/75131\/revisions\/75136"}],"wp:attachment":[{"href":"https:\/\/folhadosudeste.com\/site\/index.php?rest_route=%2Fwp%2Fv2%2Fmedia&parent=75131"}],"wp:term":[{"taxonomy":"category","embeddable":true,"href":"https:\/\/folhadosudeste.com\/site\/index.php?rest_route=%2Fwp%2Fv2%2Fcategories&post=75131"},{"taxonomy":"post_tag","embeddable":true,"href":"https:\/\/folhadosudeste.com\/site\/index.php?rest_route=%2Fwp%2Fv2%2Ftags&post=75131"}],"curies":[{"name":"wp","href":"https:\/\/api.w.org\/{rel}","templated":true}]}}