{"id":75137,"date":"2021-06-24T23:22:49","date_gmt":"2021-06-24T23:22:49","guid":{"rendered":"http:\/\/folhadosudeste.com\/site\/?p=75137"},"modified":"2021-06-24T23:23:35","modified_gmt":"2021-06-24T23:23:35","slug":"ambjxxiii-reune-se-com-secretario-municipal","status":"publish","type":"post","link":"https:\/\/folhadosudeste.com\/site\/?p=75137","title":{"rendered":"AMBJXXIII REUNE-SE COM SECRET\u00c1RIO MUNICIPAL"},"content":{"rendered":"<figure id=\"attachment_75138\" aria-describedby=\"caption-attachment-75138\" style=\"width: 737px\" class=\"wp-caption alignnone\"><a href=\"http:\/\/folhadosudeste.com\/site\/wp-content\/uploads\/2021\/06\/1.png\"><img loading=\"lazy\" decoding=\"async\" class=\" wp-image-75138\" src=\"http:\/\/folhadosudeste.com\/site\/wp-content\/uploads\/2021\/06\/1.png\" alt=\"\" width=\"737\" height=\"359\" srcset=\"https:\/\/folhadosudeste.com\/site\/wp-content\/uploads\/2021\/06\/1.png 2048w, https:\/\/folhadosudeste.com\/site\/wp-content\/uploads\/2021\/06\/1-300x146.png 300w, https:\/\/folhadosudeste.com\/site\/wp-content\/uploads\/2021\/06\/1-768x375.png 768w, https:\/\/folhadosudeste.com\/site\/wp-content\/uploads\/2021\/06\/1-1024x499.png 1024w\" sizes=\"auto, (max-width: 737px) 100vw, 737px\" \/><\/a><figcaption id=\"caption-attachment-75138\" class=\"wp-caption-text\">Membros da AMBJXXIII com o Secret\u00e1rio de Obras, Carlos Kneip<\/figcaption><\/figure>\n<p style=\"text-align: justify;\">A Associa\u00e7\u00e3o de Moradores do B. Jo\u00e3o XXIII, atrav\u00e9s da presen\u00e7a de alguns de seus membros, estiveram, no dia 16, ap\u00f3s solicita\u00e7\u00e3o feita, um encontro com o Secret\u00e1rio Municipal de Obras P\u00fablicas, Carlos Kneip, para tratar de dois assuntos que foram bastante falados por moradores: poda de \u00e1rvores e reforma da pra\u00e7a Geraldo Aziz de Ara\u00fajo.&nbsp;<\/p>\n<p style=\"text-align: justify;\">Sobre a poda das \u00e1rvores, diversos moradores nos abordaram falando sobre os inconvenientes gerados pelo crescimento dos galhos, que h\u00e1 muito n\u00e3o t\u00eam tido suas podas feitas pela prefeitura. Repassamos ao secret\u00e1rio essas preocupa\u00e7\u00f5es dos moradores que escutou e nos disse que a partir do dia 17 de junho at\u00e9 o dia 02 de julho, as podas das \u00e1rvores seriam feitas no bairro.<\/p>\n<p style=\"text-align: justify;\">Na oportunidade, tamb\u00e9m solicitamos que os dois troncos secos das \u00e1rvores mortas localizadas na travessa entre as ruas Judith Pompei e Amaro Goulart (vide foto abaixo), sejam cortados pois podem causar acidentes n\u00e3o s\u00f3 para algu\u00e9m desavisado que passe pelo local ou para quem estacione pr\u00f3ximo.<\/p>\n<p><a href=\"http:\/\/folhadosudeste.com\/site\/wp-content\/uploads\/2021\/06\/4.png\"><img loading=\"lazy\" decoding=\"async\" class=\"alignnone size-full wp-image-75141\" src=\"http:\/\/folhadosudeste.com\/site\/wp-content\/uploads\/2021\/06\/4.png\" alt=\"\" width=\"2048\" height=\"1080\" srcset=\"https:\/\/folhadosudeste.com\/site\/wp-content\/uploads\/2021\/06\/4.png 2048w, https:\/\/folhadosudeste.com\/site\/wp-content\/uploads\/2021\/06\/4-300x158.png 300w, https:\/\/folhadosudeste.com\/site\/wp-content\/uploads\/2021\/06\/4-768x405.png 768w, https:\/\/folhadosudeste.com\/site\/wp-content\/uploads\/2021\/06\/4-1024x540.png 1024w\" sizes=\"auto, (max-width: 2048px) 100vw, 2048px\" \/><\/a><\/p>\n<p style=\"text-align: justify;\">Em rela\u00e7\u00e3o \u00e0 reforma da pra\u00e7a, objeto de muitos questionamentos e preocupa\u00e7\u00f5es dos moradores em rela\u00e7\u00e3o ao t\u00e9rmino da obra, principalmente pelo longo tempo que esta esteve parada, desde o seu in\u00edcio em outubro de 2020, o secret\u00e1rio afirmou-nos que ela ser\u00e1 conclu\u00edda e que contar\u00e1 com um novo playground para as crian\u00e7as, que ser\u00e1 instalado atr\u00e1s de um dos gols da quadra, de acordo com o projeto aprovado. No dia seguinte \u00e0 reuni\u00e3o, dia 17, pareceu-nos que o trabalho seria retomado ininterruptamente at\u00e9 o seu final, ap\u00f3s mais uma parada de quase quatro (4) semanas. Mas o fato de n\u00e3o ter tido nenhum oper\u00e1rio na obra no in\u00edcio desta semana (21\/06) deixa a todos preocupado ainda que em mat\u00e9ria publicada no site da r\u00e1dio Muria\u00e9 em 10\/05\/21, o secret\u00e1rio Kneip estimava que a previs\u00e3o para a conclus\u00e3o de todas as obras nas pra\u00e7as se daria em tr\u00eas meses.<\/p>\n<p style=\"text-align: justify;\">Perguntamos sobre a cal\u00e7ada ao redor da pra\u00e7a e ele nos respondeu que esta, bem como as escadas de acesso n\u00e3o ter\u00e3o, neste momento, o mesmo tipo de piso colocado na pra\u00e7a, porque n\u00e3o foram inclu\u00eddas no atual projeto. Para que isto seja feito, haver\u00e1 a necessidade de um aditamento financeiro. Esperamos que isto possa ser breve e que tamb\u00e9m seja observado a condi\u00e7\u00e3o que envolve as \u00e1rvores plantadas na cal\u00e7ada, e at\u00e9 no interior da pra\u00e7a, cujas ra\u00edzes continuam a crescer e a arrebentar seu piso, causando n\u00e3o s\u00f3 um atrapalho para os pedestres como tamb\u00e9m o receio de que uma dessas \u00e1rvores de grande porte possa vir a cair, como j\u00e1 ocorreu na pra\u00e7a.<\/p>\n<p><!--more--><\/p>\n<p style=\"text-align: justify;\">Sobre a ilumina\u00e7\u00e3o da pra\u00e7a, quest\u00e3o bem levantada por moradores, o secret\u00e1rio tamb\u00e9m j\u00e1 havia observado que ainda haver\u00e1 necessidade de mais postes para que a ilumina\u00e7\u00e3o se torne melhor. Ressalte-se que ainda n\u00e3o tivemos todos as l\u00e2mpadas acessas e tamb\u00e9m com alguns postes instalados bem debaixo de \u00e1rvores com uma folhagem bem cheia, uma melhor avalia\u00e7\u00e3o da efetividade da nova ilumina\u00e7\u00e3o fica prejudicada.<\/p>\n<p style=\"text-align: justify;\">Finalizando, indagamos quanto \u00e0 possibilidade de instala\u00e7\u00e3o de um quiosque na pra\u00e7a e o secret\u00e1rio nos respondeu que ainda n\u00e3o h\u00e1 uma defini\u00e7\u00e3o sobre o mesmo e que a Secretaria de Desenvolvimento Econ\u00f4mico analisaria a quest\u00e3o.<\/p>\n<p style=\"text-align: justify;\">Aguardemos que tudo se resolva o mais brevemente poss\u00edvel e que os moradores do Jo\u00e3o XXIII possam vir a frequentar e curtir este espa\u00e7o de lazer, que tanta falta faz a todos.<\/p>\n<p style=\"text-align: right;\"><strong>Diretoria da AMBJXXIII<\/strong><\/p>\n<p style=\"text-align: right;\"><strong>Gest\u00e3o Caminhando 2021-2023<\/strong><\/p>\n<figure id=\"attachment_75139\" aria-describedby=\"caption-attachment-75139\" style=\"width: 271px\" class=\"wp-caption alignnone\"><a href=\"http:\/\/folhadosudeste.com\/site\/wp-content\/uploads\/2021\/06\/2.png\"><img loading=\"lazy\" decoding=\"async\" class=\"wp-image-75139\" src=\"http:\/\/folhadosudeste.com\/site\/wp-content\/uploads\/2021\/06\/2.png\" alt=\"\" width=\"271\" height=\"428\" srcset=\"https:\/\/folhadosudeste.com\/site\/wp-content\/uploads\/2021\/06\/2.png 1169w, https:\/\/folhadosudeste.com\/site\/wp-content\/uploads\/2021\/06\/2-190x300.png 190w, https:\/\/folhadosudeste.com\/site\/wp-content\/uploads\/2021\/06\/2-768x1214.png 768w, https:\/\/folhadosudeste.com\/site\/wp-content\/uploads\/2021\/06\/2-648x1024.png 648w\" sizes=\"auto, (max-width: 271px) 100vw, 271px\" \/><\/a><figcaption id=\"caption-attachment-75139\" class=\"wp-caption-text\">Troncos de \u00e1rvores mortas<\/figcaption><\/figure>\n<figure id=\"attachment_75140\" aria-describedby=\"caption-attachment-75140\" style=\"width: 272px\" class=\"wp-caption alignnone\"><a href=\"http:\/\/folhadosudeste.com\/site\/wp-content\/uploads\/2021\/06\/3.png\"><img loading=\"lazy\" decoding=\"async\" class=\"wp-image-75140\" src=\"http:\/\/folhadosudeste.com\/site\/wp-content\/uploads\/2021\/06\/3.png\" alt=\"\" width=\"272\" height=\"430\"><\/a><figcaption id=\"caption-attachment-75140\" class=\"wp-caption-text\">\u00c1rvore a ser podada na rua M. Fraga<\/figcaption><\/figure>\n<p><a href=\"http:\/\/folhadosudeste.com\/site\/wp-content\/uploads\/2021\/06\/5.png\"><img loading=\"lazy\" decoding=\"async\" class=\"alignnone wp-image-75142\" src=\"http:\/\/folhadosudeste.com\/site\/wp-content\/uploads\/2021\/06\/5.png\" alt=\"\" width=\"422\" height=\"750\" srcset=\"https:\/\/folhadosudeste.com\/site\/wp-content\/uploads\/2021\/06\/5.png 735w, https:\/\/folhadosudeste.com\/site\/wp-content\/uploads\/2021\/06\/5-169x300.png 169w, https:\/\/folhadosudeste.com\/site\/wp-content\/uploads\/2021\/06\/5-576x1024.png 576w\" sizes=\"auto, (max-width: 422px) 100vw, 422px\" \/><\/a> <a href=\"http:\/\/folhadosudeste.com\/site\/wp-content\/uploads\/2021\/06\/6.png\"><img loading=\"lazy\" decoding=\"async\" class=\"alignnone wp-image-75143\" src=\"http:\/\/folhadosudeste.com\/site\/wp-content\/uploads\/2021\/06\/6.png\" alt=\"\" width=\"421\" height=\"747\" srcset=\"https:\/\/folhadosudeste.com\/site\/wp-content\/uploads\/2021\/06\/6.png 737w, https:\/\/folhadosudeste.com\/site\/wp-content\/uploads\/2021\/06\/6-169x300.png 169w, https:\/\/folhadosudeste.com\/site\/wp-content\/uploads\/2021\/06\/6-577x1024.png 577w\" sizes=\"auto, (max-width: 421px) 100vw, 421px\" \/><\/a> <a href=\"http:\/\/folhadosudeste.com\/site\/wp-content\/uploads\/2021\/06\/7.png\"><img loading=\"lazy\" decoding=\"async\" class=\"alignnone wp-image-75144\" src=\"http:\/\/folhadosudeste.com\/site\/wp-content\/uploads\/2021\/06\/7.png\" alt=\"\" width=\"521\" height=\"927\" srcset=\"https:\/\/folhadosudeste.com\/site\/wp-content\/uploads\/2021\/06\/7.png 737w, https:\/\/folhadosudeste.com\/site\/wp-content\/uploads\/2021\/06\/7-169x300.png 169w, https:\/\/folhadosudeste.com\/site\/wp-content\/uploads\/2021\/06\/7-575x1024.png 575w\" sizes=\"auto, (max-width: 521px) 100vw, 521px\" \/><\/a><\/p>\n","protected":false},"excerpt":{"rendered":"<p>A Associa\u00e7\u00e3o de Moradores do B. Jo\u00e3o XXIII, atrav\u00e9s da presen\u00e7a de alguns de seus membros, estiveram, no dia 16, ap\u00f3s solicita\u00e7\u00e3o feita, um encontro com o Secret\u00e1rio Municipal de Obras P\u00fablicas, Carlos Kneip, para tratar de dois assuntos que foram bastante falados por moradores: poda de \u00e1rvores e reforma da pra\u00e7a Geraldo Aziz de [&hellip;]<\/p>\n","protected":false},"author":6,"featured_media":0,"comment_status":"open","ping_status":"closed","sticky":false,"template":"","format":"standard","meta":{"_joinchat":[],"footnotes":""},"categories":[1],"tags":[],"class_list":["post-75137","post","type-post","status-publish","format-standard","hentry","category-sem-categoria"],"_links":{"self":[{"href":"https:\/\/folhadosudeste.com\/site\/index.php?rest_route=\/wp\/v2\/posts\/75137","targetHints":{"allow":["GET"]}}],"collection":[{"href":"https:\/\/folhadosudeste.com\/site\/index.php?rest_route=\/wp\/v2\/posts"}],"about":[{"href":"https:\/\/folhadosudeste.com\/site\/index.php?rest_route=\/wp\/v2\/types\/post"}],"author":[{"embeddable":true,"href":"https:\/\/folhadosudeste.com\/site\/index.php?rest_route=\/wp\/v2\/users\/6"}],"replies":[{"embeddable":true,"href":"https:\/\/folhadosudeste.com\/site\/index.php?rest_route=%2Fwp%2Fv2%2Fcomments&post=75137"}],"version-history":[{"count":3,"href":"https:\/\/folhadosudeste.com\/site\/index.php?rest_route=\/wp\/v2\/posts\/75137\/revisions"}],"predecessor-version":[{"id":75147,"href":"https:\/\/folhadosudeste.com\/site\/index.php?rest_route=\/wp\/v2\/posts\/75137\/revisions\/75147"}],"wp:attachment":[{"href":"https:\/\/folhadosudeste.com\/site\/index.php?rest_route=%2Fwp%2Fv2%2Fmedia&parent=75137"}],"wp:term":[{"taxonomy":"category","embeddable":true,"href":"https:\/\/folhadosudeste.com\/site\/index.php?rest_route=%2Fwp%2Fv2%2Fcategories&post=75137"},{"taxonomy":"post_tag","embeddable":true,"href":"https:\/\/folhadosudeste.com\/site\/index.php?rest_route=%2Fwp%2Fv2%2Ftags&post=75137"}],"curies":[{"name":"wp","href":"https:\/\/api.w.org\/{rel}","templated":true}]}}