{"id":75148,"date":"2021-06-25T16:44:49","date_gmt":"2021-06-25T16:44:49","guid":{"rendered":"http:\/\/folhadosudeste.com\/site\/?p=75148"},"modified":"2021-06-25T16:44:49","modified_gmt":"2021-06-25T16:44:49","slug":"energisa-doa-cestas-basicas-para-familias-e-instituicoes-de-cataguases-leopoldina-manhuacu-muriae-e-uba","status":"publish","type":"post","link":"https:\/\/folhadosudeste.com\/site\/?p=75148","title":{"rendered":"Energisa doa cestas b\u00e1sicas para fam\u00edlias e institui\u00e7\u00f5es de Cataguases, Leopoldina, Manhua\u00e7u, Muria\u00e9 e Ub\u00e1"},"content":{"rendered":"<h6><img decoding=\"async\" src=\"https:\/\/mail.google.com\/mail\/u\/0?ui=2&amp;ik=be5e112aea&amp;attid=0.7&amp;permmsgid=msg-f:1703476142788398730&amp;th=17a3f686c6414e8a&amp;view=fimg&amp;sz=s0-l75-ft&amp;attbid=ANGjdJ-OTL9HjBB3DxiTs3wCCTbd91J7d_mesi463CzeqZKXp5cDso90eVnVObh-7SplMsCjHdtomdNx8rbZGm12LWn7bCHeEXPbm7zOXW74T6YcG52u-ce71zsp0W4&amp;disp=emb\" alt=\"Uma imagem contendo pessoa, no interior, teto, grupo\n\nDescri\u00e7\u00e3o gerada automaticamente\"><\/h6>\n<h6 style=\"text-align: justify;\"><strong>Ser\u00e3o ao todo 900 cestas b\u00e1sicas, em tr\u00eas meses.&nbsp;<\/strong><strong>Colaboradores da concession\u00e1ria contribu\u00edram com recursos para aquisi\u00e7\u00e3o dos alimentos;<\/strong><\/h6>\n<p style=\"text-align: justify;\">A Energisa Minas Gerais entregou, neste m\u00eas de junho, 300 cestas b\u00e1sicas a institui\u00e7\u00f5es e fam\u00edlias em situa\u00e7\u00e3o de vulnerabilidade de cinco cidades da \u00e1rea de concess\u00e3o da Energisa em Minas Gerais: Cataguases, Muria\u00e9, Manhua\u00e7u, Leopoldina e Ub\u00e1. Trata-se da segunda etapa da a\u00e7\u00e3o humanit\u00e1ria de combate \u00e0 fome realizada pela Energisa. A iniciativa faz parte do movimento Energia do Bem, criado pela pr\u00f3pria empresa para viabilizar a\u00e7\u00f5es emergenciais que ajudem a superar a crise humanit\u00e1ria provocada pela Covid-19. A a\u00e7\u00e3o conta com um ingrediente especial: o voluntariado dos colaboradores da concession\u00e1ria, que contribu\u00edram com parte dos recursos para aquisi\u00e7\u00e3o dos mantimentos. O conceito da iniciativa \u00e9 inovador, pois funciona atrav\u00e9s do financiamento coletivo (matchfunding), em que, a cada real que o colaborador doa, a empresa coloca mais um real. Nessa a\u00e7\u00e3o, mais de um milh\u00e3o de reais foram arrecadados em conjunto.<\/p>\n<p><img decoding=\"async\" src=\"https:\/\/mail.google.com\/mail\/u\/0?ui=2&amp;ik=be5e112aea&amp;attid=0.1&amp;permmsgid=msg-f:1703476142788398730&amp;th=17a3f686c6414e8a&amp;view=fimg&amp;sz=s0-l75-ft&amp;attbid=ANGjdJ-I8m1EA-w5HRBoTNHR0oSDmhlJPS4bpRq00SIO0alcQIDt8_dlZGGhrGAzgkFhPZOzQCymNnOzYceIeGYFONhY9lxmw6nyU0EIxjFvPCXbFEFvRje8Jl-OleY&amp;disp=emb\"><\/p>\n<p style=\"text-align: justify;\">Eduardo Mantovani, diretor-presidente da Energisa Minas Gerais, conta que a ades\u00e3o dos colaboradores ao movimento Energia do Bem foi expressiva e mostra que carregam em si os valores da empresa como o compromisso com a comunidade, o hoje e o futuro. \u201cTemos orgulho em ver como nossos colaboradores s\u00e3o engajados e querem ajudar a nossa comunidade. Com a uni\u00e3o dos recursos estamos alcan\u00e7ando o dobro de fam\u00edlias do que na primeira etapa\u201d, completou Mantovani. O Grupo Energisa vai doar 14 mil cestas nos onze estados onde atua, totalizando 329 toneladas de alimentos.<br \/>\nMantovani acrescenta que outro diferencial dessa iniciativa \u00e9 a continuidade da doa\u00e7\u00e3o, que se estender\u00e1 por tr\u00eas meses &#8211; junho, julho e agosto &#8211; para as mesmas fam\u00edlias, totalizando 900 cestas b\u00e1sicas. Ser\u00e3o aproximadamente 5 toneladas de alimentos que visam reduzir os efeitos causados pela pandemia no estado que, segundo levantamento da Rede Brasileira de Pesquisa em Soberania e Seguran\u00e7a Alimentar, estaria fazendo que 19 milh\u00f5es de brasileiros passem fome no pa\u00eds, especialmente os lares chefiados por mulheres em que 11,1% afirmaram estar passando fome.<\/p>\n<p style=\"text-align: justify;\">\u201cTer a certeza de que nos pr\u00f3ximos meses a fam\u00edlia vai ter algo fundamental como a alimenta\u00e7\u00e3o d\u00e1 energia para buscar formas de suprir a renda, mas sobretudo, d\u00e1 esperan\u00e7a de que esse momento dif\u00edcil vai passar\u201d, afirmou o diretor-presidente.<\/p>\n<p><img decoding=\"async\" src=\"https:\/\/mail.google.com\/mail\/u\/0?ui=2&amp;ik=be5e112aea&amp;attid=0.5&amp;permmsgid=msg-f:1703476142788398730&amp;th=17a3f686c6414e8a&amp;view=fimg&amp;sz=s0-l75-ft&amp;attbid=ANGjdJ9FQp_73e2AGk704H-HsgXjtwo4AREbDAn5OAHgCRDra4uQ_a104zWayU12SvdU8RST8lq4RUdHdKVqPaKIolu_cFGvNHi74io7cskfzmMEy7midzsbTnFJEBI&amp;disp=emb\"><\/p>\n<p><!--more--><\/p>\n<p style=\"text-align: justify;\">Gleicimara dos Santos, uma das beneficiadas no bairro S\u00e3o Vicente, em Cataguases, agradeceu \u00e0 Energisa. \u201cTenho tr\u00eas filhos pequenos e ajudo em casa fazendo faxina ou de bab\u00e1. A pandemia prejudicou muito. Chegamos em um ponto de n\u00e3o ter nada em casa. Hoje estamos sem almo\u00e7o. Compramos o g\u00e1s e faltou dinheiro para a comida\u201d, contou ela.<\/p>\n<p style=\"text-align: justify;\">A iniciativa conta com o apoio da Associa\u00e7\u00e3o Fraterna de Assist\u00eancia aos Necessitados &#8211; AFAN Cataguases, Lar S\u00e3o Vicente de Paulo em Cataguases, Lar Jo\u00e3o de Freitas em Ub\u00e1, Associa\u00e7\u00e3o de Pais e Amigos dos Excepcionais (APAE) de Leopoldina e de Manhua\u00e7u e Pastoral Social de Muria\u00e9, respons\u00e1veis pelo mapeamento dos beneficiados atrav\u00e9s de diagn\u00f3stico socioecon\u00f4mico. As demais fam\u00edlias indicadas pelas institui\u00e7\u00f5es receber\u00e3o a primeira ainda neste m\u00eas de junho.<\/p>\n<p style=\"text-align: justify;\">Outras iniciativas do Bem<\/p>\n<p style=\"text-align: justify;\">O movimento Energia do Bem foi criado pela Energia para viabilizar diversas a\u00e7\u00f5es que ajudem a superar a crise humanit\u00e1ria provocada pela Covid-19 e est\u00e1 presente nos 11 estados em que a empresa atua.<\/p>\n<p style=\"text-align: justify;\">Aqui em Minas, na frente da sa\u00fade, foram doadas m\u00e1scaras do tipo N95, protetores faciais e \u00e1lcool gel a hospitais, disponibilizados recursos para a Fiocruz\u202fproduzir testes r\u00e1pidos para diagn\u00f3stico da doen\u00e7a, al\u00e9m da doa\u00e7\u00e3o de alimentos e materiais de higiene e limpeza para institui\u00e7\u00f5es que cuidam de idosos entre outras. Hospitais de Minas tamb\u00e9m receberam a doa\u00e7\u00e3o de 18\u202fventiladores\u202fpulmonares\u202fpara o tratamento de Covid-19. Ser\u00e3o doados tamb\u00e9m 47 equipamentos de refrigera\u00e7\u00e3o &#8211; C\u00e2maras Frias, Freezers e Geladeiras &#8211; aos munic\u00edpios da \u00e1rea de concess\u00e3o da Energisa em Minas Gerais, em parceria com o movimento Unidos pela Vacina.<\/p>\n<p><img decoding=\"async\" src=\"https:\/\/mail.google.com\/mail\/u\/0?ui=2&amp;ik=be5e112aea&amp;attid=0.2&amp;permmsgid=msg-f:1703476142788398730&amp;th=17a3f686c6414e8a&amp;view=fimg&amp;sz=s0-l75-ft&amp;attbid=ANGjdJ_NO7-8FdyFtyydD5_mbzke4tOa2HuhaphJ5LRx1G_zFES-csWlX8-MvVweDl4pfhdxLY_1WzfqxIdUdiFbFyrJp8LRobEspGSBdZOHqO9_P0Qg2wgpbrasAtQ&amp;disp=emb\" alt=\"Grupo de pessoas posando para foto\n\nDescri\u00e7\u00e3o gerada automaticamente\"><\/p>\n<p><img decoding=\"async\" src=\"https:\/\/mail.google.com\/mail\/u\/0?ui=2&amp;ik=be5e112aea&amp;attid=0.3&amp;permmsgid=msg-f:1703476142788398730&amp;th=17a3f686c6414e8a&amp;view=fimg&amp;sz=s0-l75-ft&amp;attbid=ANGjdJ-efC8xw18N3SVCIIBell2JNuuMQArf1MAsogYfOETdzwj_SHjeiq8qcz3PTv5EF8hNB-zkMRWL7KKYHxhvjwJax8idOyrTmOwoBSRQ22YLA1k8_mZSZKlJQns&amp;disp=emb\" alt=\"Mulher em p\u00e9 ao lado de menina\n\nDescri\u00e7\u00e3o gerada automaticamente com confian\u00e7a baixa\"><\/p>\n<p><img decoding=\"async\" src=\"https:\/\/mail.google.com\/mail\/u\/0?ui=2&amp;ik=be5e112aea&amp;attid=0.4&amp;permmsgid=msg-f:1703476142788398730&amp;th=17a3f686c6414e8a&amp;view=fimg&amp;sz=s0-l75-ft&amp;attbid=ANGjdJ9whG8WqdsW3ZgnDvEGK_LhL2-kLLMSM_wvj-6nQXgWiWFr3OGf_jRyAn84S0Uxk3Up3IpUtChtE0gstaPnMS3IINsLr0Gu8BvdLJjdJkDKRsMrR35pQGLcy1E&amp;disp=emb\"><\/p>\n","protected":false},"excerpt":{"rendered":"<p>Ser\u00e3o ao todo 900 cestas b\u00e1sicas, em tr\u00eas meses.&nbsp;Colaboradores da concession\u00e1ria contribu\u00edram com recursos para aquisi\u00e7\u00e3o dos alimentos; A Energisa Minas Gerais entregou, neste m\u00eas de junho, 300 cestas b\u00e1sicas a institui\u00e7\u00f5es e fam\u00edlias em situa\u00e7\u00e3o de vulnerabilidade de cinco cidades da \u00e1rea de concess\u00e3o da Energisa em Minas Gerais: Cataguases, Muria\u00e9, Manhua\u00e7u, Leopoldina e [&hellip;]<\/p>\n","protected":false},"author":6,"featured_media":0,"comment_status":"open","ping_status":"closed","sticky":false,"template":"","format":"standard","meta":{"_joinchat":[],"footnotes":""},"categories":[1],"tags":[],"class_list":["post-75148","post","type-post","status-publish","format-standard","hentry","category-sem-categoria"],"_links":{"self":[{"href":"https:\/\/folhadosudeste.com\/site\/index.php?rest_route=\/wp\/v2\/posts\/75148","targetHints":{"allow":["GET"]}}],"collection":[{"href":"https:\/\/folhadosudeste.com\/site\/index.php?rest_route=\/wp\/v2\/posts"}],"about":[{"href":"https:\/\/folhadosudeste.com\/site\/index.php?rest_route=\/wp\/v2\/types\/post"}],"author":[{"embeddable":true,"href":"https:\/\/folhadosudeste.com\/site\/index.php?rest_route=\/wp\/v2\/users\/6"}],"replies":[{"embeddable":true,"href":"https:\/\/folhadosudeste.com\/site\/index.php?rest_route=%2Fwp%2Fv2%2Fcomments&post=75148"}],"version-history":[{"count":1,"href":"https:\/\/folhadosudeste.com\/site\/index.php?rest_route=\/wp\/v2\/posts\/75148\/revisions"}],"predecessor-version":[{"id":75149,"href":"https:\/\/folhadosudeste.com\/site\/index.php?rest_route=\/wp\/v2\/posts\/75148\/revisions\/75149"}],"wp:attachment":[{"href":"https:\/\/folhadosudeste.com\/site\/index.php?rest_route=%2Fwp%2Fv2%2Fmedia&parent=75148"}],"wp:term":[{"taxonomy":"category","embeddable":true,"href":"https:\/\/folhadosudeste.com\/site\/index.php?rest_route=%2Fwp%2Fv2%2Fcategories&post=75148"},{"taxonomy":"post_tag","embeddable":true,"href":"https:\/\/folhadosudeste.com\/site\/index.php?rest_route=%2Fwp%2Fv2%2Ftags&post=75148"}],"curies":[{"name":"wp","href":"https:\/\/api.w.org\/{rel}","templated":true}]}}