{"id":75153,"date":"2021-06-25T16:47:45","date_gmt":"2021-06-25T16:47:45","guid":{"rendered":"http:\/\/folhadosudeste.com\/site\/?p=75153"},"modified":"2021-06-25T16:47:45","modified_gmt":"2021-06-25T16:47:45","slug":"camara-entrega-titulo-de-cidadania-honoraria-ao-vice-governador-de-minas-na-proxima-segunda-feira","status":"publish","type":"post","link":"https:\/\/folhadosudeste.com\/site\/?p=75153","title":{"rendered":"C\u00e2mara entrega T\u00edtulo de Cidadania Honor\u00e1ria ao vice-governador de Minas na pr\u00f3xima segunda-feira"},"content":{"rendered":"<p><a href=\"http:\/\/folhadosudeste.com\/site\/wp-content\/uploads\/2021\/06\/Vice-governador-de-Minas-Gerais-Paulo-Brant-1.jpg\"><img loading=\"lazy\" decoding=\"async\" class=\"alignnone size-full wp-image-75154\" src=\"http:\/\/folhadosudeste.com\/site\/wp-content\/uploads\/2021\/06\/Vice-governador-de-Minas-Gerais-Paulo-Brant-1.jpg\" alt=\"\" width=\"697\" height=\"697\" srcset=\"https:\/\/folhadosudeste.com\/site\/wp-content\/uploads\/2021\/06\/Vice-governador-de-Minas-Gerais-Paulo-Brant-1.jpg 697w, https:\/\/folhadosudeste.com\/site\/wp-content\/uploads\/2021\/06\/Vice-governador-de-Minas-Gerais-Paulo-Brant-1-150x150.jpg 150w, https:\/\/folhadosudeste.com\/site\/wp-content\/uploads\/2021\/06\/Vice-governador-de-Minas-Gerais-Paulo-Brant-1-300x300.jpg 300w\" sizes=\"auto, (max-width: 697px) 100vw, 697px\" \/><\/a><\/p>\n<p style=\"text-align: justify;\">Em sess\u00e3o solene, a C\u00e2mara de Vereadores, em parceria com a Prefeitura de Muria\u00e9, far\u00e1 a entrega do T\u00edtulo de Cidadania Honor\u00e1ria ao vice-governador de Minas Gerais, Paulo Eduardo Rocha Brant, na pr\u00f3xima segunda-feira, 28. O evento de outorga da honraria ser\u00e1 realizado no Teatro Zaccaria Marques, Centro.<\/p>\n<p style=\"text-align: justify;\">O t\u00edtulo \u00e9 um reconhecimento p\u00fablico pelos relevantes servi\u00e7os prestados pelo vice-governador ao desenvolvimento e \u00e0 grandeza do munic\u00edpio.<\/p>\n<p style=\"text-align: justify;\">A cerim\u00f4nia seguir\u00e1 todos os protocolos sanit\u00e1rios e controle de p\u00fablico, a fim de se evitar a prolifera\u00e7\u00e3o do coronav\u00edrus. Somente vereadores, autoridades previamente convidadas e imprensa cadastrada participar\u00e3o do evento.<\/p>\n<p style=\"text-align: justify;\">A popula\u00e7\u00e3o poder\u00e1 acompanhar a solenidade ao vivo, pela transmiss\u00e3o nas redes sociais da C\u00e2mara:&nbsp;<a href=\"http:\/\/facebook.com\/camaramunicipaldemuriae\" target=\"_blank\" rel=\"noopener\" data-saferedirecturl=\"https:\/\/www.google.com\/url?q=http:\/\/facebook.com\/camaramunicipaldemuriae&amp;source=gmail&amp;ust=1624725913715000&amp;usg=AFQjCNGzFH6RPQVHxEBzhI78KQQRslGcqg\">facebook.com\/<wbr>camaramunicipaldemuriae<\/a>&nbsp;e YouTube.com\/<wbr>camaramunicipaldemuriae.<\/p>\n<p><!--more--><\/p>\n<p style=\"text-align: justify;\"><b>Biografia do vice-governador Paulo Brant &#8211;&nbsp;<\/b>Nascido na cidade de Diamantina, no dia 1\u00ba de maio de 1952, no seio de uma fam\u00edlia tipicamente mineira, o vice-governador Paulo Eduardo Rocha Brant \u00e9 economista, professor, engenheiro civil, especialista em estrat\u00e9gia empresarial, al\u00e9m de pol\u00edtico mineiro. Filho do juiz Moacyr Pimenta Brant e de Dona Iolanda Raimunda da Rocha, \u00e9 o sexto de 11 irm\u00e3os, dentre eles o compositor Fernando Rocha Brant. \u00c9 casado com a Senhora Alexia Paiva Brant e pai de 4 filhos.<\/p>\n<p style=\"text-align: justify;\">Ao longo de sua vida acad\u00eamica, cursou Engenharia na UFMG, Economia na PUC, se tornou mestre em Economia tamb\u00e9m pela UFMG e se especializou em Estrat\u00e9gia Empresarial pela Funda\u00e7\u00e3o Dom Cabral.<\/p>\n<p style=\"text-align: justify;\">J\u00e1 na trajet\u00f3ria profissional, atuou em diversas institui\u00e7\u00f5es, como Fiemg, BDMG, onde exerceu diversos cargos, dentre eles, o de diretor-superintendente, assessor da presid\u00eancia, superintendente da \u00c1rea de Planejamento, de Opera\u00e7\u00f5es de \u00c1rea e da \u00c1rea de Finan\u00e7as. Foi tamb\u00e9m secret\u00e1rio Estadual de Cultura e diretor Vice-Presidente e de Rela\u00e7\u00f5es com o Mercado da Financeira Bemge.<\/p>\n<p style=\"text-align: justify;\">Atualmente sem partido, o senhor Paulo Brand foi eleito para o cargo de vice-governador de Minas Gerais nas elei\u00e7\u00f5es de 2018 pelo Partido Novo, junto ao governador Romeu Zema, com 71,80% dos votos. Desde a transi\u00e7\u00e3o, Brant \u00e9 visto como uma figura conciliadora e atua na articula\u00e7\u00e3o do governo com as prefeituras, setor privado e a Assembleia Estadual.<\/p>\n<p><a href=\"http:\/\/folhadosudeste.com\/site\/wp-content\/uploads\/2021\/06\/01.jpg\"><img loading=\"lazy\" decoding=\"async\" class=\"alignnone size-full wp-image-75155\" src=\"http:\/\/folhadosudeste.com\/site\/wp-content\/uploads\/2021\/06\/01.jpg\" alt=\"\" width=\"1500\" height=\"893\" srcset=\"https:\/\/folhadosudeste.com\/site\/wp-content\/uploads\/2021\/06\/01.jpg 1500w, https:\/\/folhadosudeste.com\/site\/wp-content\/uploads\/2021\/06\/01-300x179.jpg 300w, https:\/\/folhadosudeste.com\/site\/wp-content\/uploads\/2021\/06\/01-768x457.jpg 768w, https:\/\/folhadosudeste.com\/site\/wp-content\/uploads\/2021\/06\/01-1024x610.jpg 1024w\" sizes=\"auto, (max-width: 1500px) 100vw, 1500px\" \/><\/a><\/p>\n","protected":false},"excerpt":{"rendered":"<p>Em sess\u00e3o solene, a C\u00e2mara de Vereadores, em parceria com a Prefeitura de Muria\u00e9, far\u00e1 a entrega do T\u00edtulo de Cidadania Honor\u00e1ria ao vice-governador de Minas Gerais, Paulo Eduardo Rocha Brant, na pr\u00f3xima segunda-feira, 28. O evento de outorga da honraria ser\u00e1 realizado no Teatro Zaccaria Marques, Centro. O t\u00edtulo \u00e9 um reconhecimento p\u00fablico pelos [&hellip;]<\/p>\n","protected":false},"author":6,"featured_media":0,"comment_status":"open","ping_status":"closed","sticky":false,"template":"","format":"standard","meta":{"_joinchat":[],"footnotes":""},"categories":[1],"tags":[],"class_list":["post-75153","post","type-post","status-publish","format-standard","hentry","category-sem-categoria"],"_links":{"self":[{"href":"https:\/\/folhadosudeste.com\/site\/index.php?rest_route=\/wp\/v2\/posts\/75153","targetHints":{"allow":["GET"]}}],"collection":[{"href":"https:\/\/folhadosudeste.com\/site\/index.php?rest_route=\/wp\/v2\/posts"}],"about":[{"href":"https:\/\/folhadosudeste.com\/site\/index.php?rest_route=\/wp\/v2\/types\/post"}],"author":[{"embeddable":true,"href":"https:\/\/folhadosudeste.com\/site\/index.php?rest_route=\/wp\/v2\/users\/6"}],"replies":[{"embeddable":true,"href":"https:\/\/folhadosudeste.com\/site\/index.php?rest_route=%2Fwp%2Fv2%2Fcomments&post=75153"}],"version-history":[{"count":1,"href":"https:\/\/folhadosudeste.com\/site\/index.php?rest_route=\/wp\/v2\/posts\/75153\/revisions"}],"predecessor-version":[{"id":75156,"href":"https:\/\/folhadosudeste.com\/site\/index.php?rest_route=\/wp\/v2\/posts\/75153\/revisions\/75156"}],"wp:attachment":[{"href":"https:\/\/folhadosudeste.com\/site\/index.php?rest_route=%2Fwp%2Fv2%2Fmedia&parent=75153"}],"wp:term":[{"taxonomy":"category","embeddable":true,"href":"https:\/\/folhadosudeste.com\/site\/index.php?rest_route=%2Fwp%2Fv2%2Fcategories&post=75153"},{"taxonomy":"post_tag","embeddable":true,"href":"https:\/\/folhadosudeste.com\/site\/index.php?rest_route=%2Fwp%2Fv2%2Ftags&post=75153"}],"curies":[{"name":"wp","href":"https:\/\/api.w.org\/{rel}","templated":true}]}}