{"id":75157,"date":"2021-06-25T16:50:47","date_gmt":"2021-06-25T16:50:47","guid":{"rendered":"http:\/\/folhadosudeste.com\/site\/?p=75157"},"modified":"2021-06-25T16:50:47","modified_gmt":"2021-06-25T16:50:47","slug":"prefeitura-realiza-1a-rodada-de-negocios-do-centro-de-distribuicao","status":"publish","type":"post","link":"https:\/\/folhadosudeste.com\/site\/?p=75157","title":{"rendered":"Prefeitura realiza 1\u00aa Rodada de Neg\u00f3cios do Centro de Distribui\u00e7\u00e3o"},"content":{"rendered":"<p align=\"justify\"><a href=\"http:\/\/folhadosudeste.com\/site\/wp-content\/uploads\/2021\/06\/Rodada-30.jpg\"><img loading=\"lazy\" decoding=\"async\" class=\"alignnone size-full wp-image-75158\" src=\"http:\/\/folhadosudeste.com\/site\/wp-content\/uploads\/2021\/06\/Rodada-30.jpg\" alt=\"\" width=\"2048\" height=\"1362\" srcset=\"https:\/\/folhadosudeste.com\/site\/wp-content\/uploads\/2021\/06\/Rodada-30.jpg 2048w, https:\/\/folhadosudeste.com\/site\/wp-content\/uploads\/2021\/06\/Rodada-30-300x199.jpg 300w, https:\/\/folhadosudeste.com\/site\/wp-content\/uploads\/2021\/06\/Rodada-30-768x511.jpg 768w, https:\/\/folhadosudeste.com\/site\/wp-content\/uploads\/2021\/06\/Rodada-30-1024x681.jpg 1024w, https:\/\/folhadosudeste.com\/site\/wp-content\/uploads\/2021\/06\/Rodada-30-120x80.jpg 120w, https:\/\/folhadosudeste.com\/site\/wp-content\/uploads\/2021\/06\/Rodada-30-345x230.jpg 345w\" sizes=\"auto, (max-width: 2048px) 100vw, 2048px\" \/><\/a><\/p>\n<p style=\"text-align: justify;\" align=\"justify\">O evento \u20181\u00aa&nbsp;Rodada de Neg\u00f3cios\u2019&nbsp;aconteceu hoje (23) no Tatersal do Sindicato Rural&nbsp;com a presen\u00e7a de&nbsp;agricultores e comerciantes da regi\u00e3o, al\u00e9m dos parceiros Sicredi, Emater, Sebrae.&nbsp;A&nbsp;Prefeitura de Muria\u00e9, atrav\u00e9s das secretarias de Agricultura, Meio Ambiente e Desenvolvimento Econ\u00f4mico&nbsp;organizaram os&nbsp;trabalhos para&nbsp;dar&nbsp;efetiva\u00e7\u00e3o&nbsp;ao novo Centro de Distribui\u00e7\u00e3o Municipal.<\/p>\n<p style=\"text-align: justify;\">A atividade objetiva incentivar empres\u00e1rios e compradores do segmento de bares, restaurantes, empresas de delivery, hot\u00e9is e hospitais a comprarem mercadorias diretamente dos produtores da Agricultura Familiar, evitando intermedi\u00e1rios.<\/p>\n<p style=\"text-align: justify;\">Estiveram presente o prefeito de Muria\u00e9, Jos\u00e9 Braz; os secret\u00e1rios de Agricultura e Meio Ambiente, Carlos Kneip; de Desenvolvimento Econ\u00f4mico, C\u00e9sar Augusto Bianchi Botaro; de Governo, Paulo S\u00e9rgio Amaral e os secret\u00e1rios adjuntos de Agricultura e Meio Ambiente, Fernando Levati; e de Desenvolvimento Econ\u00f4mico, Leandro Latini Veiga.<\/p>\n<p><!--more--><\/p>\n<p style=\"text-align: justify;\">Tamb\u00e9m o engenheiro agr\u00f4nomo Rob\u00e9rio Torres representando a Emater MG; o gerente da ag\u00eancia Barra do Sicredi, Eduardo Gon\u00e7alves Reis e o gerente regional do Sebrae, Jo\u00e3o Roberto Marques Lobo.<\/p>\n<p style=\"text-align: justify;\">Da Emater ainda estiveram presentes Adenilson Chaves e \u00c1urea Alice que conversaram com os produtores acerca de cultivares. O analista da microrregi\u00e3o do Sebrae, Francisco Her\u00e9dia explicou sobre o suporte para as empresas e como transformar a produ\u00e7\u00e3o em neg\u00f3cio rent\u00e1vel.<\/p>\n<p style=\"text-align: justify;\">O Sicredi, atrav\u00e9s dos gerentes de Agroneg\u00f3cio, C\u00e1ssio Silva Costa e da ag\u00eancia Centro, Jeferson da Costa, apresentaram aos produtores e empres\u00e1rios presentes linhas de cr\u00e9dito que podem contribuir na gera\u00e7\u00e3o de renda e amplia\u00e7\u00e3o de \u00e1rea produtiva e com\u00e9rcio.<\/p>\n<p style=\"text-align: justify;\">O prefeito Jos\u00e9 Braz lembrou que todos os produtores rurais da Agricultura Familiar contam com o apoio e suporte do munic\u00edpio e que a prefeitura estar\u00e1 ao lado daqueles que trabalham e lidam diariamente no campo. \u201cO progresso do Brasil vem do campo. Temos que ser gratos aos homens e mulheres do campo, pessoas que acreditam na for\u00e7a que vem da terra. N\u00f3s estamos ao lado de voc\u00eas e dos comerciantes de Muria\u00e9\u201d, enfatizou.<\/p>\n<p><a href=\"http:\/\/folhadosudeste.com\/site\/wp-content\/uploads\/2021\/06\/DSC_0054.jpg\"><img loading=\"lazy\" decoding=\"async\" class=\"alignnone size-full wp-image-75159\" src=\"http:\/\/folhadosudeste.com\/site\/wp-content\/uploads\/2021\/06\/DSC_0054.jpg\" alt=\"\" width=\"2048\" height=\"1362\" srcset=\"https:\/\/folhadosudeste.com\/site\/wp-content\/uploads\/2021\/06\/DSC_0054.jpg 2048w, https:\/\/folhadosudeste.com\/site\/wp-content\/uploads\/2021\/06\/DSC_0054-300x199.jpg 300w, https:\/\/folhadosudeste.com\/site\/wp-content\/uploads\/2021\/06\/DSC_0054-768x511.jpg 768w, https:\/\/folhadosudeste.com\/site\/wp-content\/uploads\/2021\/06\/DSC_0054-1024x681.jpg 1024w, https:\/\/folhadosudeste.com\/site\/wp-content\/uploads\/2021\/06\/DSC_0054-120x80.jpg 120w, https:\/\/folhadosudeste.com\/site\/wp-content\/uploads\/2021\/06\/DSC_0054-345x230.jpg 345w\" sizes=\"auto, (max-width: 2048px) 100vw, 2048px\" \/><\/a> <a href=\"http:\/\/folhadosudeste.com\/site\/wp-content\/uploads\/2021\/06\/DSC_0069.jpg\"><img loading=\"lazy\" decoding=\"async\" class=\"alignnone size-full wp-image-75160\" src=\"http:\/\/folhadosudeste.com\/site\/wp-content\/uploads\/2021\/06\/DSC_0069.jpg\" alt=\"\" width=\"2048\" height=\"1362\" srcset=\"https:\/\/folhadosudeste.com\/site\/wp-content\/uploads\/2021\/06\/DSC_0069.jpg 2048w, https:\/\/folhadosudeste.com\/site\/wp-content\/uploads\/2021\/06\/DSC_0069-300x199.jpg 300w, https:\/\/folhadosudeste.com\/site\/wp-content\/uploads\/2021\/06\/DSC_0069-768x511.jpg 768w, https:\/\/folhadosudeste.com\/site\/wp-content\/uploads\/2021\/06\/DSC_0069-1024x681.jpg 1024w, https:\/\/folhadosudeste.com\/site\/wp-content\/uploads\/2021\/06\/DSC_0069-120x80.jpg 120w, https:\/\/folhadosudeste.com\/site\/wp-content\/uploads\/2021\/06\/DSC_0069-345x230.jpg 345w\" sizes=\"auto, (max-width: 2048px) 100vw, 2048px\" \/><\/a><\/p>\n","protected":false},"excerpt":{"rendered":"<p>O evento \u20181\u00aa&nbsp;Rodada de Neg\u00f3cios\u2019&nbsp;aconteceu hoje (23) no Tatersal do Sindicato Rural&nbsp;com a presen\u00e7a de&nbsp;agricultores e comerciantes da regi\u00e3o, al\u00e9m dos parceiros Sicredi, Emater, Sebrae.&nbsp;A&nbsp;Prefeitura de Muria\u00e9, atrav\u00e9s das secretarias de Agricultura, Meio Ambiente e Desenvolvimento Econ\u00f4mico&nbsp;organizaram os&nbsp;trabalhos para&nbsp;dar&nbsp;efetiva\u00e7\u00e3o&nbsp;ao novo Centro de Distribui\u00e7\u00e3o Municipal. A atividade objetiva incentivar empres\u00e1rios e compradores do segmento de bares, [&hellip;]<\/p>\n","protected":false},"author":6,"featured_media":0,"comment_status":"open","ping_status":"closed","sticky":false,"template":"","format":"standard","meta":{"_joinchat":[],"footnotes":""},"categories":[1],"tags":[],"class_list":["post-75157","post","type-post","status-publish","format-standard","hentry","category-sem-categoria"],"_links":{"self":[{"href":"https:\/\/folhadosudeste.com\/site\/index.php?rest_route=\/wp\/v2\/posts\/75157","targetHints":{"allow":["GET"]}}],"collection":[{"href":"https:\/\/folhadosudeste.com\/site\/index.php?rest_route=\/wp\/v2\/posts"}],"about":[{"href":"https:\/\/folhadosudeste.com\/site\/index.php?rest_route=\/wp\/v2\/types\/post"}],"author":[{"embeddable":true,"href":"https:\/\/folhadosudeste.com\/site\/index.php?rest_route=\/wp\/v2\/users\/6"}],"replies":[{"embeddable":true,"href":"https:\/\/folhadosudeste.com\/site\/index.php?rest_route=%2Fwp%2Fv2%2Fcomments&post=75157"}],"version-history":[{"count":1,"href":"https:\/\/folhadosudeste.com\/site\/index.php?rest_route=\/wp\/v2\/posts\/75157\/revisions"}],"predecessor-version":[{"id":75161,"href":"https:\/\/folhadosudeste.com\/site\/index.php?rest_route=\/wp\/v2\/posts\/75157\/revisions\/75161"}],"wp:attachment":[{"href":"https:\/\/folhadosudeste.com\/site\/index.php?rest_route=%2Fwp%2Fv2%2Fmedia&parent=75157"}],"wp:term":[{"taxonomy":"category","embeddable":true,"href":"https:\/\/folhadosudeste.com\/site\/index.php?rest_route=%2Fwp%2Fv2%2Fcategories&post=75157"},{"taxonomy":"post_tag","embeddable":true,"href":"https:\/\/folhadosudeste.com\/site\/index.php?rest_route=%2Fwp%2Fv2%2Ftags&post=75157"}],"curies":[{"name":"wp","href":"https:\/\/api.w.org\/{rel}","templated":true}]}}