{"id":75184,"date":"2021-06-29T20:12:01","date_gmt":"2021-06-29T20:12:01","guid":{"rendered":"http:\/\/folhadosudeste.com\/site\/?p=75184"},"modified":"2021-06-29T20:13:06","modified_gmt":"2021-06-29T20:13:06","slug":"camara-realiza-sessao-extraordinaria-nesta-quarta-feira-para-votacao-de-diversos-projetos","status":"publish","type":"post","link":"https:\/\/folhadosudeste.com\/site\/?p=75184","title":{"rendered":"C\u00e2mara realiza sess\u00e3o extraordin\u00e1ria nesta quarta-feira para vota\u00e7\u00e3o de diversos projetos"},"content":{"rendered":"<p><a href=\"http:\/\/folhadosudeste.com\/site\/wp-content\/uploads\/2021\/06\/01-1.jpg\"><img loading=\"lazy\" decoding=\"async\" class=\"alignnone size-full wp-image-75185\" src=\"http:\/\/folhadosudeste.com\/site\/wp-content\/uploads\/2021\/06\/01-1.jpg\" alt=\"\" width=\"1500\" height=\"902\" srcset=\"https:\/\/folhadosudeste.com\/site\/wp-content\/uploads\/2021\/06\/01-1.jpg 1500w, https:\/\/folhadosudeste.com\/site\/wp-content\/uploads\/2021\/06\/01-1-300x180.jpg 300w, https:\/\/folhadosudeste.com\/site\/wp-content\/uploads\/2021\/06\/01-1-768x462.jpg 768w, https:\/\/folhadosudeste.com\/site\/wp-content\/uploads\/2021\/06\/01-1-1024x616.jpg 1024w\" sizes=\"auto, (max-width: 1500px) 100vw, 1500px\" \/><\/a><\/p>\n<p style=\"text-align: justify;\">A C\u00e2mara de Muria\u00e9 far\u00e1 uma sess\u00e3o extraordin\u00e1ria nesta quarta-feira, dia 30, \u00e0s 17h20min, para a discuss\u00e3o e vota\u00e7\u00e3o de diversos projetos de lei. Convocada pelo presidente da Casa, Afonso da Sa\u00fade (PTB), a sess\u00e3o vai deliberar exclusivamente sobre os projetos de lei relacionados abaixo.<\/p>\n<p style=\"text-align: justify;\">Em cumprimento \u00e0s medidas sanit\u00e1rias de preven\u00e7\u00e3o ao coronav\u00edrus, a sess\u00e3o acontecer\u00e1 de forma presencial no plen\u00e1rio, por\u00e9m, somente com a presen\u00e7a dos vereadores, equipe da C\u00e2mara e imprensa.<\/p>\n<p style=\"text-align: justify;\"><b>Discuss\u00e3o, 2\u00aa e 3\u00aa vota\u00e7\u00e3o do PL 99\/2021:<\/b>&nbsp;disp\u00f5e sobre a Pol\u00edtica Municipal de Compensa\u00e7\u00e3o Ambiental, a fiscaliza\u00e7\u00e3o de supress\u00e3o e poda de \u00e1rvores e a interven\u00e7\u00e3o em \u00e1rea de preserva\u00e7\u00e3o permanente (APP).<\/p>\n<p style=\"text-align: justify;\">Autoria: Executivo municipal<\/p>\n<p style=\"text-align: justify;\"><b>Discuss\u00e3o e 3\u00aa vota\u00e7\u00e3o dos PL\u2019s:<\/b><\/p>\n<p style=\"text-align: justify;\">&#8211; PL 124\/202: autoriza o munic\u00edpio a implantar o Servi\u00e7o Municipal de Transporte Coletivos de Muria\u00e9 (SMTCM).<\/p>\n<p style=\"text-align: justify;\">Autoria conjunta dos vereadores: Afonso da Sa\u00fade (PTB), Carlos Delfim (PDT), Celsinho (PSD), Ciso (PL), Delcinho Amaro (Solidariedade), Dr. Frederico (PTB), Dr. Gerson Varella Neto (PSL), Evandro Cheroso (Cidadania), Forim (Solidariedade) e Lelei (PSD).<\/p>\n<p><!--more--><\/p>\n<p style=\"text-align: justify;\">&#8211; PL 127\/2021: altera a Lei n\u00ba 2.890\/2003, que institui o Conselho de Seguran\u00e7a Alimentar e Nutricional de Muria\u00e9.<\/p>\n<p style=\"text-align: justify;\">Autoria: Executivo municipal&nbsp;&nbsp;<\/p>\n<p style=\"text-align: justify;\"><b>Discuss\u00e3o, 1\u00aa, 2\u00aa e 3\u00aa vota\u00e7\u00e3o dos PL\u2019s:<\/b><\/p>\n<p style=\"text-align: justify;\">&#8211; PL 97: disp\u00f5e sobre diretrizes para elabora\u00e7\u00e3o da Lei Or\u00e7ament\u00e1ria de 2022.<\/p>\n<p style=\"text-align: justify;\">Autoria: Executivo Municipal<\/p>\n<p style=\"text-align: justify;\">&#8211; PL 131: autoriza o chefe do Executivo a efetivar abertura de cr\u00e9dito adicional suplementar de R$110 mil para a Secretaria Municipal de Desenvolvimento Social para equipamentos de abrigos de idosos.<\/p>\n<p style=\"text-align: justify;\">Autoria: Executivo Municipal<\/p>\n<p style=\"text-align: justify;\">&#8211; PL 132: autoriza o chefe do Executivo a efetivar abertura de cr\u00e9dito adicional suplementar de R$12 mil para manuten\u00e7\u00e3o do Almoxarifado da Secretaria Municipal de Obras.<\/p>\n<p style=\"text-align: justify;\">Autoria: Executivo Municipal<\/p>\n<p style=\"text-align: justify;\">&#8211; PL 133: autoriza o chefe do Executivo a efetivar abertura de cr\u00e9dito adicional suplementar de R$116.659,29 para a manuten\u00e7\u00e3o do Centro de Especialidades da Sa\u00fade.<\/p>\n<p style=\"text-align: justify;\">Autoria: Executivo municipal<\/p>\n<p style=\"text-align: justify;\">&nbsp;&#8211; PL 136: autoriza o chefe do Executivo a efetivar abertura de cr\u00e9dito adicional suplementar de R$623 mil para a Secretaria Municipal de Desenvolvimento Social, para manuten\u00e7\u00e3o de diversos projetos, equipamentos e a\u00e7\u00f5es da pasta.<\/p>\n<p style=\"text-align: justify;\">Autoria: Executivo municipal<\/p>\n<p style=\"text-align: justify;\">&nbsp;&#8211; PL 137: autoriza o chefe do Executivo a efetivar abertura de cr\u00e9dito adicional suplementar de R$820 mil para a Secretaria Municipal de Educa\u00e7\u00e3o, para pagamento de pessoal e encargos sociais.<\/p>\n<p style=\"text-align: justify;\">Autoria: Executivo municipal<\/p>\n<p style=\"text-align: justify;\">&nbsp;&#8211; PL 138: autoriza o chefe do Executivo a efetivar abertura de cr\u00e9dito adicional suplementar de R$300 mil para a Secretaria Municipal de Sa\u00fade, para servi\u00e7os de m\u00e9dia complexidade.<\/p>\n<p style=\"text-align: justify;\">Autoria: Executivo municipal<\/p>\n<p style=\"text-align: justify;\">&nbsp;&#8211; PL 140:&nbsp; d\u00e1 denomina\u00e7\u00e3o de espa\u00e7o p\u00fablico municipal Jos\u00e9 Alves de Souza.<\/p>\n<p style=\"text-align: justify;\">Autoria: vereador Afonso da Sa\u00fade (PTB)<\/p>\n<p style=\"text-align: justify;\">&nbsp;&#8211; PL 141: d\u00e1 denomina\u00e7\u00e3o de Rua Higor Silva Afonso.<\/p>\n<p style=\"text-align: justify;\">Autoria: vereador Ademar Camerino (MDB)<\/p>\n<p style=\"text-align: justify;\">&nbsp;&#8211; PL 142: d\u00e1 nova reda\u00e7\u00e3o ao art. 2\u00ba, da Lei Municipal 6.126\/2021.<\/p>\n<p style=\"text-align: justify;\">Autoria: Executivo municipal.<\/p>\n<p style=\"text-align: justify;\">&nbsp;&#8211; PL 143: autoriza o chefe do Executivo a efetivar abertura de cr\u00e9dito adicional suplementar de R$319.271,75 para a\u00e7\u00f5es de enfrentamento \u00e0 covid.<\/p>\n<p style=\"text-align: justify;\">Autoria: Executivo municipal<\/p>\n<p style=\"text-align: justify;\">&nbsp;&#8211; PL 144: autoriza o chefe do Executivo a efetivar abertura de cr\u00e9dito adicional de R$162 mil para a Secretaria Municipal de Administra\u00e7\u00e3o, para ajuda de alimenta\u00e7\u00e3o ao servidor p\u00fablico.<\/p>\n<p style=\"text-align: justify;\">Autoria: Executivo municipal<\/p>\n<p style=\"text-align: justify;\">&nbsp;&#8211; PL 145: autoriza o chefe do Executivo a efetivar abertura de cr\u00e9dito adicional suplementar de R$150 mil para manuten\u00e7\u00e3o das atividades administrativas do Cemit\u00e9rio Municipal.<\/p>\n<p style=\"text-align: justify;\">Autoria: Executivo municipal<\/p>\n<p style=\"text-align: justify;\">&nbsp;&#8211; PL 146: autoriza o chefe do Executivo a efetivar abertura de cr\u00e9dito adicional suplementar de R$200 mil para manuten\u00e7\u00e3o dos servi\u00e7os do Centro de Aten\u00e7\u00e3o Psicossocial (CAPS).<\/p>\n<p style=\"text-align: justify;\">Autoria: Executivo municipal.<\/p>\n<p style=\"text-align: justify;\">&nbsp;&#8211; PL 147: autoriza o chefe do Executivo a efetivar abertura de cr\u00e9dito adicional suplementar de R$90 mil para a\u00e7\u00f5es de enfrentamento \u00e0 covid.<\/p>\n<p style=\"text-align: justify;\">Autoria: Executivo municipal<\/p>\n<p style=\"text-align: justify;\">&nbsp;&#8211; PL 148: autoriza o chefe do Executivo a efetivar abertura de cr\u00e9dito adicional suplementar de R$163 mil para a\u00e7\u00f5es de enfrentamento \u00e0 covid.<\/p>\n<p style=\"text-align: justify;\">Autoria: Executivo municipal.<\/p>\n<p style=\"text-align: justify;\">&nbsp;&#8211; PL 149: autoriza o chefe do Executivo a efetivar abertura de cr\u00e9dito adicional suplementar de R$205 mil para a\u00e7\u00f5es de enfrentamento \u00e0 covid.<\/p>\n<p style=\"text-align: justify;\">Autoria: Executivo municipal.<\/p>\n<p style=\"text-align: justify;\"><b>Vota\u00e7\u00e3o de veto ao protocolo de n\u00ba 700 ao projeto 91\/2021:&nbsp;<\/b>que disciplina o aux\u00edlio tarif\u00e1rio ao transporte p\u00fablico coletivo.<\/p>\n","protected":false},"excerpt":{"rendered":"<p>A C\u00e2mara de Muria\u00e9 far\u00e1 uma sess\u00e3o extraordin\u00e1ria nesta quarta-feira, dia 30, \u00e0s 17h20min, para a discuss\u00e3o e vota\u00e7\u00e3o de diversos projetos de lei. Convocada pelo presidente da Casa, Afonso da Sa\u00fade (PTB), a sess\u00e3o vai deliberar exclusivamente sobre os projetos de lei relacionados abaixo. Em cumprimento \u00e0s medidas sanit\u00e1rias de preven\u00e7\u00e3o ao coronav\u00edrus, a [&hellip;]<\/p>\n","protected":false},"author":6,"featured_media":0,"comment_status":"open","ping_status":"closed","sticky":false,"template":"","format":"standard","meta":{"_joinchat":[],"footnotes":""},"categories":[1],"tags":[],"class_list":["post-75184","post","type-post","status-publish","format-standard","hentry","category-sem-categoria"],"_links":{"self":[{"href":"https:\/\/folhadosudeste.com\/site\/index.php?rest_route=\/wp\/v2\/posts\/75184","targetHints":{"allow":["GET"]}}],"collection":[{"href":"https:\/\/folhadosudeste.com\/site\/index.php?rest_route=\/wp\/v2\/posts"}],"about":[{"href":"https:\/\/folhadosudeste.com\/site\/index.php?rest_route=\/wp\/v2\/types\/post"}],"author":[{"embeddable":true,"href":"https:\/\/folhadosudeste.com\/site\/index.php?rest_route=\/wp\/v2\/users\/6"}],"replies":[{"embeddable":true,"href":"https:\/\/folhadosudeste.com\/site\/index.php?rest_route=%2Fwp%2Fv2%2Fcomments&post=75184"}],"version-history":[{"count":3,"href":"https:\/\/folhadosudeste.com\/site\/index.php?rest_route=\/wp\/v2\/posts\/75184\/revisions"}],"predecessor-version":[{"id":75188,"href":"https:\/\/folhadosudeste.com\/site\/index.php?rest_route=\/wp\/v2\/posts\/75184\/revisions\/75188"}],"wp:attachment":[{"href":"https:\/\/folhadosudeste.com\/site\/index.php?rest_route=%2Fwp%2Fv2%2Fmedia&parent=75184"}],"wp:term":[{"taxonomy":"category","embeddable":true,"href":"https:\/\/folhadosudeste.com\/site\/index.php?rest_route=%2Fwp%2Fv2%2Fcategories&post=75184"},{"taxonomy":"post_tag","embeddable":true,"href":"https:\/\/folhadosudeste.com\/site\/index.php?rest_route=%2Fwp%2Fv2%2Ftags&post=75184"}],"curies":[{"name":"wp","href":"https:\/\/api.w.org\/{rel}","templated":true}]}}