{"id":75216,"date":"2021-06-30T22:33:44","date_gmt":"2021-06-30T22:33:44","guid":{"rendered":"http:\/\/folhadosudeste.com\/site\/?p=75216"},"modified":"2021-06-30T22:33:44","modified_gmt":"2021-06-30T22:33:44","slug":"muriae-vai-liderar-agenda-de-desenvolvimento-em-minas-afirma-representante-do-governo-estadual","status":"publish","type":"post","link":"https:\/\/folhadosudeste.com\/site\/?p=75216","title":{"rendered":"\u201cMuria\u00e9 vai liderar agenda de desenvolvimento em Minas\u201d, afirma representante do governo estadual"},"content":{"rendered":"<p><a href=\"http:\/\/folhadosudeste.com\/site\/wp-content\/uploads\/2021\/06\/WhatsApp-Image-2021-06-30-at-09.02.34-1.jpeg\"><img loading=\"lazy\" decoding=\"async\" class=\"alignnone size-full wp-image-75223\" src=\"http:\/\/folhadosudeste.com\/site\/wp-content\/uploads\/2021\/06\/WhatsApp-Image-2021-06-30-at-09.02.34-1.jpeg\" alt=\"\" width=\"1280\" height=\"958\" srcset=\"https:\/\/folhadosudeste.com\/site\/wp-content\/uploads\/2021\/06\/WhatsApp-Image-2021-06-30-at-09.02.34-1.jpeg 1280w, https:\/\/folhadosudeste.com\/site\/wp-content\/uploads\/2021\/06\/WhatsApp-Image-2021-06-30-at-09.02.34-1-300x225.jpeg 300w, https:\/\/folhadosudeste.com\/site\/wp-content\/uploads\/2021\/06\/WhatsApp-Image-2021-06-30-at-09.02.34-1-768x575.jpeg 768w, https:\/\/folhadosudeste.com\/site\/wp-content\/uploads\/2021\/06\/WhatsApp-Image-2021-06-30-at-09.02.34-1-1024x766.jpeg 1024w\" sizes=\"auto, (max-width: 1280px) 100vw, 1280px\" \/><\/a><\/p>\n<p style=\"text-align: justify;\">A ades\u00e3o de Muria\u00e9 ao programa \u201cMinas Livre para Avan\u00e7ar\u201d, assinada no fim da tarde desta segunda-feira pelo prefeito Jos\u00e9 Braz e pelo vice-governador do estado, Paulo Brant, foi a mostra que o munic\u00edpio est\u00e1 comprometido em trabalhar pelo crescimento da economia e pela gera\u00e7\u00e3o de emprego e renda. Foi o que enxergou o subsecret\u00e1rio de Desenvolvimento Regional de Minas Gerais, Douglas Cabido.<\/p>\n<p style=\"text-align: justify;\">\u201cMuria\u00e9 passa agora a lidar com a quest\u00e3o do crescimento econ\u00f4mico de forma diferenciada, apoiando a livre iniciativa. Este momento \u00e9 hist\u00f3rico para o munic\u00edpio, pois a ades\u00e3o ao Minas Livre para Crescer proporciona uma Muria\u00e9 tamb\u00e9m livre para crescer. Estou certo de que a cidade continuar\u00e1 se tornar\u00e1 refer\u00eancia para Minas e para Brasil, liderando a agenda do desenvolvimento em todo o estado\u201d, disse.<\/p>\n<p style=\"text-align: justify;\">Em seguida, o vice-governador Paulo Brant fez seu pronunciamento e falou sobre os desafios que o governo estadual vem enfrentando na recupera\u00e7\u00e3o da economia no \u00e2mbito estadual. Segundo ele, no Brasil o lucro empresarial \u00e9 visto com desconfian\u00e7a por parte da popula\u00e7\u00e3o &#8211; o que precisa ser modificado.<\/p>\n<p><!--more--><\/p>\n<p style=\"text-align: justify;\">\u201cO lucro \u00e9 o oxig\u00eanio da economia. Empresa que lucra investe mais, contrata mais e emprega mais. S\u00f3 vamos conseguir equacionar os problemas com crescimento econ\u00f4mico. E para isso, \u00e9 preciso ter investimento\u201d, pontuou.<\/p>\n<p style=\"text-align: justify;\">A cerim\u00f4nia de ades\u00e3o de Muria\u00e9 ao \u201cMinas Livre para Crescer\u201d aconteceu no audit\u00f3rio do Senai, localizado na sede da Secretaria Municipal de Desenvolvimento Econ\u00f4mico. O encontro teve ainda a presen\u00e7a do vice-prefeito de Muria\u00e9, Marcos Guarino; do deputado estadual Braulio Braz; do presidente da C\u00e2mara Municipal, vereador Afonso da Sa\u00fade; e dos secret\u00e1rios municipais de Desenvolvimento Econ\u00f4mico e de Governo, C\u00e9zar Bianchi e Paulo S\u00e9rgio Amaral. Representantes de institui\u00e7\u00f5es como a C\u00e2mara de Dirigentes Lojistas, Senai, Sebrae, Pol\u00edcia Militar e Corpo de Bombeiros tamb\u00e9m acompanharam a assinatura.<\/p>\n<p style=\"text-align: justify;\">Honra ao M\u00e9rito &#8211; Fechando a agenda do dia, o vice-governador Paulo Brant tamb\u00e9m recebeu nesta segunda-feira o t\u00edtulo de Cidadania Honor\u00e1ria de Muria\u00e9, concedido pela C\u00e2mara Municipal e pelo prefeito Jos\u00e9 Braz. A cerim\u00f4nia especial aconteceu no Teatro Zaccaria Marques.<\/p>\n<p><a href=\"http:\/\/folhadosudeste.com\/site\/wp-content\/uploads\/2021\/06\/WhatsApp-Image-2021-06-30-at-09.02.32-1.jpeg\"><img loading=\"lazy\" decoding=\"async\" class=\"alignnone size-full wp-image-75217\" src=\"http:\/\/folhadosudeste.com\/site\/wp-content\/uploads\/2021\/06\/WhatsApp-Image-2021-06-30-at-09.02.32-1.jpeg\" alt=\"\" width=\"1280\" height=\"958\" srcset=\"https:\/\/folhadosudeste.com\/site\/wp-content\/uploads\/2021\/06\/WhatsApp-Image-2021-06-30-at-09.02.32-1.jpeg 1280w, https:\/\/folhadosudeste.com\/site\/wp-content\/uploads\/2021\/06\/WhatsApp-Image-2021-06-30-at-09.02.32-1-300x225.jpeg 300w, https:\/\/folhadosudeste.com\/site\/wp-content\/uploads\/2021\/06\/WhatsApp-Image-2021-06-30-at-09.02.32-1-768x575.jpeg 768w, https:\/\/folhadosudeste.com\/site\/wp-content\/uploads\/2021\/06\/WhatsApp-Image-2021-06-30-at-09.02.32-1-1024x766.jpeg 1024w\" sizes=\"auto, (max-width: 1280px) 100vw, 1280px\" \/><\/a><a href=\"http:\/\/folhadosudeste.com\/site\/wp-content\/uploads\/2021\/06\/WhatsApp-Image-2021-06-30-at-09.02.33.jpeg\"><img loading=\"lazy\" decoding=\"async\" class=\"alignnone size-full wp-image-75218\" src=\"http:\/\/folhadosudeste.com\/site\/wp-content\/uploads\/2021\/06\/WhatsApp-Image-2021-06-30-at-09.02.33.jpeg\" alt=\"\" width=\"1280\" height=\"958\" srcset=\"https:\/\/folhadosudeste.com\/site\/wp-content\/uploads\/2021\/06\/WhatsApp-Image-2021-06-30-at-09.02.33.jpeg 1280w, https:\/\/folhadosudeste.com\/site\/wp-content\/uploads\/2021\/06\/WhatsApp-Image-2021-06-30-at-09.02.33-300x225.jpeg 300w, https:\/\/folhadosudeste.com\/site\/wp-content\/uploads\/2021\/06\/WhatsApp-Image-2021-06-30-at-09.02.33-768x575.jpeg 768w, https:\/\/folhadosudeste.com\/site\/wp-content\/uploads\/2021\/06\/WhatsApp-Image-2021-06-30-at-09.02.33-1024x766.jpeg 1024w\" sizes=\"auto, (max-width: 1280px) 100vw, 1280px\" \/><\/a><a href=\"http:\/\/folhadosudeste.com\/site\/wp-content\/uploads\/2021\/06\/WhatsApp-Image-2021-06-30-at-09.02.33-1.jpeg\"><img loading=\"lazy\" decoding=\"async\" class=\"alignnone size-full wp-image-75219\" src=\"http:\/\/folhadosudeste.com\/site\/wp-content\/uploads\/2021\/06\/WhatsApp-Image-2021-06-30-at-09.02.33-1.jpeg\" alt=\"\" width=\"1280\" height=\"958\" srcset=\"https:\/\/folhadosudeste.com\/site\/wp-content\/uploads\/2021\/06\/WhatsApp-Image-2021-06-30-at-09.02.33-1.jpeg 1280w, https:\/\/folhadosudeste.com\/site\/wp-content\/uploads\/2021\/06\/WhatsApp-Image-2021-06-30-at-09.02.33-1-300x225.jpeg 300w, https:\/\/folhadosudeste.com\/site\/wp-content\/uploads\/2021\/06\/WhatsApp-Image-2021-06-30-at-09.02.33-1-768x575.jpeg 768w, https:\/\/folhadosudeste.com\/site\/wp-content\/uploads\/2021\/06\/WhatsApp-Image-2021-06-30-at-09.02.33-1-1024x766.jpeg 1024w\" sizes=\"auto, (max-width: 1280px) 100vw, 1280px\" \/><\/a><a href=\"http:\/\/folhadosudeste.com\/site\/wp-content\/uploads\/2021\/06\/WhatsApp-Image-2021-06-30-at-09.02.33-2.jpeg\"><img loading=\"lazy\" decoding=\"async\" class=\"alignnone size-full wp-image-75220\" src=\"http:\/\/folhadosudeste.com\/site\/wp-content\/uploads\/2021\/06\/WhatsApp-Image-2021-06-30-at-09.02.33-2.jpeg\" alt=\"\" width=\"1280\" height=\"958\" srcset=\"https:\/\/folhadosudeste.com\/site\/wp-content\/uploads\/2021\/06\/WhatsApp-Image-2021-06-30-at-09.02.33-2.jpeg 1280w, https:\/\/folhadosudeste.com\/site\/wp-content\/uploads\/2021\/06\/WhatsApp-Image-2021-06-30-at-09.02.33-2-300x225.jpeg 300w, https:\/\/folhadosudeste.com\/site\/wp-content\/uploads\/2021\/06\/WhatsApp-Image-2021-06-30-at-09.02.33-2-768x575.jpeg 768w, https:\/\/folhadosudeste.com\/site\/wp-content\/uploads\/2021\/06\/WhatsApp-Image-2021-06-30-at-09.02.33-2-1024x766.jpeg 1024w\" sizes=\"auto, (max-width: 1280px) 100vw, 1280px\" \/><\/a><a href=\"http:\/\/folhadosudeste.com\/site\/wp-content\/uploads\/2021\/06\/WhatsApp-Image-2021-06-30-at-09.02.33-3.jpeg\"><img loading=\"lazy\" decoding=\"async\" class=\"alignnone size-full wp-image-75221\" src=\"http:\/\/folhadosudeste.com\/site\/wp-content\/uploads\/2021\/06\/WhatsApp-Image-2021-06-30-at-09.02.33-3.jpeg\" alt=\"\" width=\"1280\" height=\"958\" srcset=\"https:\/\/folhadosudeste.com\/site\/wp-content\/uploads\/2021\/06\/WhatsApp-Image-2021-06-30-at-09.02.33-3.jpeg 1280w, https:\/\/folhadosudeste.com\/site\/wp-content\/uploads\/2021\/06\/WhatsApp-Image-2021-06-30-at-09.02.33-3-300x225.jpeg 300w, https:\/\/folhadosudeste.com\/site\/wp-content\/uploads\/2021\/06\/WhatsApp-Image-2021-06-30-at-09.02.33-3-768x575.jpeg 768w, https:\/\/folhadosudeste.com\/site\/wp-content\/uploads\/2021\/06\/WhatsApp-Image-2021-06-30-at-09.02.33-3-1024x766.jpeg 1024w\" sizes=\"auto, (max-width: 1280px) 100vw, 1280px\" \/><\/a><a href=\"http:\/\/folhadosudeste.com\/site\/wp-content\/uploads\/2021\/06\/WhatsApp-Image-2021-06-30-at-09.02.34.jpeg\"><img loading=\"lazy\" decoding=\"async\" class=\"alignnone size-full wp-image-75222\" src=\"http:\/\/folhadosudeste.com\/site\/wp-content\/uploads\/2021\/06\/WhatsApp-Image-2021-06-30-at-09.02.34.jpeg\" alt=\"\" width=\"1280\" height=\"958\" srcset=\"https:\/\/folhadosudeste.com\/site\/wp-content\/uploads\/2021\/06\/WhatsApp-Image-2021-06-30-at-09.02.34.jpeg 1280w, https:\/\/folhadosudeste.com\/site\/wp-content\/uploads\/2021\/06\/WhatsApp-Image-2021-06-30-at-09.02.34-300x225.jpeg 300w, https:\/\/folhadosudeste.com\/site\/wp-content\/uploads\/2021\/06\/WhatsApp-Image-2021-06-30-at-09.02.34-768x575.jpeg 768w, https:\/\/folhadosudeste.com\/site\/wp-content\/uploads\/2021\/06\/WhatsApp-Image-2021-06-30-at-09.02.34-1024x766.jpeg 1024w\" sizes=\"auto, (max-width: 1280px) 100vw, 1280px\" \/><\/a><a href=\"http:\/\/folhadosudeste.com\/site\/wp-content\/uploads\/2021\/06\/WhatsApp-Image-2021-06-30-at-09.02.32-3.jpeg\"><img loading=\"lazy\" decoding=\"async\" class=\"alignnone size-full wp-image-75224\" src=\"http:\/\/folhadosudeste.com\/site\/wp-content\/uploads\/2021\/06\/WhatsApp-Image-2021-06-30-at-09.02.32-3.jpeg\" alt=\"\" width=\"1280\" height=\"960\" srcset=\"https:\/\/folhadosudeste.com\/site\/wp-content\/uploads\/2021\/06\/WhatsApp-Image-2021-06-30-at-09.02.32-3.jpeg 1280w, https:\/\/folhadosudeste.com\/site\/wp-content\/uploads\/2021\/06\/WhatsApp-Image-2021-06-30-at-09.02.32-3-300x225.jpeg 300w, https:\/\/folhadosudeste.com\/site\/wp-content\/uploads\/2021\/06\/WhatsApp-Image-2021-06-30-at-09.02.32-3-768x576.jpeg 768w, https:\/\/folhadosudeste.com\/site\/wp-content\/uploads\/2021\/06\/WhatsApp-Image-2021-06-30-at-09.02.32-3-1024x768.jpeg 1024w\" sizes=\"auto, (max-width: 1280px) 100vw, 1280px\" \/><\/a><\/p>\n","protected":false},"excerpt":{"rendered":"<p>A ades\u00e3o de Muria\u00e9 ao programa \u201cMinas Livre para Avan\u00e7ar\u201d, assinada no fim da tarde desta segunda-feira pelo prefeito Jos\u00e9 Braz e pelo vice-governador do estado, Paulo Brant, foi a mostra que o munic\u00edpio est\u00e1 comprometido em trabalhar pelo crescimento da economia e pela gera\u00e7\u00e3o de emprego e renda. Foi o que enxergou o subsecret\u00e1rio [&hellip;]<\/p>\n","protected":false},"author":6,"featured_media":0,"comment_status":"open","ping_status":"closed","sticky":false,"template":"","format":"standard","meta":{"_joinchat":[],"footnotes":""},"categories":[1],"tags":[],"class_list":["post-75216","post","type-post","status-publish","format-standard","hentry","category-sem-categoria"],"_links":{"self":[{"href":"https:\/\/folhadosudeste.com\/site\/index.php?rest_route=\/wp\/v2\/posts\/75216","targetHints":{"allow":["GET"]}}],"collection":[{"href":"https:\/\/folhadosudeste.com\/site\/index.php?rest_route=\/wp\/v2\/posts"}],"about":[{"href":"https:\/\/folhadosudeste.com\/site\/index.php?rest_route=\/wp\/v2\/types\/post"}],"author":[{"embeddable":true,"href":"https:\/\/folhadosudeste.com\/site\/index.php?rest_route=\/wp\/v2\/users\/6"}],"replies":[{"embeddable":true,"href":"https:\/\/folhadosudeste.com\/site\/index.php?rest_route=%2Fwp%2Fv2%2Fcomments&post=75216"}],"version-history":[{"count":1,"href":"https:\/\/folhadosudeste.com\/site\/index.php?rest_route=\/wp\/v2\/posts\/75216\/revisions"}],"predecessor-version":[{"id":75225,"href":"https:\/\/folhadosudeste.com\/site\/index.php?rest_route=\/wp\/v2\/posts\/75216\/revisions\/75225"}],"wp:attachment":[{"href":"https:\/\/folhadosudeste.com\/site\/index.php?rest_route=%2Fwp%2Fv2%2Fmedia&parent=75216"}],"wp:term":[{"taxonomy":"category","embeddable":true,"href":"https:\/\/folhadosudeste.com\/site\/index.php?rest_route=%2Fwp%2Fv2%2Fcategories&post=75216"},{"taxonomy":"post_tag","embeddable":true,"href":"https:\/\/folhadosudeste.com\/site\/index.php?rest_route=%2Fwp%2Fv2%2Ftags&post=75216"}],"curies":[{"name":"wp","href":"https:\/\/api.w.org\/{rel}","templated":true}]}}