{"id":75272,"date":"2021-07-01T14:14:31","date_gmt":"2021-07-01T14:14:31","guid":{"rendered":"http:\/\/folhadosudeste.com\/site\/?p=75272"},"modified":"2021-07-01T14:17:25","modified_gmt":"2021-07-01T14:17:25","slug":"prefeitura-inaugura-novo-cras-em-muriae","status":"publish","type":"post","link":"https:\/\/folhadosudeste.com\/site\/?p=75272","title":{"rendered":"Prefeitura inaugura novo CRAS em Muria\u00e9"},"content":{"rendered":"<div><a href=\"http:\/\/folhadosudeste.com\/site\/wp-content\/uploads\/2021\/07\/02-1.jpeg\"><img loading=\"lazy\" decoding=\"async\" class=\"alignnone size-full wp-image-75273\" src=\"http:\/\/folhadosudeste.com\/site\/wp-content\/uploads\/2021\/07\/02-1.jpeg\" alt=\"\" width=\"1280\" height=\"849\" srcset=\"https:\/\/folhadosudeste.com\/site\/wp-content\/uploads\/2021\/07\/02-1.jpeg 1280w, https:\/\/folhadosudeste.com\/site\/wp-content\/uploads\/2021\/07\/02-1-300x199.jpeg 300w, https:\/\/folhadosudeste.com\/site\/wp-content\/uploads\/2021\/07\/02-1-768x509.jpeg 768w, https:\/\/folhadosudeste.com\/site\/wp-content\/uploads\/2021\/07\/02-1-1024x679.jpeg 1024w, https:\/\/folhadosudeste.com\/site\/wp-content\/uploads\/2021\/07\/02-1-120x80.jpeg 120w, https:\/\/folhadosudeste.com\/site\/wp-content\/uploads\/2021\/07\/02-1-345x230.jpeg 345w, https:\/\/folhadosudeste.com\/site\/wp-content\/uploads\/2021\/07\/02-1-590x390.jpeg 590w\" sizes=\"auto, (max-width: 1280px) 100vw, 1280px\" \/><\/a><\/div>\n<div style=\"text-align: justify;\">A luta pela redu\u00e7\u00e3o da vulnerabilidade social em Muria\u00e9 ganhou novo refor\u00e7o nesta segunda-feira (30), com a abertura do do novo Centro de Refer\u00eancia de Assist\u00eancia Social (CRAS) do munic\u00edpio.<\/div>\n<div style=\"text-align: justify;\">&nbsp;<\/div>\n<div style=\"text-align: justify;\">A nova unidade, localizada no antigo Centro Dom Delfim, na Barra (pr\u00f3ximo \u00e0 UPA) foi inaugurada nesta manh\u00e3 pelo prefeito Jos\u00e9 Braz e pela secret\u00e1ria municipal de Desenvolvimento Social, Eveline Amaral. O vice-prefeito Marcos Guarino, o deputado estadual Braulio Braz e demais integrantes da equipe de governo do munic\u00edpio tamb\u00e9m estiveram presentes.<\/div>\n<div style=\"text-align: justify;\">&nbsp;<\/div>\n<div style=\"text-align: justify;\">O CRAS da Barra \u00e9 o quinto Centro de Refer\u00eancia de Assist\u00eancia Social de Muria\u00e9. Al\u00e9m dele, existem unidades tamb\u00e9m nos bairros Aeroporto, Santa Terezinha e S\u00e3o Joaquim e ainda no distrito do Vermelho.<\/div>\n<div>&nbsp;<\/div>\n<p><!--more--><\/p>\n<div style=\"text-align: justify;\">&nbsp;<\/div>\n<div style=\"text-align: justify;\">O local foi reformado com recursos pr\u00f3prios do munic\u00edpio. J\u00e1 os m\u00f3veis foram alocados de outras reparti\u00e7\u00f5es da Prefeitura onde estavam sem uso, reduzindo assim os custos para cria\u00e7\u00e3o do novo espa\u00e7o de atendimento \u00e0 popula\u00e3o.<\/div>\n<div style=\"text-align: justify;\">&nbsp;<\/div>\n<div style=\"text-align: justify;\">Os CRAS s\u00e3o para a assist\u00eancia social o que as UBSs representam para a sa\u00fade \u2013 ou seja, s\u00e3o institui\u00e7\u00f5es respons\u00e1veis pela prote\u00e7\u00e3o b\u00e1sica da popula\u00e7\u00e3o, de acordo com as diretrizes do Sistema \u00danico de Assist\u00eancia Social (SUAS).<\/div>\n<div style=\"text-align: justify;\">&nbsp;<\/div>\n<div style=\"text-align: justify;\"><strong>Homenagens \u2013<\/strong>&nbsp;Durante a inaugura\u00e7\u00e3o, o prefeito Jos\u00e9 Braz e a secret\u00e1ria Eveline Amaral entregaram \u00e0 empres\u00e1ria Luzia Santos trof\u00e9u de honra ao m\u00e9rito, em agradecimento \u00e0 doa\u00e7\u00e3o de uma m\u00e1quina de impress\u00e3o off-set e de uma gravadora de chapas para a Secretaria de Desenvolvimento Social.<\/div>\n<div style=\"text-align: justify;\">&nbsp;<\/div>\n<div style=\"text-align: justify;\">O equipamento doado por ela, que \u00e9 propriet\u00e1ria da Editora Gr\u00e1fica Muria\u00e9, permitir\u00e1 a oferta de cursos em Opera\u00e7\u00e3o Gr\u00e1fica para pessoas em busca de capacita\u00e7\u00e3o profissional.<\/div>\n<div style=\"text-align: justify;\">&nbsp;<\/div>\n<div style=\"text-align: justify;\">Outra homenagem foi \u00e0 senhora Bernardete Carneiro, que teve seu nome escolhido para batizar a sala de Prote\u00e7\u00e3o de Atendimento Interno \u00e0 Fam\u00edlia (PAIF), no novo CRAS.<\/div>\n<div style=\"text-align: justify;\">&nbsp;<\/div>\n<div style=\"text-align: justify;\">Bernardete foi figura marcante na hist\u00f3ria de Muria\u00e9, tendo sido a primeira mulher eleita vereadora no munic\u00edpio. Ela tamb\u00e9m foi criadora da primeira escola gratuita a oferecer o antigo gin\u00e1sio (correspondente aos anos finais do Ensino Fundamental) e atuou como secret\u00e1ria do projeto Pr\u00f3-Moradia, que deu origem ao bairro Padre Tiago.<\/div>\n<div><a href=\"http:\/\/folhadosudeste.com\/site\/wp-content\/uploads\/2021\/07\/01-1.jpeg\"><img loading=\"lazy\" decoding=\"async\" class=\"alignnone size-full wp-image-75274\" src=\"http:\/\/folhadosudeste.com\/site\/wp-content\/uploads\/2021\/07\/01-1.jpeg\" alt=\"\" width=\"1280\" height=\"849\" srcset=\"https:\/\/folhadosudeste.com\/site\/wp-content\/uploads\/2021\/07\/01-1.jpeg 1280w, https:\/\/folhadosudeste.com\/site\/wp-content\/uploads\/2021\/07\/01-1-300x199.jpeg 300w, https:\/\/folhadosudeste.com\/site\/wp-content\/uploads\/2021\/07\/01-1-768x509.jpeg 768w, https:\/\/folhadosudeste.com\/site\/wp-content\/uploads\/2021\/07\/01-1-1024x679.jpeg 1024w, https:\/\/folhadosudeste.com\/site\/wp-content\/uploads\/2021\/07\/01-1-120x80.jpeg 120w, https:\/\/folhadosudeste.com\/site\/wp-content\/uploads\/2021\/07\/01-1-345x230.jpeg 345w, https:\/\/folhadosudeste.com\/site\/wp-content\/uploads\/2021\/07\/01-1-590x390.jpeg 590w\" sizes=\"auto, (max-width: 1280px) 100vw, 1280px\" \/><\/a><a href=\"http:\/\/folhadosudeste.com\/site\/wp-content\/uploads\/2021\/07\/03-1.jpeg\"><img loading=\"lazy\" decoding=\"async\" class=\"alignnone size-full wp-image-75275\" src=\"http:\/\/folhadosudeste.com\/site\/wp-content\/uploads\/2021\/07\/03-1.jpeg\" alt=\"\" width=\"1280\" height=\"849\" srcset=\"https:\/\/folhadosudeste.com\/site\/wp-content\/uploads\/2021\/07\/03-1.jpeg 1280w, https:\/\/folhadosudeste.com\/site\/wp-content\/uploads\/2021\/07\/03-1-300x199.jpeg 300w, https:\/\/folhadosudeste.com\/site\/wp-content\/uploads\/2021\/07\/03-1-768x509.jpeg 768w, https:\/\/folhadosudeste.com\/site\/wp-content\/uploads\/2021\/07\/03-1-1024x679.jpeg 1024w, https:\/\/folhadosudeste.com\/site\/wp-content\/uploads\/2021\/07\/03-1-120x80.jpeg 120w, https:\/\/folhadosudeste.com\/site\/wp-content\/uploads\/2021\/07\/03-1-345x230.jpeg 345w, https:\/\/folhadosudeste.com\/site\/wp-content\/uploads\/2021\/07\/03-1-590x390.jpeg 590w\" sizes=\"auto, (max-width: 1280px) 100vw, 1280px\" \/><\/a><\/div>\n","protected":false},"excerpt":{"rendered":"<p>A luta pela redu\u00e7\u00e3o da vulnerabilidade social em Muria\u00e9 ganhou novo refor\u00e7o nesta segunda-feira (30), com a abertura do do novo Centro de Refer\u00eancia de Assist\u00eancia Social (CRAS) do munic\u00edpio. &nbsp; A nova unidade, localizada no antigo Centro Dom Delfim, na Barra (pr\u00f3ximo \u00e0 UPA) foi inaugurada nesta manh\u00e3 pelo prefeito Jos\u00e9 Braz e pela [&hellip;]<\/p>\n","protected":false},"author":6,"featured_media":0,"comment_status":"open","ping_status":"closed","sticky":false,"template":"","format":"standard","meta":{"_joinchat":[],"footnotes":""},"categories":[1],"tags":[],"class_list":["post-75272","post","type-post","status-publish","format-standard","hentry","category-sem-categoria"],"_links":{"self":[{"href":"https:\/\/folhadosudeste.com\/site\/index.php?rest_route=\/wp\/v2\/posts\/75272","targetHints":{"allow":["GET"]}}],"collection":[{"href":"https:\/\/folhadosudeste.com\/site\/index.php?rest_route=\/wp\/v2\/posts"}],"about":[{"href":"https:\/\/folhadosudeste.com\/site\/index.php?rest_route=\/wp\/v2\/types\/post"}],"author":[{"embeddable":true,"href":"https:\/\/folhadosudeste.com\/site\/index.php?rest_route=\/wp\/v2\/users\/6"}],"replies":[{"embeddable":true,"href":"https:\/\/folhadosudeste.com\/site\/index.php?rest_route=%2Fwp%2Fv2%2Fcomments&post=75272"}],"version-history":[{"count":3,"href":"https:\/\/folhadosudeste.com\/site\/index.php?rest_route=\/wp\/v2\/posts\/75272\/revisions"}],"predecessor-version":[{"id":75278,"href":"https:\/\/folhadosudeste.com\/site\/index.php?rest_route=\/wp\/v2\/posts\/75272\/revisions\/75278"}],"wp:attachment":[{"href":"https:\/\/folhadosudeste.com\/site\/index.php?rest_route=%2Fwp%2Fv2%2Fmedia&parent=75272"}],"wp:term":[{"taxonomy":"category","embeddable":true,"href":"https:\/\/folhadosudeste.com\/site\/index.php?rest_route=%2Fwp%2Fv2%2Fcategories&post=75272"},{"taxonomy":"post_tag","embeddable":true,"href":"https:\/\/folhadosudeste.com\/site\/index.php?rest_route=%2Fwp%2Fv2%2Ftags&post=75272"}],"curies":[{"name":"wp","href":"https:\/\/api.w.org\/{rel}","templated":true}]}}