{"id":75319,"date":"2021-07-01T14:35:29","date_gmt":"2021-07-01T14:35:29","guid":{"rendered":"http:\/\/folhadosudeste.com\/site\/?p=75319"},"modified":"2021-07-01T14:35:29","modified_gmt":"2021-07-01T14:35:29","slug":"cumprindo-o-regimento-interno-camara-de-muriae-entra-em-recesso-parlamentar","status":"publish","type":"post","link":"https:\/\/folhadosudeste.com\/site\/?p=75319","title":{"rendered":"Cumprindo o Regimento Interno, C\u00e2mara de Muria\u00e9 entra em recesso parlamentar"},"content":{"rendered":"<p><a href=\"http:\/\/folhadosudeste.com\/site\/wp-content\/uploads\/2021\/06\/01-1.jpg\"><img loading=\"lazy\" decoding=\"async\" class=\"alignnone size-full wp-image-75185\" src=\"http:\/\/folhadosudeste.com\/site\/wp-content\/uploads\/2021\/06\/01-1.jpg\" alt=\"\" width=\"1500\" height=\"902\" srcset=\"https:\/\/folhadosudeste.com\/site\/wp-content\/uploads\/2021\/06\/01-1.jpg 1500w, https:\/\/folhadosudeste.com\/site\/wp-content\/uploads\/2021\/06\/01-1-300x180.jpg 300w, https:\/\/folhadosudeste.com\/site\/wp-content\/uploads\/2021\/06\/01-1-768x462.jpg 768w, https:\/\/folhadosudeste.com\/site\/wp-content\/uploads\/2021\/06\/01-1-1024x616.jpg 1024w\" sizes=\"auto, (max-width: 1500px) 100vw, 1500px\" \/><\/a><\/p>\n<p style=\"font-weight: 400; text-align: justify;\"><em>Durante este per\u00edodo, setores administrativo e gabinetes funcionar\u00e3o normalmente<\/em><\/p>\n<p style=\"font-weight: 400; text-align: justify;\">Cumprindo seu Regimento Interno, a C\u00e2mara de Muria\u00e9 entra em recesso parlamentar nesta quinta-feira, dia 1\u00ba, at\u00e9 o dia 31 deste m\u00eas. Com isso, neste per\u00edodo, n\u00e3o s\u00e3o realizadas sess\u00f5es ordin\u00e1rias. No entanto, os servi\u00e7os administrativos da Casa Legislativa continuam normalmente, assim como o expediente nos gabinetes parlamentares.<\/p>\n<p style=\"font-weight: 400; text-align: justify;\">Al\u00e9m disso, pode haver sess\u00f5es extraordin\u00e1rias. Caso aconte\u00e7am, as mesmas ser\u00e3o divulgadas previamente.&nbsp;<\/p>\n<p style=\"font-weight: 400; text-align: justify;\">A pr\u00f3xima sess\u00e3o ordin\u00e1ria acontece na primeira ter\u00e7a-feira do m\u00eas de agosto.<\/p>\n","protected":false},"excerpt":{"rendered":"<p>Durante este per\u00edodo, setores administrativo e gabinetes funcionar\u00e3o normalmente Cumprindo seu Regimento Interno, a C\u00e2mara de Muria\u00e9 entra em recesso parlamentar nesta quinta-feira, dia 1\u00ba, at\u00e9 o dia 31 deste m\u00eas. Com isso, neste per\u00edodo, n\u00e3o s\u00e3o realizadas sess\u00f5es ordin\u00e1rias. No entanto, os servi\u00e7os administrativos da Casa Legislativa continuam normalmente, assim como o expediente nos [&hellip;]<\/p>\n","protected":false},"author":6,"featured_media":0,"comment_status":"open","ping_status":"closed","sticky":false,"template":"","format":"standard","meta":{"_joinchat":[],"footnotes":""},"categories":[1],"tags":[],"class_list":["post-75319","post","type-post","status-publish","format-standard","hentry","category-sem-categoria"],"_links":{"self":[{"href":"https:\/\/folhadosudeste.com\/site\/index.php?rest_route=\/wp\/v2\/posts\/75319","targetHints":{"allow":["GET"]}}],"collection":[{"href":"https:\/\/folhadosudeste.com\/site\/index.php?rest_route=\/wp\/v2\/posts"}],"about":[{"href":"https:\/\/folhadosudeste.com\/site\/index.php?rest_route=\/wp\/v2\/types\/post"}],"author":[{"embeddable":true,"href":"https:\/\/folhadosudeste.com\/site\/index.php?rest_route=\/wp\/v2\/users\/6"}],"replies":[{"embeddable":true,"href":"https:\/\/folhadosudeste.com\/site\/index.php?rest_route=%2Fwp%2Fv2%2Fcomments&post=75319"}],"version-history":[{"count":1,"href":"https:\/\/folhadosudeste.com\/site\/index.php?rest_route=\/wp\/v2\/posts\/75319\/revisions"}],"predecessor-version":[{"id":75320,"href":"https:\/\/folhadosudeste.com\/site\/index.php?rest_route=\/wp\/v2\/posts\/75319\/revisions\/75320"}],"wp:attachment":[{"href":"https:\/\/folhadosudeste.com\/site\/index.php?rest_route=%2Fwp%2Fv2%2Fmedia&parent=75319"}],"wp:term":[{"taxonomy":"category","embeddable":true,"href":"https:\/\/folhadosudeste.com\/site\/index.php?rest_route=%2Fwp%2Fv2%2Fcategories&post=75319"},{"taxonomy":"post_tag","embeddable":true,"href":"https:\/\/folhadosudeste.com\/site\/index.php?rest_route=%2Fwp%2Fv2%2Ftags&post=75319"}],"curies":[{"name":"wp","href":"https:\/\/api.w.org\/{rel}","templated":true}]}}