{"id":75321,"date":"2021-07-01T14:43:16","date_gmt":"2021-07-01T14:43:16","guid":{"rendered":"http:\/\/folhadosudeste.com\/site\/?p=75321"},"modified":"2021-07-01T14:43:16","modified_gmt":"2021-07-01T14:43:16","slug":"fruticultura-e-exaltada-como-novo-segmento-economico-para-produtores","status":"publish","type":"post","link":"https:\/\/folhadosudeste.com\/site\/?p=75321","title":{"rendered":"Fruticultura \u00e9 exaltada como novo segmento econ\u00f4mico para produtores"},"content":{"rendered":"<p align=\"justify\"><a href=\"http:\/\/folhadosudeste.com\/site\/wp-content\/uploads\/2021\/07\/Amaury-Guar\u00e7oni.jpg\"><img loading=\"lazy\" decoding=\"async\" class=\"alignnone size-full wp-image-75322\" src=\"http:\/\/folhadosudeste.com\/site\/wp-content\/uploads\/2021\/07\/Amaury-Guar\u00e7oni.jpg\" alt=\"\" width=\"800\" height=\"600\" srcset=\"https:\/\/folhadosudeste.com\/site\/wp-content\/uploads\/2021\/07\/Amaury-Guar\u00e7oni.jpg 800w, https:\/\/folhadosudeste.com\/site\/wp-content\/uploads\/2021\/07\/Amaury-Guar\u00e7oni-300x225.jpg 300w, https:\/\/folhadosudeste.com\/site\/wp-content\/uploads\/2021\/07\/Amaury-Guar\u00e7oni-768x576.jpg 768w\" sizes=\"auto, (max-width: 800px) 100vw, 800px\" \/><\/a><\/p>\n<p style=\"text-align: justify;\" align=\"justify\">A live do Dia de Campo da Fruticultura ressaltou as esp\u00e9cies mais cultivadas na regi\u00e3o para que as mesmas sejam uma nova fonte econ\u00f4mica para o agricultor. O evento que reuniu a Associa\u00e7\u00e3o do Produtor Rural de S\u00e3o Sebasti\u00e3o da Vargem Alegre, Emater e Administra\u00e7\u00e3o Municipal ficar\u00e1 dispon\u00edvel no Facebook da Prefeitura de Muria\u00e9 para que todos possam assistir. Pessoas que queiram saber mais sobre uma das culturas de frutas podem tirar as d\u00favidas, deixando um coment\u00e1rio abaixo do v\u00eddeo, que todas elas ser\u00e3o respondidas.<\/p>\n<p style=\"text-align: justify;\" align=\"justify\">O primeiro assunto tratado foi a \u2018Import\u00e2ncia&nbsp;do&nbsp;Associativismo\u2019&nbsp;com experi\u00eanciais&nbsp;apresentadas&nbsp;pelo&nbsp;secret\u00e1rio de Agricultura de S\u00e3o Sebasti\u00e3o da Vargem Alegre, Eduardo&nbsp;Almeida.&nbsp;De acordo com&nbsp;ele, uma associa\u00e7\u00e3o alavanca grandes&nbsp;projetos na regi\u00e3o. \u201cAs pessoas t\u00eam um objetivo, sabem onde querem chegar, por\u00e9m sozinhas ficam sem muitas expectativas.&nbsp;Quando&nbsp;se ligam a um&nbsp;grupo j\u00e1 em desenvolvimento, a atividade ganha andamento\u201d, lembrou&nbsp;o palestrante, convidando&nbsp;agricultores da regi\u00e3o a cultivar a uva.<\/p>\n<p align=\"justify\"><!--more--><\/p>\n<p style=\"text-align: justify;\" align=\"justify\">A segunda apresenta\u00e7\u00e3o foi do&nbsp;presidente da&nbsp;Associa\u00e7\u00e3o&nbsp;de Produtores de Muria\u00e9 e Regi\u00e3o, Amaury&nbsp;Guar\u00e7oni,&nbsp;que&nbsp;exaltou&nbsp;a&nbsp;\u2018Cultura da Uva\u2019.&nbsp;Segundo&nbsp;ele, seja numa \u00e1rea de&nbsp;altitudes elevadas&nbsp;ou&nbsp;baixas, \u00e9 poss\u00edvel realizar grandes&nbsp;parreiras&nbsp;de uva. \u201cTrabalhamos inicialmente com esta fruta saud\u00e1vel, bem resistente ao sol, por termos o intuito de produzir poupas para&nbsp;o com\u00e9rcio local e at\u00e9 mesmo, quem sabe, criarmos uma vin\u00edcula&nbsp;e produzirmos vinho para saborear ou comercializar\u201d, disse satisfeito com os resultados colhidos&nbsp;no munic\u00edpio.<\/p>\n<p style=\"text-align: justify;\" align=\"justify\">Logo em seguida, cada um com sua devida cultura, falaram os especialistas e t\u00e9cnicos em fruticultura da Emater \u2013 MG, Rob\u00e9rio Torres e Adenilson Mendes. O primeiro, engenheiro agr\u00f4nomo, dissertou sobre a \u2018Cultura da Banana\u2019 \u2013 uma fruta da qual n\u00e3o se perde nada, tudo \u00e9 utlizado. \u201c\u00c9&nbsp;a segunda&nbsp;esp\u00e9cie&nbsp;mais consumida do planeta. Uma \u00f3tima op\u00e7\u00e3o para ser cultivada na regi\u00e3o, tendo os devidos cuidados com a planta\u00e7\u00e3o, pois para cultivares&nbsp;da&nbsp;banana \u00e9 preciso obter mudas de laborat\u00f3rio, para que n\u00e3o&nbsp;tragam&nbsp;doen\u00e7as de outros solos&nbsp;e sejam mais&nbsp;resistentes a pragas\u201d, disse ele.<\/p>\n<p style=\"text-align: justify;\" align=\"justify\">A&nbsp;quarta&nbsp;e \u00faltima&nbsp;apresenta\u00e7\u00e3o&nbsp;foi realizada pelo&nbsp;extensionista&nbsp;da&nbsp;Emater, Adenilson&nbsp;Mendes,&nbsp;que incentivou&nbsp;o agroneg\u00f3cio por meio da&nbsp;\u2018Cultura do&nbsp;Abacate\u2019. \u201cImportamos&nbsp;a fruta&nbsp;do Chile, por\u00e9m temos um tipo de solo&nbsp;perfeitamente&nbsp;adaptado a planta\u00e7\u00e3o dela&nbsp;e&nbsp;em condi\u00e7\u00f5es para&nbsp;desenvolver&nbsp;boas&nbsp;colheitas. Ela&nbsp;\u00e9 nutricional e economicamente produtiva. \u00c9 resistente tanto na \u00e1rvore \u2013&nbsp;onde \u00e9 produzida, quanto depois de colhida&nbsp;e suporta bem o transporte por longos trechos. Vale a pena cultivar&nbsp;como uma forma de diversificar&nbsp;a economia do munic\u00edpio e&nbsp;de&nbsp;localidades vizinhas\u201d, concluiu.<\/p>\n<p align=\"justify\"><a href=\"http:\/\/folhadosudeste.com\/site\/wp-content\/uploads\/2021\/07\/Adenilson.jpg\"><img loading=\"lazy\" decoding=\"async\" class=\"alignnone size-full wp-image-75323\" src=\"http:\/\/folhadosudeste.com\/site\/wp-content\/uploads\/2021\/07\/Adenilson.jpg\" alt=\"\" width=\"800\" height=\"600\" srcset=\"https:\/\/folhadosudeste.com\/site\/wp-content\/uploads\/2021\/07\/Adenilson.jpg 800w, https:\/\/folhadosudeste.com\/site\/wp-content\/uploads\/2021\/07\/Adenilson-300x225.jpg 300w, https:\/\/folhadosudeste.com\/site\/wp-content\/uploads\/2021\/07\/Adenilson-768x576.jpg 768w\" sizes=\"auto, (max-width: 800px) 100vw, 800px\" \/><\/a> <a href=\"http:\/\/folhadosudeste.com\/site\/wp-content\/uploads\/2021\/07\/Roberio.jpg\"><img loading=\"lazy\" decoding=\"async\" class=\"alignnone size-full wp-image-75324\" src=\"http:\/\/folhadosudeste.com\/site\/wp-content\/uploads\/2021\/07\/Roberio.jpg\" alt=\"\" width=\"800\" height=\"600\" srcset=\"https:\/\/folhadosudeste.com\/site\/wp-content\/uploads\/2021\/07\/Roberio.jpg 800w, https:\/\/folhadosudeste.com\/site\/wp-content\/uploads\/2021\/07\/Roberio-300x225.jpg 300w, https:\/\/folhadosudeste.com\/site\/wp-content\/uploads\/2021\/07\/Roberio-768x576.jpg 768w\" sizes=\"auto, (max-width: 800px) 100vw, 800px\" \/><\/a> <a href=\"http:\/\/folhadosudeste.com\/site\/wp-content\/uploads\/2021\/07\/EDuardo-Almeida.jpg\"><img loading=\"lazy\" decoding=\"async\" class=\"alignnone size-full wp-image-75325\" src=\"http:\/\/folhadosudeste.com\/site\/wp-content\/uploads\/2021\/07\/EDuardo-Almeida.jpg\" alt=\"\" width=\"800\" height=\"600\" srcset=\"https:\/\/folhadosudeste.com\/site\/wp-content\/uploads\/2021\/07\/EDuardo-Almeida.jpg 800w, https:\/\/folhadosudeste.com\/site\/wp-content\/uploads\/2021\/07\/EDuardo-Almeida-300x225.jpg 300w, https:\/\/folhadosudeste.com\/site\/wp-content\/uploads\/2021\/07\/EDuardo-Almeida-768x576.jpg 768w\" sizes=\"auto, (max-width: 800px) 100vw, 800px\" \/><\/a><\/p>\n","protected":false},"excerpt":{"rendered":"<p>A live do Dia de Campo da Fruticultura ressaltou as esp\u00e9cies mais cultivadas na regi\u00e3o para que as mesmas sejam uma nova fonte econ\u00f4mica para o agricultor. O evento que reuniu a Associa\u00e7\u00e3o do Produtor Rural de S\u00e3o Sebasti\u00e3o da Vargem Alegre, Emater e Administra\u00e7\u00e3o Municipal ficar\u00e1 dispon\u00edvel no Facebook da Prefeitura de Muria\u00e9 para [&hellip;]<\/p>\n","protected":false},"author":6,"featured_media":0,"comment_status":"open","ping_status":"closed","sticky":false,"template":"","format":"standard","meta":{"_joinchat":[],"footnotes":""},"categories":[1],"tags":[],"class_list":["post-75321","post","type-post","status-publish","format-standard","hentry","category-sem-categoria"],"_links":{"self":[{"href":"https:\/\/folhadosudeste.com\/site\/index.php?rest_route=\/wp\/v2\/posts\/75321","targetHints":{"allow":["GET"]}}],"collection":[{"href":"https:\/\/folhadosudeste.com\/site\/index.php?rest_route=\/wp\/v2\/posts"}],"about":[{"href":"https:\/\/folhadosudeste.com\/site\/index.php?rest_route=\/wp\/v2\/types\/post"}],"author":[{"embeddable":true,"href":"https:\/\/folhadosudeste.com\/site\/index.php?rest_route=\/wp\/v2\/users\/6"}],"replies":[{"embeddable":true,"href":"https:\/\/folhadosudeste.com\/site\/index.php?rest_route=%2Fwp%2Fv2%2Fcomments&post=75321"}],"version-history":[{"count":1,"href":"https:\/\/folhadosudeste.com\/site\/index.php?rest_route=\/wp\/v2\/posts\/75321\/revisions"}],"predecessor-version":[{"id":75326,"href":"https:\/\/folhadosudeste.com\/site\/index.php?rest_route=\/wp\/v2\/posts\/75321\/revisions\/75326"}],"wp:attachment":[{"href":"https:\/\/folhadosudeste.com\/site\/index.php?rest_route=%2Fwp%2Fv2%2Fmedia&parent=75321"}],"wp:term":[{"taxonomy":"category","embeddable":true,"href":"https:\/\/folhadosudeste.com\/site\/index.php?rest_route=%2Fwp%2Fv2%2Fcategories&post=75321"},{"taxonomy":"post_tag","embeddable":true,"href":"https:\/\/folhadosudeste.com\/site\/index.php?rest_route=%2Fwp%2Fv2%2Ftags&post=75321"}],"curies":[{"name":"wp","href":"https:\/\/api.w.org\/{rel}","templated":true}]}}