{"id":75333,"date":"2021-07-01T18:23:34","date_gmt":"2021-07-01T18:23:34","guid":{"rendered":"http:\/\/folhadosudeste.com\/site\/?p=75333"},"modified":"2021-07-01T18:23:34","modified_gmt":"2021-07-01T18:23:34","slug":"energisa-registra-alta-de-83-no-consumo-de-energia-em-minas-gerais","status":"publish","type":"post","link":"https:\/\/folhadosudeste.com\/site\/?p=75333","title":{"rendered":"Energisa registra alta de 8,3% no consumo de energia em Minas Gerais"},"content":{"rendered":"<p><a href=\"http:\/\/folhadosudeste.com\/site\/wp-content\/uploads\/2021\/07\/image004.png\"><img loading=\"lazy\" decoding=\"async\" class=\"alignnone size-full wp-image-75334\" src=\"http:\/\/folhadosudeste.com\/site\/wp-content\/uploads\/2021\/07\/image004.png\" alt=\"\" width=\"1179\" height=\"735\" srcset=\"https:\/\/folhadosudeste.com\/site\/wp-content\/uploads\/2021\/07\/image004.png 1179w, https:\/\/folhadosudeste.com\/site\/wp-content\/uploads\/2021\/07\/image004-300x187.png 300w, https:\/\/folhadosudeste.com\/site\/wp-content\/uploads\/2021\/07\/image004-768x479.png 768w, https:\/\/folhadosudeste.com\/site\/wp-content\/uploads\/2021\/07\/image004-1024x638.png 1024w\" sizes=\"auto, (max-width: 1179px) 100vw, 1179px\" \/><\/a><\/p>\n<p style=\"text-align: justify;\"><strong>Energisa orienta clientes sobre consumo consciente durante isolamento social e tempo frio; <\/strong><\/p>\n<p style=\"text-align: justify;\"><strong>Ao entender melhor a composi\u00e7\u00e3o da tarifa, clientes podem acompanhar o consumo e evitar gastos extras.<\/strong><\/p>\n<p style=\"font-weight: 400; text-align: justify;\">A nova esta\u00e7\u00e3o chegou registrando baixas temperaturas em v\u00e1rias cidades da regi\u00e3o Sudeste. E&nbsp;a mudan\u00e7a na rotina com a chegada do inverno pode contribuir para o aumento do consumo de energia com o uso do chuveiro na posi\u00e7\u00e3o Inverno e os aquecedores, que s\u00e3o considerados os vil\u00f5es do consumo neste per\u00edodo.&nbsp;Al\u00e9m de outros h\u00e1bitos corriqueiros como: mais utiliza\u00e7\u00e3o do secador de cabelo, esquecimento de mudar o termostato da geladeira para um n\u00edvel mais baixo, aumenta o uso de roupas para aquecer e consequentemente para lavar e passar.<\/p>\n<p style=\"font-weight: 400; text-align: justify;\">Al\u00e9m de chegada de dias mais frios na maior parte do Brasil, a ANEEL decidiu, em reuni\u00e3o ordin\u00e1ria desta ter\u00e7a-feira (29\/06), reajustar o valor das Bandeiras Tarif\u00e1rias.&nbsp; A bandeira Tarifaria Patamar 2, que estar\u00e1 em vigor no pr\u00f3ximo m\u00eas passa a ter o valor de R$ de R$ 9,492 a cada 100 quilowatts-hora (kWh) consumidos. Nesse momento, se faz ainda mais necess\u00e1rio o uso consciente de energia el\u00e9trica para que a conta chegue dentro do valor planejado pela fam\u00edlia.<\/p>\n<p><!--more--><\/p>\n<p style=\"font-weight: 400; text-align: justify;\">Nos cinco primeiros meses deste ano, a Energisa Minas Gerais j\u00e1 registrou aumento do consumo de energia el\u00e9trica em 8,3% se comparado ao mesmo per\u00edodo do ano anterior. No consumo residencial, registra-se alta de 5,6% no consumo de energia.<\/p>\n<p style=\"font-weight: 400; text-align: justify;\">Uma das formas de consumir energia el\u00e9trica de forma mais eficiente e evitar gastos extras no dia a dia \u00e9 entender a composi\u00e7\u00e3o da conta de energia. De forma simples, \u00e9 poss\u00edvel separar o sistema de energia em tr\u00eas etapas b\u00e1sicas: a gera\u00e7\u00e3o de energia, a transmiss\u00e3o dessa energia para as cidades e, por \u00faltimo, a sua distribui\u00e7\u00e3o que chega no consumidor final, incluindo resid\u00eancias e estabelecimentos comerciais ou industriais. Voc\u00ea pode entender isso de forma f\u00e1cil com o Descomplicador Paulo Vieira,&nbsp;<strong><a href=\"https:\/\/bit.ly\/3dx1cr6\" data-saferedirecturl=\"https:\/\/www.google.com\/url?q=https:\/\/bit.ly\/3dx1cr6&amp;source=gmail&amp;ust=1625249662475000&amp;usg=AFQjCNHkZKMTX_XM6dLGHttaBo2bovzyDQ\">clique aqui<\/a>.<\/strong><\/p>\n<p style=\"font-weight: 400; text-align: justify;\">O valor de cada etapa \u00e9 definido pela Ag\u00eancia Nacional de Energia El\u00e9trica (Aneel) com base em leis e regulamentos federais e cont\u00eam custos que n\u00e3o s\u00e3o de responsabilidade da Energisa, como impostos, encargos setoriais, custos de gera\u00e7\u00e3o e de transmiss\u00e3o de energia. Todas essas transa\u00e7\u00f5es s\u00e3o consideradas na composi\u00e7\u00e3o da tarifa e podem ser acompanhadas direto na conta.<\/p>\n<p style=\"text-align: justify;\"><a href=\"http:\/\/folhadosudeste.com\/site\/wp-content\/uploads\/2021\/07\/image003.jpg\">&nbsp;<img loading=\"lazy\" decoding=\"async\" class=\"alignnone size-full wp-image-75335\" src=\"http:\/\/folhadosudeste.com\/site\/wp-content\/uploads\/2021\/07\/image003.jpg\" alt=\"\" width=\"359\" height=\"198\" srcset=\"https:\/\/folhadosudeste.com\/site\/wp-content\/uploads\/2021\/07\/image003.jpg 359w, https:\/\/folhadosudeste.com\/site\/wp-content\/uploads\/2021\/07\/image003-300x165.jpg 300w\" sizes=\"auto, (max-width: 359px) 100vw, 359px\" \/><\/a><\/p>\n<p style=\"font-weight: 400; text-align: justify;\">\u201cQuando a conta chega ao consumidor em uma fatura \u00fanica muitas vezes ele n\u00e3o percebe que nela j\u00e1 est\u00e3o embutidos outros valores que comp\u00f5em a tarifa. Estes valores s\u00e3o arrecadados pela distribuidora, por meio da conta de energia, e repassados diretamente \u00e0s empresas respons\u00e1veis por cada uma dessas fases do processo produtivo da energia\u201d, explica Eduardo Mantovani, diretor-presidente da Energisa Minas Gerais.<\/p>\n<p style=\"font-weight: 400; text-align: justify;\"><strong>O consumo em detalhes<\/strong><\/p>\n<p style=\"font-weight: 400; text-align: justify;\">A ilustra\u00e7\u00e3o abaixo mostra a divis\u00e3o da fatura de energia el\u00e9trica em cada um dos itens que comp\u00f5em a cadeia do setor el\u00e9trico brasileiro, considerando a receita da concession\u00e1ria acrescida dos impostos e tributos (ICMS, PIS\/COFINS).<\/p>\n<p style=\"font-weight: 400; text-align: justify;\">&nbsp;<\/p>\n<p style=\"text-align: justify;\"><a href=\"http:\/\/folhadosudeste.com\/site\/wp-content\/uploads\/2021\/07\/image004.png\"><img loading=\"lazy\" decoding=\"async\" class=\"alignnone size-full wp-image-75334\" src=\"http:\/\/folhadosudeste.com\/site\/wp-content\/uploads\/2021\/07\/image004.png\" alt=\"\" width=\"1179\" height=\"735\" srcset=\"https:\/\/folhadosudeste.com\/site\/wp-content\/uploads\/2021\/07\/image004.png 1179w, https:\/\/folhadosudeste.com\/site\/wp-content\/uploads\/2021\/07\/image004-300x187.png 300w, https:\/\/folhadosudeste.com\/site\/wp-content\/uploads\/2021\/07\/image004-768x479.png 768w, https:\/\/folhadosudeste.com\/site\/wp-content\/uploads\/2021\/07\/image004-1024x638.png 1024w\" sizes=\"auto, (max-width: 1179px) 100vw, 1179px\" \/><\/a><\/p>\n<p style=\"font-weight: 400; text-align: justify;\">Ou seja, na \u00e1rea de concess\u00e3o da Energisa Minas Gerais, somente&nbsp;<strong>20,3%<\/strong>&nbsp;do valor da conta \u00e9 repassado para a Energisa. Ou seja, de cada R$ 100 pagos na conta de luz, R$ 20,30 ficam com a Energisa. Com esse valor a empresa distribui energia a todos os clientes, paga fornecedores e prestadores de servi\u00e7o, renova e faz a manuten\u00e7\u00e3o da sua frota, mant\u00e9m e amplia a rede e os sistemas el\u00e9tricos, garantindo o atendimento 24 horas e 7 dias por semana, al\u00e9m de investir na moderniza\u00e7\u00e3o e melhoria crescente da qualidade dos servi\u00e7os prestados. Os&nbsp;<strong>79,7%<\/strong>&nbsp;restantes v\u00e3o para outras empresas que operam no sistema que leva a energia at\u00e9 a sua casa (como as geradoras e as transmissoras de energia e para o pagamento de encargos e impostos cobrados pelos governos).<\/p>\n<p style=\"font-weight: 400; text-align: justify;\"><strong>Veja na conta de luz abaixo a composi\u00e7\u00e3o da tarifa e a distribui\u00e7\u00e3o de valores entre parcelas A e B<\/strong><strong>&nbsp;em um conta no valor de R$ 100,00:<\/strong><\/p>\n<p style=\"font-weight: 400; text-align: justify;\"><strong><a href=\"http:\/\/folhadosudeste.com\/site\/wp-content\/uploads\/2021\/07\/image005.png\"><img loading=\"lazy\" decoding=\"async\" class=\"alignnone size-full wp-image-75336\" src=\"http:\/\/folhadosudeste.com\/site\/wp-content\/uploads\/2021\/07\/image005.png\" alt=\"\" width=\"1179\" height=\"1114\" srcset=\"https:\/\/folhadosudeste.com\/site\/wp-content\/uploads\/2021\/07\/image005.png 1179w, https:\/\/folhadosudeste.com\/site\/wp-content\/uploads\/2021\/07\/image005-300x283.png 300w, https:\/\/folhadosudeste.com\/site\/wp-content\/uploads\/2021\/07\/image005-768x726.png 768w, https:\/\/folhadosudeste.com\/site\/wp-content\/uploads\/2021\/07\/image005-1024x968.png 1024w\" sizes=\"auto, (max-width: 1179px) 100vw, 1179px\" \/><\/a><\/strong><\/p>\n<p style=\"text-align: justify;\">Al\u00e9m de disponibilizar dados sobre o consumo mensal e di\u00e1rio, a conta de energia tamb\u00e9m apresenta detalhes que ajudam a entender para onde seu dinheiro est\u00e1 indo. Atrav\u00e9s dessas informa\u00e7\u00f5es \u00e9 poss\u00edvel fazer um comparativo da m\u00e9dia di\u00e1ria da energia consumida em rela\u00e7\u00e3o ao m\u00eas anterior, para verificar se est\u00e1 utilizando mais ou menos energia no dia a dia. Com isso, o consumidor poder\u00e1 reavaliar os h\u00e1bitos di\u00e1rios e, quando necess\u00e1rio, aplicar estrat\u00e9gias de uso consciente para economizar. \u00c9 importante avaliar principalmente a m\u00e9dia di\u00e1ria, pois, o valor total da conta pode variar de acordo com o per\u00edodo de leitura que pode ser entre 27 e 33 dias, informa\u00e7\u00e3o tamb\u00e9m dispon\u00edvel na conta. Para reduzir a conta e n\u00e3o ter surpresas no final do m\u00eas, vale a pena adotar h\u00e1bitos de consumo consciente de energia al\u00e9m de acompanhar m\u00eas a m\u00eas o seu consumo.<\/p>\n<p style=\"text-align: justify;\">Na webs\u00e9rie \u2018O Descomplicador\u2019 o ator e humorista Paulo Vieira ajuda a explicar de forma simples e did\u00e1tica o que \u00e9 cobrado na conta de energia; como uma pizza fatiada, ele divide e detalha cada custo em v\u00eddeo dispon\u00edvel no youtube.<\/p>\n<p style=\"text-align: justify;\"><strong>Consumo consciente&nbsp;<\/strong><\/p>\n<p style=\"text-align: justify;\">Alguns equipamentos como chuveiro, aquecedor, geladeira e ferro de passar favorecem o aumento no consumo de energia. Por\u00e9m, o gasto tamb\u00e9m est\u00e1 atrelado aos h\u00e1bitos individuais e coletivos das pessoas que integram a rotina da unidade consumidora.&nbsp;&nbsp;Para ajud\u00e1-lo na tarefa de usar a energia el\u00e9trica de maneira consciente, a Energisa listou alguns equipamentos e pr\u00e1ticas que potencializam o alto consumo dom\u00e9stico:&nbsp;&nbsp;<\/p>\n<ul style=\"text-align: justify;\">\n<li>O chuveiro \u00e9 respons\u00e1vel por cerca de 25% do consumo de uma resid\u00eancia. Ent\u00e3o, verifique a op\u00e7\u00e3o em que ele se encontra. A op\u00e7\u00e3o \u2018Ver\u00e3o\u2019 consome 30% menos que a \u2018Inverno\u2019.&nbsp;&nbsp;No inverno, a dica \u00e9 tomar banhos mais curtos, de at\u00e9 cinco minutos.<\/li>\n<li>N\u00e3o deixe o aquecedor ligado se o ambiente estiver vazio e n\u00e3o ligue outros aparelhos na mesma tomada, sem consultar a carga instalada.<\/li>\n<li>Nos intervalos, desligue o monitor do computador ou ative o \u2018modo de espera\u2019 do computador ou notebook para poupar energia.<\/li>\n<li>Utilize ilumina\u00e7\u00e3o natural ou l\u00e2mpadas econ\u00f4micas e apague a luz ao sair de um c\u00f4modo; pintar o ambiente com cores claras tamb\u00e9m \u00e9 uma excelente op\u00e7\u00e3o.<\/li>\n<li>S\u00f3 deixe a porta da geladeira aberta o tempo que for necess\u00e1rio e regule a temperatura interna de acordo com o manual de instru\u00e7\u00f5es.<\/li>\n<li>Nunca coloque alimentos quentes dentro da geladeira e deixe espa\u00e7o para ventila\u00e7\u00e3o na parte de tr\u00e1s da geladeira, n\u00e3o utilizando para secar panos.<\/li>\n<li>N\u00e3o forre as prateleiras, descongele a geladeira e verifique as borrachas de veda\u00e7\u00e3o regularmente.<\/li>\n<li>Carregue o celular e o computador, somente quando realmente estiver com pouca carga e tire da tomada quando chegar ao 100%. Depois que terminar, tire tamb\u00e9m o carregador da tomada, para evitar fuga de energia.<\/li>\n<li>Ao utilizar a m\u00e1quina de lavar roupas ou o ferro, acumule pe\u00e7as e fa\u00e7a tudo de uma vez. Assim, o equipamento funcionar\u00e1 com toda a sua capacidade em intervalos maiores, reduzindo o consumo de energia. A dica vale para o ferro de passar roupas.&nbsp;&nbsp;<\/li>\n<li>Tire da tomada os aparelhos em stand-by, que n\u00e3o est\u00e1 sendo usados \u00e9 a melhor op\u00e7\u00e3o para economizar.<\/li>\n<li>Emendas em excesso ou instala\u00e7\u00f5es inadequadas podem gerar sobrecarga e aumentar o consumo, al\u00e9m do perigo. Evite, ainda, usar \u201cbenjamin\u201d, ou T, para ligar v\u00e1rios aparelhos. Esses dispositivos podem gerar sobrecarga e provocar um curto-circuito e at\u00e9 inc\u00eandio.<\/li>\n<li>Ao comprar um equipamento novo, tenha a ci\u00eancia de que haver\u00e1 aumento no consumo da energia de sua casa. Para minimizar esse gasto, adquira produtos com o Selo Procel. A economia ao longo do tempo vale a pena.<\/li>\n<\/ul>\n<p style=\"font-weight: 400; text-align: justify;\">&#8230;<\/p>\n<p style=\"font-weight: 400; text-align: justify;\">&nbsp;<\/p>\n","protected":false},"excerpt":{"rendered":"<p>Energisa orienta clientes sobre consumo consciente durante isolamento social e tempo frio; Ao entender melhor a composi\u00e7\u00e3o da tarifa, clientes podem acompanhar o consumo e evitar gastos extras. A nova esta\u00e7\u00e3o chegou registrando baixas temperaturas em v\u00e1rias cidades da regi\u00e3o Sudeste. E&nbsp;a mudan\u00e7a na rotina com a chegada do inverno pode contribuir para o aumento [&hellip;]<\/p>\n","protected":false},"author":6,"featured_media":0,"comment_status":"open","ping_status":"closed","sticky":false,"template":"","format":"standard","meta":{"_joinchat":[],"footnotes":""},"categories":[1],"tags":[],"class_list":["post-75333","post","type-post","status-publish","format-standard","hentry","category-sem-categoria"],"_links":{"self":[{"href":"https:\/\/folhadosudeste.com\/site\/index.php?rest_route=\/wp\/v2\/posts\/75333","targetHints":{"allow":["GET"]}}],"collection":[{"href":"https:\/\/folhadosudeste.com\/site\/index.php?rest_route=\/wp\/v2\/posts"}],"about":[{"href":"https:\/\/folhadosudeste.com\/site\/index.php?rest_route=\/wp\/v2\/types\/post"}],"author":[{"embeddable":true,"href":"https:\/\/folhadosudeste.com\/site\/index.php?rest_route=\/wp\/v2\/users\/6"}],"replies":[{"embeddable":true,"href":"https:\/\/folhadosudeste.com\/site\/index.php?rest_route=%2Fwp%2Fv2%2Fcomments&post=75333"}],"version-history":[{"count":1,"href":"https:\/\/folhadosudeste.com\/site\/index.php?rest_route=\/wp\/v2\/posts\/75333\/revisions"}],"predecessor-version":[{"id":75337,"href":"https:\/\/folhadosudeste.com\/site\/index.php?rest_route=\/wp\/v2\/posts\/75333\/revisions\/75337"}],"wp:attachment":[{"href":"https:\/\/folhadosudeste.com\/site\/index.php?rest_route=%2Fwp%2Fv2%2Fmedia&parent=75333"}],"wp:term":[{"taxonomy":"category","embeddable":true,"href":"https:\/\/folhadosudeste.com\/site\/index.php?rest_route=%2Fwp%2Fv2%2Fcategories&post=75333"},{"taxonomy":"post_tag","embeddable":true,"href":"https:\/\/folhadosudeste.com\/site\/index.php?rest_route=%2Fwp%2Fv2%2Ftags&post=75333"}],"curies":[{"name":"wp","href":"https:\/\/api.w.org\/{rel}","templated":true}]}}