{"id":75341,"date":"2021-07-01T21:08:17","date_gmt":"2021-07-01T21:08:17","guid":{"rendered":"http:\/\/folhadosudeste.com\/site\/?p=75341"},"modified":"2021-07-01T21:13:25","modified_gmt":"2021-07-01T21:13:25","slug":"a-covid-19-provocou-a-morte-de-mais-uma-pessoa-em-muriae","status":"publish","type":"post","link":"https:\/\/folhadosudeste.com\/site\/?p=75341","title":{"rendered":"A covid-19 provocou a morte de mais uma pessoa em Muria\u00e9"},"content":{"rendered":"<div id=\":ve\" class=\"ii gt\">\n<div id=\":vd\" class=\"a3s aiL \">\n<div>\n<div>\n<div>\n<div style=\"text-align: justify;\"><a href=\"http:\/\/folhadosudeste.com\/site\/wp-content\/uploads\/2021\/07\/01072021.jpeg\"><img loading=\"lazy\" decoding=\"async\" class=\"alignnone size-full wp-image-75342\" src=\"http:\/\/folhadosudeste.com\/site\/wp-content\/uploads\/2021\/07\/01072021.jpeg\" alt=\"\" width=\"1080\" height=\"1080\" srcset=\"https:\/\/folhadosudeste.com\/site\/wp-content\/uploads\/2021\/07\/01072021.jpeg 1080w, https:\/\/folhadosudeste.com\/site\/wp-content\/uploads\/2021\/07\/01072021-150x150.jpeg 150w, https:\/\/folhadosudeste.com\/site\/wp-content\/uploads\/2021\/07\/01072021-300x300.jpeg 300w, https:\/\/folhadosudeste.com\/site\/wp-content\/uploads\/2021\/07\/01072021-768x768.jpeg 768w, https:\/\/folhadosudeste.com\/site\/wp-content\/uploads\/2021\/07\/01072021-1024x1024.jpeg 1024w\" sizes=\"auto, (max-width: 1080px) 100vw, 1080px\" \/><\/a><\/div>\n<div style=\"text-align: justify;\">A covid-19 provocou a morte de mais uma pessoa em Muria\u00e9. A v\u00edtima mais recente da doen\u00e7a foi uma mulher de 58 anos que tamb\u00e9m sofria de obesidade e hipertens\u00e3o. O \u00f3bito ocorreu na \u00faltima ter\u00e7a-feira, dia 29 de junho.<\/div>\n<div style=\"text-align: justify;\">&nbsp;<\/div>\n<div style=\"text-align: justify;\">O boletim desta quinta tamb\u00e9m registrou 50 novas infec\u00e7\u00f5es pelo coronav\u00edrus na cidade. O paciente mais jovem \u00e9 um beb\u00ea de quatro meses, enquanto o mais idoso tem 81 anos.<\/div>\n<div style=\"text-align: justify;\">O percentual de casos registrados de acordo com a faixa et\u00e1ria ficou assim:<\/div>\n<div style=\"text-align: justify;\">00 a 09: 2%<\/div>\n<div style=\"text-align: justify;\">10 a 19: 2%<\/div>\n<div style=\"text-align: justify;\">20 a 29: 18%<\/div>\n<div style=\"text-align: justify;\">30 a 39: 26%<\/div>\n<div style=\"text-align: justify;\">40 a 49: 34%<\/div>\n<div style=\"text-align: justify;\">50 a 59: 10%<\/div>\n<div style=\"text-align: justify;\">60 a 69: 2%<\/div>\n<div style=\"text-align: justify;\">70 a 79: 4%<\/div>\n<div style=\"text-align: justify;\">80 a 89: 2%<\/div>\n<div style=\"text-align: justify;\">&nbsp;<\/div>\n<div style=\"text-align: justify;\">Veja os n\u00fameros completos de hoje (01\/07\/2021):<\/div>\n<div style=\"text-align: justify;\">&nbsp;<\/div>\n<div style=\"text-align: justify;\">VACINA\u00c7\u00c3O<\/div>\n<div style=\"text-align: justify;\">Vacinados com uma dose: 47.054 (43,01% da popula\u00e7\u00e3o total \/ 65,86% do p\u00fablico-alvo)<\/div>\n<div style=\"text-align: justify;\">Vacinados com duas doses: 17.013 (15,55% da popula\u00e7\u00e3o total \/ 23,81% do p\u00fablico-alvo)<\/div>\n<div style=\"text-align: justify;\">&nbsp;<\/div>\n<div style=\"text-align: justify;\">PACIENTES<\/div>\n<div style=\"text-align: justify;\">Total de casos confirmados: 10.462 (+50)<\/div>\n<div style=\"text-align: justify;\">Pacientes ativos: 276<\/div>\n<div style=\"text-align: justify;\">Pacientes curados: 9.914<\/div>\n<div style=\"text-align: justify;\">\u00d3bitos: 272 (+1)<\/div>\n<div style=\"text-align: justify;\">Investigados \/ Monitorados: 56<\/div>\n<div style=\"text-align: justify;\">Negativos: 11.301<\/div>\n<\/div>\n<\/div>\n<\/div>\n<\/div>\n<div class=\"yj6qo\" style=\"text-align: justify;\"><a href=\"http:\/\/folhadosudeste.com\/site\/wp-content\/uploads\/2021\/07\/grafico-01072021.png\"><img loading=\"lazy\" decoding=\"async\" class=\"alignnone size-full wp-image-75343\" src=\"http:\/\/folhadosudeste.com\/site\/wp-content\/uploads\/2021\/07\/grafico-01072021.png\" alt=\"\" width=\"1021\" height=\"623\" srcset=\"https:\/\/folhadosudeste.com\/site\/wp-content\/uploads\/2021\/07\/grafico-01072021.png 1021w, https:\/\/folhadosudeste.com\/site\/wp-content\/uploads\/2021\/07\/grafico-01072021-300x183.png 300w, https:\/\/folhadosudeste.com\/site\/wp-content\/uploads\/2021\/07\/grafico-01072021-768x469.png 768w\" sizes=\"auto, (max-width: 1021px) 100vw, 1021px\" \/><\/a><\/div>\n<\/div>\n<p style=\"text-align: justify;\">&nbsp;<\/p>\n","protected":false},"excerpt":{"rendered":"<p>A covid-19 provocou a morte de mais uma pessoa em Muria\u00e9. A v\u00edtima mais recente da doen\u00e7a foi uma mulher de 58 anos que tamb\u00e9m sofria de obesidade e hipertens\u00e3o. O \u00f3bito ocorreu na \u00faltima ter\u00e7a-feira, dia 29 de junho. &nbsp; O boletim desta quinta tamb\u00e9m registrou 50 novas infec\u00e7\u00f5es pelo coronav\u00edrus na cidade. O [&hellip;]<\/p>\n","protected":false},"author":6,"featured_media":0,"comment_status":"open","ping_status":"closed","sticky":false,"template":"","format":"standard","meta":{"_joinchat":[],"footnotes":""},"categories":[1],"tags":[],"class_list":["post-75341","post","type-post","status-publish","format-standard","hentry","category-sem-categoria"],"_links":{"self":[{"href":"https:\/\/folhadosudeste.com\/site\/index.php?rest_route=\/wp\/v2\/posts\/75341","targetHints":{"allow":["GET"]}}],"collection":[{"href":"https:\/\/folhadosudeste.com\/site\/index.php?rest_route=\/wp\/v2\/posts"}],"about":[{"href":"https:\/\/folhadosudeste.com\/site\/index.php?rest_route=\/wp\/v2\/types\/post"}],"author":[{"embeddable":true,"href":"https:\/\/folhadosudeste.com\/site\/index.php?rest_route=\/wp\/v2\/users\/6"}],"replies":[{"embeddable":true,"href":"https:\/\/folhadosudeste.com\/site\/index.php?rest_route=%2Fwp%2Fv2%2Fcomments&post=75341"}],"version-history":[{"count":3,"href":"https:\/\/folhadosudeste.com\/site\/index.php?rest_route=\/wp\/v2\/posts\/75341\/revisions"}],"predecessor-version":[{"id":75346,"href":"https:\/\/folhadosudeste.com\/site\/index.php?rest_route=\/wp\/v2\/posts\/75341\/revisions\/75346"}],"wp:attachment":[{"href":"https:\/\/folhadosudeste.com\/site\/index.php?rest_route=%2Fwp%2Fv2%2Fmedia&parent=75341"}],"wp:term":[{"taxonomy":"category","embeddable":true,"href":"https:\/\/folhadosudeste.com\/site\/index.php?rest_route=%2Fwp%2Fv2%2Fcategories&post=75341"},{"taxonomy":"post_tag","embeddable":true,"href":"https:\/\/folhadosudeste.com\/site\/index.php?rest_route=%2Fwp%2Fv2%2Ftags&post=75341"}],"curies":[{"name":"wp","href":"https:\/\/api.w.org\/{rel}","templated":true}]}}