{"id":75393,"date":"2021-07-02T11:40:06","date_gmt":"2021-07-02T11:40:06","guid":{"rendered":"http:\/\/folhadosudeste.com\/site\/?p=75393"},"modified":"2021-07-02T11:41:45","modified_gmt":"2021-07-02T11:41:45","slug":"aviso-de-pauta-convite-imprensa-energisa-faz-doacao-de-equipamentos-pelo-unidos-pela-vacina","status":"publish","type":"post","link":"https:\/\/folhadosudeste.com\/site\/?p=75393","title":{"rendered":"Energisa faz doa\u00e7\u00e3o de equipamentos pelo Unidos pela Vacina"},"content":{"rendered":"<p><a href=\"http:\/\/folhadosudeste.com\/site\/wp-content\/uploads\/2021\/07\/WhatsApp-Image-2021-07-02-at-08.32.18.jpeg\"><img loading=\"lazy\" decoding=\"async\" class=\"alignnone size-full wp-image-75394\" src=\"http:\/\/folhadosudeste.com\/site\/wp-content\/uploads\/2021\/07\/WhatsApp-Image-2021-07-02-at-08.32.18.jpeg\" alt=\"\" width=\"686\" height=\"447\" srcset=\"https:\/\/folhadosudeste.com\/site\/wp-content\/uploads\/2021\/07\/WhatsApp-Image-2021-07-02-at-08.32.18.jpeg 686w, https:\/\/folhadosudeste.com\/site\/wp-content\/uploads\/2021\/07\/WhatsApp-Image-2021-07-02-at-08.32.18-300x195.jpeg 300w\" sizes=\"auto, (max-width: 686px) 100vw, 686px\" \/><\/a><\/p>\n<p style=\"font-weight: 400;\">Mais uma a\u00e7\u00e3o da Energisa no combate \u00e0 pandemia da Covid-19 ter\u00e1 in\u00edcio&nbsp;hoje,&nbsp;sexta-feira, 02 de julho, com cerim\u00f4nia virtual para entrega dos equipamentos de conserva\u00e7\u00e3o de&nbsp;vacinas&nbsp;a&nbsp;31 munic\u00edpios da \u00e1rea de concess\u00e3o da Energisa em Minas Gerais como parte das doa\u00e7\u00f5es do movimento Unidos pela Vacina. O encontro ser\u00e1 conduzido pelo diretor-presidente da Energisa Minas Gerais, Eduardo Mantovani, pelo diretor-T\u00e9cnico Fabio Lancelotti e gestores da empresa&nbsp;junto&nbsp;aos prefeitos municipais, secret\u00e1rios e outros representantes das prefeituras municipais.<\/p>\n<p style=\"font-weight: 400;\">Ao todo, a Energisa Minas Gerais vai doar 21 geladeiras, nove freezers e 17 c\u00e2maras frias para as secretarias municipais de Sa\u00fade para conserva\u00e7\u00e3o local de vacinas contra a Covid-19. Os equipamentos ser\u00e3o distribu\u00eddos a partir da pr\u00f3xima segunda-feira, 05 de julho, para 31 munic\u00edpios da \u00e1rea de concess\u00e3o da Energisa em Minas Gerais e fazem parte das doa\u00e7\u00f5es do movimento Unidos pela Vacina.<\/p>\n","protected":false},"excerpt":{"rendered":"<p>Mais uma a\u00e7\u00e3o da Energisa no combate \u00e0 pandemia da Covid-19 ter\u00e1 in\u00edcio&nbsp;hoje,&nbsp;sexta-feira, 02 de julho, com cerim\u00f4nia virtual para entrega dos equipamentos de conserva\u00e7\u00e3o de&nbsp;vacinas&nbsp;a&nbsp;31 munic\u00edpios da \u00e1rea de concess\u00e3o da Energisa em Minas Gerais como parte das doa\u00e7\u00f5es do movimento Unidos pela Vacina. O encontro ser\u00e1 conduzido pelo diretor-presidente da Energisa Minas Gerais, [&hellip;]<\/p>\n","protected":false},"author":6,"featured_media":0,"comment_status":"open","ping_status":"closed","sticky":false,"template":"","format":"standard","meta":{"_joinchat":[],"footnotes":""},"categories":[1],"tags":[],"class_list":["post-75393","post","type-post","status-publish","format-standard","hentry","category-sem-categoria"],"_links":{"self":[{"href":"https:\/\/folhadosudeste.com\/site\/index.php?rest_route=\/wp\/v2\/posts\/75393","targetHints":{"allow":["GET"]}}],"collection":[{"href":"https:\/\/folhadosudeste.com\/site\/index.php?rest_route=\/wp\/v2\/posts"}],"about":[{"href":"https:\/\/folhadosudeste.com\/site\/index.php?rest_route=\/wp\/v2\/types\/post"}],"author":[{"embeddable":true,"href":"https:\/\/folhadosudeste.com\/site\/index.php?rest_route=\/wp\/v2\/users\/6"}],"replies":[{"embeddable":true,"href":"https:\/\/folhadosudeste.com\/site\/index.php?rest_route=%2Fwp%2Fv2%2Fcomments&post=75393"}],"version-history":[{"count":3,"href":"https:\/\/folhadosudeste.com\/site\/index.php?rest_route=\/wp\/v2\/posts\/75393\/revisions"}],"predecessor-version":[{"id":75397,"href":"https:\/\/folhadosudeste.com\/site\/index.php?rest_route=\/wp\/v2\/posts\/75393\/revisions\/75397"}],"wp:attachment":[{"href":"https:\/\/folhadosudeste.com\/site\/index.php?rest_route=%2Fwp%2Fv2%2Fmedia&parent=75393"}],"wp:term":[{"taxonomy":"category","embeddable":true,"href":"https:\/\/folhadosudeste.com\/site\/index.php?rest_route=%2Fwp%2Fv2%2Fcategories&post=75393"},{"taxonomy":"post_tag","embeddable":true,"href":"https:\/\/folhadosudeste.com\/site\/index.php?rest_route=%2Fwp%2Fv2%2Ftags&post=75393"}],"curies":[{"name":"wp","href":"https:\/\/api.w.org\/{rel}","templated":true}]}}