{"id":75398,"date":"2021-07-02T14:25:20","date_gmt":"2021-07-02T14:25:20","guid":{"rendered":"http:\/\/folhadosudeste.com\/site\/?p=75398"},"modified":"2021-07-02T14:25:20","modified_gmt":"2021-07-02T14:25:20","slug":"obras-de-drenagem-no-safira-na-reta-final","status":"publish","type":"post","link":"https:\/\/folhadosudeste.com\/site\/?p=75398","title":{"rendered":"Obras de drenagem no Safira na reta final"},"content":{"rendered":"<div><a href=\"http:\/\/folhadosudeste.com\/site\/wp-content\/uploads\/2021\/07\/safira02.jpeg\"><img loading=\"lazy\" decoding=\"async\" class=\"alignnone size-full wp-image-75400\" src=\"http:\/\/folhadosudeste.com\/site\/wp-content\/uploads\/2021\/07\/safira02.jpeg\" alt=\"\" width=\"1280\" height=\"958\" srcset=\"https:\/\/folhadosudeste.com\/site\/wp-content\/uploads\/2021\/07\/safira02.jpeg 1280w, https:\/\/folhadosudeste.com\/site\/wp-content\/uploads\/2021\/07\/safira02-300x225.jpeg 300w, https:\/\/folhadosudeste.com\/site\/wp-content\/uploads\/2021\/07\/safira02-768x575.jpeg 768w, https:\/\/folhadosudeste.com\/site\/wp-content\/uploads\/2021\/07\/safira02-1024x766.jpeg 1024w\" sizes=\"auto, (max-width: 1280px) 100vw, 1280px\" \/><\/a><\/div>\n<div style=\"text-align: justify;\">A secretaria municipal de Obras P\u00fablicas est\u00e1 concluindo o servi\u00e7o na rede de drenagem pluvial da avenida Silv\u00e9rio Campos, bairro Safira.&nbsp;<\/div>\n<div style=\"text-align: justify;\">&nbsp;<\/div>\n<div style=\"text-align: justify;\">Dilig\u00eancia feita no local pela equipe do Trabalho T\u00e9cnico Socioambiental apontou que a empresa que realiza o servi\u00e7o j\u00e1 est\u00e1 preparando o solo para receber a pavimenta\u00e7\u00e3o asf\u00e1ltica, que deve estar conclu\u00edda nos pr\u00f3ximos dias liberando para a circula\u00e7\u00e3o de ve\u00edculos.<\/div>\n<div>&nbsp;<\/div>\n<p><!--more--><\/p>\n<div style=\"text-align: justify;\">&nbsp;<\/div>\n<div style=\"text-align: justify;\">J\u00e1 no dia 5 de julho, o objetivo \u00e9 iniciar o pr\u00f3ximo trecho da interven\u00e7\u00e3o &#8211; agora na Rua Jos\u00e9 Freitas Lima, que tem como refer\u00eancia a sede da 4\u00aa Delegacia Regional de Pol\u00edcia Civil e o 47\u00aa Batalh\u00e3o da Pol\u00edcia Militar.<\/div>\n<div style=\"text-align: justify;\">&nbsp;<\/div>\n<div style=\"text-align: justify;\">Toda a sinaliza\u00e7\u00e3o necess\u00e1ria ser\u00e1 feita para orientar o tr\u00e1fego de ve\u00edculos e permitir maior seguran\u00e7a aos usu\u00e1rios e moradores nas imedia\u00e7\u00f5es.<\/div>\n<div>&nbsp;<\/div>\n<div><a href=\"http:\/\/folhadosudeste.com\/site\/wp-content\/uploads\/2021\/07\/safira01.jpeg\"><img loading=\"lazy\" decoding=\"async\" class=\"alignnone size-full wp-image-75401\" src=\"http:\/\/folhadosudeste.com\/site\/wp-content\/uploads\/2021\/07\/safira01.jpeg\" alt=\"\" width=\"1280\" height=\"958\" srcset=\"https:\/\/folhadosudeste.com\/site\/wp-content\/uploads\/2021\/07\/safira01.jpeg 1280w, https:\/\/folhadosudeste.com\/site\/wp-content\/uploads\/2021\/07\/safira01-300x225.jpeg 300w, https:\/\/folhadosudeste.com\/site\/wp-content\/uploads\/2021\/07\/safira01-768x575.jpeg 768w, https:\/\/folhadosudeste.com\/site\/wp-content\/uploads\/2021\/07\/safira01-1024x766.jpeg 1024w\" sizes=\"auto, (max-width: 1280px) 100vw, 1280px\" \/><\/a><a href=\"http:\/\/folhadosudeste.com\/site\/wp-content\/uploads\/2021\/07\/safira03.jpeg\"><img loading=\"lazy\" decoding=\"async\" class=\"alignnone size-full wp-image-75399\" src=\"http:\/\/folhadosudeste.com\/site\/wp-content\/uploads\/2021\/07\/safira03.jpeg\" alt=\"\" width=\"1280\" height=\"958\" srcset=\"https:\/\/folhadosudeste.com\/site\/wp-content\/uploads\/2021\/07\/safira03.jpeg 1280w, https:\/\/folhadosudeste.com\/site\/wp-content\/uploads\/2021\/07\/safira03-300x225.jpeg 300w, https:\/\/folhadosudeste.com\/site\/wp-content\/uploads\/2021\/07\/safira03-768x575.jpeg 768w, https:\/\/folhadosudeste.com\/site\/wp-content\/uploads\/2021\/07\/safira03-1024x766.jpeg 1024w\" sizes=\"auto, (max-width: 1280px) 100vw, 1280px\" \/><\/a><\/div>\n","protected":false},"excerpt":{"rendered":"<p>A secretaria municipal de Obras P\u00fablicas est\u00e1 concluindo o servi\u00e7o na rede de drenagem pluvial da avenida Silv\u00e9rio Campos, bairro Safira.&nbsp; &nbsp; Dilig\u00eancia feita no local pela equipe do Trabalho T\u00e9cnico Socioambiental apontou que a empresa que realiza o servi\u00e7o j\u00e1 est\u00e1 preparando o solo para receber a pavimenta\u00e7\u00e3o asf\u00e1ltica, que deve estar conclu\u00edda nos [&hellip;]<\/p>\n","protected":false},"author":6,"featured_media":0,"comment_status":"open","ping_status":"closed","sticky":false,"template":"","format":"standard","meta":{"_joinchat":[],"footnotes":""},"categories":[1],"tags":[],"class_list":["post-75398","post","type-post","status-publish","format-standard","hentry","category-sem-categoria"],"_links":{"self":[{"href":"https:\/\/folhadosudeste.com\/site\/index.php?rest_route=\/wp\/v2\/posts\/75398","targetHints":{"allow":["GET"]}}],"collection":[{"href":"https:\/\/folhadosudeste.com\/site\/index.php?rest_route=\/wp\/v2\/posts"}],"about":[{"href":"https:\/\/folhadosudeste.com\/site\/index.php?rest_route=\/wp\/v2\/types\/post"}],"author":[{"embeddable":true,"href":"https:\/\/folhadosudeste.com\/site\/index.php?rest_route=\/wp\/v2\/users\/6"}],"replies":[{"embeddable":true,"href":"https:\/\/folhadosudeste.com\/site\/index.php?rest_route=%2Fwp%2Fv2%2Fcomments&post=75398"}],"version-history":[{"count":1,"href":"https:\/\/folhadosudeste.com\/site\/index.php?rest_route=\/wp\/v2\/posts\/75398\/revisions"}],"predecessor-version":[{"id":75402,"href":"https:\/\/folhadosudeste.com\/site\/index.php?rest_route=\/wp\/v2\/posts\/75398\/revisions\/75402"}],"wp:attachment":[{"href":"https:\/\/folhadosudeste.com\/site\/index.php?rest_route=%2Fwp%2Fv2%2Fmedia&parent=75398"}],"wp:term":[{"taxonomy":"category","embeddable":true,"href":"https:\/\/folhadosudeste.com\/site\/index.php?rest_route=%2Fwp%2Fv2%2Fcategories&post=75398"},{"taxonomy":"post_tag","embeddable":true,"href":"https:\/\/folhadosudeste.com\/site\/index.php?rest_route=%2Fwp%2Fv2%2Ftags&post=75398"}],"curies":[{"name":"wp","href":"https:\/\/api.w.org\/{rel}","templated":true}]}}