{"id":75425,"date":"2021-07-02T16:36:03","date_gmt":"2021-07-02T16:36:03","guid":{"rendered":"http:\/\/folhadosudeste.com\/site\/?p=75425"},"modified":"2021-07-02T16:37:21","modified_gmt":"2021-07-02T16:37:21","slug":"centro-universitario-faminas-e-cdl-muriae-firmam-convenio-para-expandir-acesso-a-educacao-superior","status":"publish","type":"post","link":"https:\/\/folhadosudeste.com\/site\/?p=75425","title":{"rendered":"Centro Universit\u00e1rio FAMINAS e CDL Muria\u00e9 firmam conv\u00eanio para expandir acesso \u00e0 educa\u00e7\u00e3o superior"},"content":{"rendered":"<div>\n<div style=\"text-align: justify;\"><a href=\"http:\/\/folhadosudeste.com\/site\/wp-content\/uploads\/2021\/07\/1625241236804.jpg\"><img loading=\"lazy\" decoding=\"async\" class=\"alignnone size-full wp-image-75426\" src=\"http:\/\/folhadosudeste.com\/site\/wp-content\/uploads\/2021\/07\/1625241236804.jpg\" alt=\"\" width=\"2048\" height=\"1169\" srcset=\"https:\/\/folhadosudeste.com\/site\/wp-content\/uploads\/2021\/07\/1625241236804.jpg 2048w, https:\/\/folhadosudeste.com\/site\/wp-content\/uploads\/2021\/07\/1625241236804-300x171.jpg 300w, https:\/\/folhadosudeste.com\/site\/wp-content\/uploads\/2021\/07\/1625241236804-768x438.jpg 768w, https:\/\/folhadosudeste.com\/site\/wp-content\/uploads\/2021\/07\/1625241236804-1024x585.jpg 1024w\" sizes=\"auto, (max-width: 2048px) 100vw, 2048px\" \/><\/a><\/div>\n<div style=\"text-align: justify;\">Um conv\u00eanio entre o Centro Universit\u00e1rio FAMINAS e a C\u00e2mara de Dirigentes Lojistas (CDL) de Muria\u00e9 foi assinado, na manh\u00e3 desta sexta-feira (2\/7), com o objetivo ampliar o acesso \u00e0 educa\u00e7\u00e3o superior \u00e0 popula\u00e7\u00e3o que integra o setor do com\u00e9rcio na cidade. A cerim\u00f4nia, realizada na institui\u00e7\u00e3o de ensino, contou com a presen\u00e7a do Pr\u00f3-Reitor de Administra\u00e7\u00e3o da FAMINAS, Eduardo Goulart Gomes, e do presidente da CDL Muria\u00e9, Henrique Louren\u00e7o.<\/div>\n<div style=\"text-align: justify;\">&nbsp;<\/div>\n<div style=\"text-align: justify;\">A partir de agora, associados \u00e0 CDL e seus colaboradores, bem como c\u00f4njuges e dependentes, ter\u00e3o condi\u00e7\u00f5es diferenciadas para cursarem as gradua\u00e7\u00f5es da FAMINAS, em Muria\u00e9. \u201cUma grande oportunidade para que mais e mais pessoas possam cursar o ensino superior, em uma institui\u00e7\u00e3o que oferece mais de 15 gradua\u00e7\u00f5es, fortalecendo a vida profissional por meio de uma forma\u00e7\u00e3o de excel\u00eancia\u201d, afirmou o Pr\u00f3-Reitor de Administra\u00e7\u00e3o. &nbsp;<\/div>\n<div style=\"text-align: justify;\">&nbsp;<\/div>\n<div style=\"text-align: justify;\">Ap\u00f3s a assinatura do conv\u00eanio, o presidente da CDL e sua equipe participaram de uma visita guiada pelas depend\u00eancias do campus universit\u00e1rio, que possui a melhor infraestrutura da regi\u00e3o, conhecendo os laborat\u00f3rios em m\u00faltiplos campos do conhecimento e toda a infraestrutura contempor\u00e2nea, inovadora e tecnol\u00f3gica que a institui\u00e7\u00e3o re\u00fane. \u201c\u00c9 tempo de garantir qualifica\u00e7\u00e3o profissional e vemos como a FAMINAS \u00e9 refer\u00eancia, quando o assunto \u00e9 ensino superior\u201d, finalizou Henrique Louren\u00e7o.<\/div>\n<div style=\"text-align: justify;\">&nbsp;<\/div>\n<p>A parceria entre as duas institui\u00e7\u00f5es abre caminho para uma s\u00e9rie de mudan\u00e7as positivas, possibilitando mais acesso \u00e0 educa\u00e7\u00e3o e mais vidas transformadas, o que vai impactar diretamente na constru\u00e7\u00e3o de uma sociedade mais consciente, justa, humana e \u00e9tica.<\/p>\n<\/div>\n<p style=\"text-align: justify;\"><a href=\"http:\/\/folhadosudeste.com\/site\/wp-content\/uploads\/2021\/07\/Centro-Universit\u00e1rio-FAMINAS-e-CDL-Muria\u00e9-firmam-conv\u00eanio-para-expandir-acesso-\u00e0-educa\u00e7\u00e3o-superior-2.jpg\"><img loading=\"lazy\" decoding=\"async\" class=\"alignnone size-full wp-image-75427\" src=\"http:\/\/folhadosudeste.com\/site\/wp-content\/uploads\/2021\/07\/Centro-Universit\u00e1rio-FAMINAS-e-CDL-Muria\u00e9-firmam-conv\u00eanio-para-expandir-acesso-\u00e0-educa\u00e7\u00e3o-superior-2.jpg\" alt=\"\" width=\"2048\" height=\"1191\" srcset=\"https:\/\/folhadosudeste.com\/site\/wp-content\/uploads\/2021\/07\/Centro-Universit\u00e1rio-FAMINAS-e-CDL-Muria\u00e9-firmam-conv\u00eanio-para-expandir-acesso-\u00e0-educa\u00e7\u00e3o-superior-2.jpg 2048w, https:\/\/folhadosudeste.com\/site\/wp-content\/uploads\/2021\/07\/Centro-Universit\u00e1rio-FAMINAS-e-CDL-Muria\u00e9-firmam-conv\u00eanio-para-expandir-acesso-\u00e0-educa\u00e7\u00e3o-superior-2-300x174.jpg 300w, https:\/\/folhadosudeste.com\/site\/wp-content\/uploads\/2021\/07\/Centro-Universit\u00e1rio-FAMINAS-e-CDL-Muria\u00e9-firmam-conv\u00eanio-para-expandir-acesso-\u00e0-educa\u00e7\u00e3o-superior-2-768x447.jpg 768w, https:\/\/folhadosudeste.com\/site\/wp-content\/uploads\/2021\/07\/Centro-Universit\u00e1rio-FAMINAS-e-CDL-Muria\u00e9-firmam-conv\u00eanio-para-expandir-acesso-\u00e0-educa\u00e7\u00e3o-superior-2-1024x595.jpg 1024w\" sizes=\"auto, (max-width: 2048px) 100vw, 2048px\" \/><\/a><\/p>\n","protected":false},"excerpt":{"rendered":"<p>Um conv\u00eanio entre o Centro Universit\u00e1rio FAMINAS e a C\u00e2mara de Dirigentes Lojistas (CDL) de Muria\u00e9 foi assinado, na manh\u00e3 desta sexta-feira (2\/7), com o objetivo ampliar o acesso \u00e0 educa\u00e7\u00e3o superior \u00e0 popula\u00e7\u00e3o que integra o setor do com\u00e9rcio na cidade. A cerim\u00f4nia, realizada na institui\u00e7\u00e3o de ensino, contou com a presen\u00e7a do Pr\u00f3-Reitor [&hellip;]<\/p>\n","protected":false},"author":6,"featured_media":0,"comment_status":"open","ping_status":"closed","sticky":false,"template":"","format":"standard","meta":{"_joinchat":[],"footnotes":""},"categories":[1],"tags":[],"class_list":["post-75425","post","type-post","status-publish","format-standard","hentry","category-sem-categoria"],"_links":{"self":[{"href":"https:\/\/folhadosudeste.com\/site\/index.php?rest_route=\/wp\/v2\/posts\/75425","targetHints":{"allow":["GET"]}}],"collection":[{"href":"https:\/\/folhadosudeste.com\/site\/index.php?rest_route=\/wp\/v2\/posts"}],"about":[{"href":"https:\/\/folhadosudeste.com\/site\/index.php?rest_route=\/wp\/v2\/types\/post"}],"author":[{"embeddable":true,"href":"https:\/\/folhadosudeste.com\/site\/index.php?rest_route=\/wp\/v2\/users\/6"}],"replies":[{"embeddable":true,"href":"https:\/\/folhadosudeste.com\/site\/index.php?rest_route=%2Fwp%2Fv2%2Fcomments&post=75425"}],"version-history":[{"count":3,"href":"https:\/\/folhadosudeste.com\/site\/index.php?rest_route=\/wp\/v2\/posts\/75425\/revisions"}],"predecessor-version":[{"id":75430,"href":"https:\/\/folhadosudeste.com\/site\/index.php?rest_route=\/wp\/v2\/posts\/75425\/revisions\/75430"}],"wp:attachment":[{"href":"https:\/\/folhadosudeste.com\/site\/index.php?rest_route=%2Fwp%2Fv2%2Fmedia&parent=75425"}],"wp:term":[{"taxonomy":"category","embeddable":true,"href":"https:\/\/folhadosudeste.com\/site\/index.php?rest_route=%2Fwp%2Fv2%2Fcategories&post=75425"},{"taxonomy":"post_tag","embeddable":true,"href":"https:\/\/folhadosudeste.com\/site\/index.php?rest_route=%2Fwp%2Fv2%2Ftags&post=75425"}],"curies":[{"name":"wp","href":"https:\/\/api.w.org\/{rel}","templated":true}]}}